{"id":306546,"date":"2022-02-15T00:00:00","date_gmt":"2022-02-15T03:00:00","guid":{"rendered":"https:\/\/investnews.com.br\/?p=306546"},"modified":"2022-02-16T17:42:55","modified_gmt":"2022-02-16T20:42:55","slug":"brasileiro-prioriza-casa-propria-acima-de-religiao-e-familia-diz-estudo","status":"publish","type":"post","link":"https:\/\/investnews.com.br\/economia\/brasileiro-prioriza-casa-propria-acima-de-religiao-e-familia-diz-estudo\/","title":{"rendered":"Brasileiro prioriza casa pr\u00f3pria acima de religi\u00e3o e fam\u00edlia, diz estudo"},"content":{"rendered":"\n<p>Um levantamento do Censo QuintoAndar de Moradia em parceria com o Datafolha, divulgado nesta ter\u00e7a-feira (15), apontou que cerca de <strong>87% dos brasileiros ainda possuem o sonho da casa pr\u00f3pria<\/strong>. Al\u00e9m disso, a maior parte dos entrevistados tamb\u00e9m apontou que adquirir esse patrim\u00f4nio \u00e9 algo at\u00e9 <strong>mais importante que religi\u00e3o, filhos e casamento.<\/strong> O estudo foi antecipado ao <em>InvestNews<\/em>.<\/p>\n\n\n\n<p>Segundo a pesquisa, em uma escala de 0 a 10, a nota m\u00e9dia dada para a import\u00e2ncia da casa pr\u00f3pria ficou em 9.7, a mesma de profiss\u00e3o. Na sequ\u00eancia, vieram a estabilidade financeira, que registrou uma nota m\u00e9dia de 9.6; fam\u00edlia, com 9.4; plano de sa\u00fade, em 9.2; religi\u00e3o, com nota 9; neg\u00f3cio pr\u00f3prio, em 8.8; carro, com 8.5; filhos, em 7.9; e, por \u00faltimo, casar, com apenas 6.9.&nbsp;<\/p>\n\n\n\n<p>Em entrevista ao <em>InvestNews<\/em>, Thiago Reis, gerente de comunica\u00e7\u00e3o de dados do QuintoAndar, comentou que os resultados da pesquisa surpreenderam bastante, principalmente pelo fato de que n\u00e3o era esperado o tamanho da &#8220;import\u00e2ncia que o brasileiro d\u00e1 para a casa pr\u00f3pria, independentemente de faixa de renda, de regi\u00e3o e de configura\u00e7\u00e3o familiar&#8221;.<\/p>\n\n\n\n<p>Ele tamb\u00e9m explicou que o resultado do estudo pode contribuir com todo o ecossistema imobili\u00e1rio e pode melhorar a oferta dos servi\u00e7os. Segundo ele, \u00e9 poss\u00edvel que a pesquisa seja refeita com ajustes no futuro.&nbsp;<\/p>\n\n\n\n<ul class=\"wp-block-list\"><li><strong>Comprar ou alugar im\u00f3vel? Veja como avaliar <a href=\"https:\/\/investnews.com.br\/financas\/comprar-ou-alugar-imovel\/\" class=\"rank-math-link\">qual op\u00e7\u00e3o vale mais a pena<\/a><\/strong><\/li><\/ul>\n\n\n\n<h2 class=\"wp-block-heading\"><strong>Quem mais sonha com a casa pr\u00f3pria?<\/strong><\/h2>\n\n\n\n<p>A pesquisa revelou que o desejo da casa pr\u00f3pria \u00e9 ainda mais expressivo entre os jovens de 21 a 24 anos, sendo que 91% dos entrevistados desta faixa et\u00e1ria revelaram ter o desejo de adquirir um im\u00f3vel. Entre os entrevistados de 25 a 34 anos, este percentual \u00e9 de 90%; com entrevistados de 35 a 44 anos, 88%; dos 45 a 59 anos \u00e9 de 86%, e no p\u00fablico com 60 anos ou mais, de 81%.&nbsp;<\/p>\n\n\n\n<p>Em vista disso, a pesquisa concluiu que, conforme a idade e a renda (idealmente) aumentam, o sonho da casa pr\u00f3pria diminui. <\/p>\n\n\n\n<p>&#8220;Temos muito essa ideia de que as gera\u00e7\u00f5es mais velhas t\u00eam esse apego a ter um im\u00f3vel pr\u00f3prio, que as gera\u00e7\u00f5es mais novas, principalmente os mais jovens, s\u00e3o mais descolados e est\u00e3o muito bem de aluguel&#8230; e a gente v\u00ea que isso n\u00e3o \u00e9 muito a realidade do que mostrou a pesquisa&#8221;, pontuou o gerente.&nbsp;<\/p>\n\n\n\n<p>Reis ainda acrescentou que &#8220;isso acende um alerta de que tem muita gente querendo im\u00f3vel e n\u00e3o s\u00f3 as pessoas mais velhas&#8221;. Portanto, pode-se dizer que o ecossistema imobili\u00e1rio tendo conhecimento do seu p\u00fablico poder\u00e1 ter mais chance de ser assertivo nas estrat\u00e9gias de neg\u00f3cio.&nbsp;<\/p>\n\n\n\n<p>Al\u00e9m disso, o levantamento tamb\u00e9m apontou uma discrep\u00e2ncia entre classes sociais. Dentre os entrevistados da classe A, 70% t\u00eam interesse na aquisi\u00e7\u00e3o de um im\u00f3vel, enquanto que nas classes B,C e DE, estas porcentagens s\u00e3o maiores, de 80%, 88% e 92%, respectivamente. <\/p>\n\n\n\n<h2 class=\"wp-block-heading\"><strong>Qual \u00e9 o perfil de quem j\u00e1 possui im\u00f3vel pr\u00f3prio?<\/strong><\/h2>\n\n\n\n<p>Conforme aponta o Censo QuintoAndar de Moradia, 70% dos entrevistados t\u00eam uma propriedade, sendo que 62% t\u00eam o im\u00f3vel quitado e 8%, financiado. <\/p>\n\n\n\n<p>A pesquisa foi realizada com 3.186 brasileiros entre todas as regi\u00f5es do pa\u00eds, sendo 24% deles de classe AB, 49% C e 27% DE. Al\u00e9m disso, a faixa et\u00e1ria dos respondentes foi de a partir de 21 anos.\u00a0Vale ressaltar que a amostra pesquisada n\u00e3o reflete a realidade financeira e o hiato de oportunidades da popula\u00e7\u00e3o como um todo.  <\/p>\n\n\n\n<p>Quanto \u00e0s pessoas que moram de aluguel, segundo a pesquisa, a porcentagem entre os entrevistados \u00e9 de 27%, e das que vivem em im\u00f3veis cedidos ou emprestados \u00e9 de 3%.&nbsp;<\/p>\n\n\n\n<p>Al\u00e9m disso, 88% dos entrevistados relataram que moram em casas e 12% em apartamentos. At\u00e9 mesmo entre as classes econ\u00f4micas D e E, de rendas mais baixas, as casas prevalecem para 94% dos entrevistados. J\u00e1 nas classes AB esse n\u00famero diminui para 81%, e na C para 87%.&nbsp;<\/p>\n\n\n\n<p><strong>Veja tamb\u00e9m<\/strong><\/p>\n\n\n\n<ul class=\"wp-block-list\"><li>E se a&nbsp;<a target=\"_blank\" href=\"https:\/\/investnews.com.br\/financas\/e-se-a-russia-invadir-a-ucrania\/\" rel=\"noreferrer noopener\">R\u00fassia<\/a>&nbsp;invadir a Ucr\u00e2nia? Economista lista 5 impactos poss\u00edveis<\/li><li>Com infla\u00e7\u00e3o alta, o que vale mais a pena:&nbsp;<a target=\"_blank\" href=\"https:\/\/investnews.com.br\/cafeina\/com-inflacao-alta-o-que-vale-mais-a-pena-comer-fora-ou-em-casa\/\" rel=\"noreferrer noopener\">comer fora ou em casa<\/a>?<\/li><li><a target=\"_blank\" href=\"https:\/\/investnews.com.br\/economia\/queda-do-dolar-previsoes\/\" rel=\"noreferrer noopener\">Queda do d\u00f3lar<\/a>&nbsp;por fluxo estrangeiro n\u00e3o deve durar muito, dizem especialistas<\/li><li>MXRF11: analista recomenda cautela aos investidores do&nbsp;<a target=\"_blank\" href=\"https:\/\/investnews.com.br\/analistas-em-acao\/mxrf11-analista-recomenda-cautela-aos-investidores-do-maxi-renda\/\" rel=\"noreferrer noopener\">Maxi Renda<\/a><\/li><li><a target=\"_blank\" href=\"https:\/\/investnews.com.br\/geral\/como-regularizar-o-cpf\/\" rel=\"noreferrer noopener\">Como regularizar o CPF<\/a>: confira o passo a passo<\/li><\/ul>\n","protected":false},"excerpt":{"rendered":"<p>Censo QuintoAndar de Moradia, feito em parceria com o Datafolha, aponta que o desejo de possuir um im\u00f3vel \u00e9 ainda mais expressivo entre os jovens. <\/p>\n","protected":false},"author":52,"featured_media":303252,"comment_status":"closed","ping_status":"open","sticky":false,"template":"","format":"standard","meta":{"_acf_changed":false,"inline_featured_image":false,"footnotes":""},"categories":[5],"tags":[66,1015],"autor-wsj":[],"coauthors":[2430,2425],"class_list":["post-306546","post","type-post","status-publish","format-standard","has-post-thumbnail","hentry","category-economia","tag-negocios","tag-quinto-andar"],"acf":[],"amp_enabled":true,"_links":{"self":[{"href":"https:\/\/investnews.com.br\/inv-api\/wp\/v2\/posts\/306546","targetHints":{"allow":["GET"]}}],"collection":[{"href":"https:\/\/investnews.com.br\/inv-api\/wp\/v2\/posts"}],"about":[{"href":"https:\/\/investnews.com.br\/inv-api\/wp\/v2\/types\/post"}],"author":[{"embeddable":true,"href":"https:\/\/investnews.com.br\/inv-api\/wp\/v2\/users\/52"}],"replies":[{"embeddable":true,"href":"https:\/\/investnews.com.br\/inv-api\/wp\/v2\/comments?post=306546"}],"version-history":[{"count":10,"href":"https:\/\/investnews.com.br\/inv-api\/wp\/v2\/posts\/306546\/revisions"}],"predecessor-version":[{"id":307308,"href":"https:\/\/investnews.com.br\/inv-api\/wp\/v2\/posts\/306546\/revisions\/307308"}],"wp:featuredmedia":[{"embeddable":true,"href":"https:\/\/investnews.com.br\/inv-api\/wp\/v2\/media\/303252"}],"wp:attachment":[{"href":"https:\/\/investnews.com.br\/inv-api\/wp\/v2\/media?parent=306546"}],"wp:term":[{"taxonomy":"category","embeddable":true,"href":"https:\/\/investnews.com.br\/inv-api\/wp\/v2\/categories?post=306546"},{"taxonomy":"post_tag","embeddable":true,"href":"https:\/\/investnews.com.br\/inv-api\/wp\/v2\/tags?post=306546"},{"taxonomy":"autor-wsj","embeddable":true,"href":"https:\/\/investnews.com.br\/inv-api\/wp\/v2\/autor-wsj?post=306546"},{"taxonomy":"author","embeddable":true,"href":"https:\/\/investnews.com.br\/inv-api\/wp\/v2\/coauthors?post=306546"}],"curies":[{"name":"wp","href":"https:\/\/api.w.org\/{rel}","templated":true}]}}