{"id":307368,"date":"2022-02-17T08:53:14","date_gmt":"2022-02-17T11:53:14","guid":{"rendered":"https:\/\/investnews.com.br\/?p=307368"},"modified":"2024-06-24T11:07:12","modified_gmt":"2024-06-24T14:07:12","slug":"morning-call-ibov-segue-resiliente-mesmo-com-ata-do-fed-e-tensoes-na-ucrania","status":"publish","type":"post","link":"https:\/\/investnews.com.br\/financas\/morning-call-ibov-segue-resiliente-mesmo-com-ata-do-fed-e-tensoes-na-ucrania\/","title":{"rendered":"Morning Call: Ibov segue resiliente mesmo com ata do Fed e tens\u00f5es na Ucr\u00e2nia"},"content":{"rendered":"\n<h2 class=\"wp-block-heading\"><strong>Cen\u00e1rio global e bolsa de valores<\/strong><\/h2>\n\n\n\n<p>Os mercados absorvem as informa\u00e7\u00f5es da <a href=\"https:\/\/investnews.com.br\/economia\/ata-do-fed-diz-que-decisoes-sobre-juros-serao-tomadas-a-cada-reuniao\/\" class=\"rank-math-link\">ata do Fed<\/a> divulgada ontem onde o Banco Central dos EUA indicou que com a recupera\u00e7\u00e3o do mercado de trabalho e a crescente infla\u00e7\u00e3o, a melhor decis\u00e3o seria de acelerar a pol\u00edtica monet\u00e1ria com o aumento de juros mas tamb\u00e9m deixou claro que a decis\u00f5es ainda dependem das atualiza\u00e7\u00f5es e an\u00e1lises de dados feita a cada reuni\u00e3o. O mercado come\u00e7a a precificar as possibilidades para os juros na pr\u00f3xima reuni\u00e3o: aumento de 0,25 p.p. e 0,50 p.p. nos juros a partir da pr\u00f3xima reuni\u00e3o em 16\/03.<\/p>\n\n\n\n<p>Os pr\u00e9 mercados dos EUA come\u00e7am o dia negativos com Nasdaq: -0,69%, S&amp;P 500: -0,55% e Dow Jones: -0,48%.<\/p>\n\n\n\n<p>Sem grandes eventos que impactassem diretamente os mercados asi\u00e1ticos, a quinta feira foi de desempenhos misto com Jap\u00e3o: -0,83%, Shanghai: +0,06%, Hang Seng: +0,30%, \u00cdndia: -0,10, Taiwan:+0,20% e Coreia do Sul: +0,53%.<\/p>\n\n\n\n<p>Mesmo com a R\u00fassia afirmando a retirada de tropas da fronteira com a Ucr\u00e2nia, a OTAN afirmou que Putin segue enviando tropas para a fronteira e a not\u00edcia de bombardeios ao leste da Ucr\u00e2nia Com a tens\u00e3o no leste europeu e o in\u00edcio a temporada de balan\u00e7os, os mercados europeus tem um dia misto com Alemanha: +0,07%, Reino Unido: -0,58%, Fran\u00e7a:+0,26%, Espanha:-0,22% e o \u00edndice Euro Stoxx:+0,07%. <\/p>\n\n\n\n<h2 class=\"wp-block-heading\">  <strong>Cen\u00e1rio no Brasil<\/strong><\/h2>\n\n\n\n<p>Rodrigo Pacheco (PSD-MG), presidente do Senado, disse ontem que a Comiss\u00e3o de Constitui\u00e7\u00e3o e Justi\u00e7a, CCJ, pode pautar a PEC da reforma tribut\u00e1ria na pr\u00f3xima semana. Enquanto isso, o Senado adia para pr\u00f3xima semana as vota\u00e7\u00f5es dos projetos que buscam conter a alta dos combust\u00edveis, um deles \u00e9 a PL 1.472\/2021 que busca criar um fundo de estabiliza\u00e7\u00e3o do pre\u00e7o de derivados do petr\u00f3leo e a outra \u00e9 a PLP 11\/2020 que muda a cobran\u00e7a do ICSM sobre combust\u00edveis de um percentual do valor final para um valor \u00fanico.<\/p>\n\n\n\n<h2 class=\"wp-block-heading\">Ibovespa<\/h2>\n\n\n\n<p>O \u00edndice Bovespa segue em alta no curto prazo chegando aos 115.180,95 pontos. A pontua\u00e7\u00e3o se encontra na m\u00e9dia di\u00e1ria de 200 per\u00edodos que pode funcionar como uma zona de resist\u00eancia para o \u00edndice, refor\u00e7ado pelo fato de termos 6 semanas consecutivas de altas, inclusive destoando dos mercados globais, que normalmente faz com que os investidores realizem parte dos lucros aumentando a press\u00e3o vendedora.<\/p>\n\n\n\n<figure class=\"wp-block-image size-large\"><img decoding=\"async\" src=\"https:\/\/www.tradingview.com\/x\/xyZIuYaH\/\" alt=\"\"\/><figcaption>Fonte: TradingView<\/figcaption><\/figure>\n\n\n\n<h2 class=\"wp-block-heading\">Eventos e indicadores<\/h2>\n\n\n\n<figure class=\"wp-block-table\"><table class=\"\"><tbody><tr><td><strong>Brasil<\/strong><\/td><\/tr><tr><td>Balan\u00e7os de 3Tentos, Aeris Energy, BR Properties, Neoenergia e Rumo, ap\u00f3s o fechamento do mercado <\/td><\/tr><tr><td><a href=\"https:\/\/investnews.com.br\/guias\/igp-m\/\">IGP-M<\/a> &#8211; 2\u00aa pr\u00e9via de fevereiro <\/td><\/tr><tr><td>IPC-S Capitais da 2\u00aa quadrissemana de fevereiro <\/td><\/tr><tr><td>Reuni\u00e3o trimestral de diretores do BC com economistas (10h e 14h) <\/td><\/tr><tr><td><strong>EUA<\/strong><\/td><\/tr><tr><td>Balan\u00e7o de Walmart, antes da abertura do mercado <\/td><\/tr><tr><td>Constru\u00e7\u00f5es de moradias iniciadas em janeiro <\/td><\/tr><tr><td>Pedidos de aux\u00edlio-desemprego da semana at\u00e9 12\/02 <\/td><\/tr><tr><td>Economista-chefe do BCE, Philip Lane, participa de evento do MNI sobre economia na zona do euro e BCE (11h) <\/td><\/tr><tr><td>Presidente do Fed de St. Louis, James Bullard, discursa sobre economia e pol\u00edtica monet\u00e1ria em evento da Universidade de Columbia (13h) <\/td><\/tr><tr><td><strong>Turquia <\/strong><\/td><\/tr><tr><td>Decis\u00e3o de pol\u00edtica monet\u00e1ria do BC <\/td><\/tr><tr><td><strong>Indon\u00e9sia <\/strong><\/td><\/tr><tr><td> Reuni\u00e3o do G20 de ministros das Finan\u00e7as e presidentes de BCs <\/td><\/tr><\/tbody><\/table><\/figure>\n","protected":false},"excerpt":{"rendered":"<p>Os principais fatos que podem impactar os mercados hoje e uma breve an\u00e1lise do \u00edndice Bovespa.<\/p>\n","protected":false},"author":46,"featured_media":267683,"comment_status":"closed","ping_status":"open","sticky":false,"template":"","format":"standard","meta":{"_acf_changed":false,"inline_featured_image":false,"footnotes":""},"categories":[4],"tags":[479,1246,354,1616],"autor-wsj":[],"coauthors":[2364],"class_list":["post-307368","post","type-post","status-publish","format-standard","has-post-thumbnail","hentry","category-financas","tag-fed","tag-federal-reserve","tag-juros","tag-taxa-de-juros"],"acf":[],"amp_enabled":true,"_links":{"self":[{"href":"https:\/\/investnews.com.br\/inv-api\/wp\/v2\/posts\/307368","targetHints":{"allow":["GET"]}}],"collection":[{"href":"https:\/\/investnews.com.br\/inv-api\/wp\/v2\/posts"}],"about":[{"href":"https:\/\/investnews.com.br\/inv-api\/wp\/v2\/types\/post"}],"author":[{"embeddable":true,"href":"https:\/\/investnews.com.br\/inv-api\/wp\/v2\/users\/46"}],"replies":[{"embeddable":true,"href":"https:\/\/investnews.com.br\/inv-api\/wp\/v2\/comments?post=307368"}],"version-history":[{"count":1,"href":"https:\/\/investnews.com.br\/inv-api\/wp\/v2\/posts\/307368\/revisions"}],"predecessor-version":[{"id":307376,"href":"https:\/\/investnews.com.br\/inv-api\/wp\/v2\/posts\/307368\/revisions\/307376"}],"wp:featuredmedia":[{"embeddable":true,"href":"https:\/\/investnews.com.br\/inv-api\/wp\/v2\/media\/267683"}],"wp:attachment":[{"href":"https:\/\/investnews.com.br\/inv-api\/wp\/v2\/media?parent=307368"}],"wp:term":[{"taxonomy":"category","embeddable":true,"href":"https:\/\/investnews.com.br\/inv-api\/wp\/v2\/categories?post=307368"},{"taxonomy":"post_tag","embeddable":true,"href":"https:\/\/investnews.com.br\/inv-api\/wp\/v2\/tags?post=307368"},{"taxonomy":"autor-wsj","embeddable":true,"href":"https:\/\/investnews.com.br\/inv-api\/wp\/v2\/autor-wsj?post=307368"},{"taxonomy":"author","embeddable":true,"href":"https:\/\/investnews.com.br\/inv-api\/wp\/v2\/coauthors?post=307368"}],"curies":[{"name":"wp","href":"https:\/\/api.w.org\/{rel}","templated":true}]}}