{"id":307378,"date":"2022-02-17T09:06:00","date_gmt":"2022-02-17T12:06:00","guid":{"rendered":"https:\/\/investnews.com.br\/?p=307378"},"modified":"2026-03-10T16:27:06","modified_gmt":"2026-03-10T19:27:06","slug":"embraer-quer-decidir-sobre-projeto-de-turboelice-ainda-este-ano-diz-executivo","status":"publish","type":"post","link":"https:\/\/investnews.com.br\/negocios\/embraer-quer-decidir-sobre-projeto-de-turboelice-ainda-este-ano-diz-executivo\/","title":{"rendered":"Embraer quer decidir sobre projeto de turbo\u00e9lice ainda este ano, diz executivo"},"content":{"rendered":"\n<p>A&nbsp;<strong>Embraer<\/strong>&nbsp;(<a href=\"https:\/\/investnews.com.br\/cotacao\/embr3-embraer\/\" class=\"rank-math-link\">EMBR3<\/a>) espera decidir no final deste ano ou no in\u00edcio do pr\u00f3ximo ano sobre o lan\u00e7amento de um<strong> novo avi\u00e3o turbo\u00e9lice<\/strong> que pode entrar em servi\u00e7o por volta de 2027, disse seu chefe de avia\u00e7\u00e3o comercial nesta quarta-feira.<\/p>\n\n\n\n<p>A&nbsp;Embraer&nbsp;tamb\u00e9m est\u00e1 conversando com os fabricantes de motores Pratt &amp; Whitney, Rolls-Royce e GE sobre o fornecimento de um propulsor para o avi\u00e3o. Uma decis\u00e3o \u00e9 prevista para o segundo semestre deste ano, disse o presidente de avia\u00e7\u00e3o comercial da&nbsp;Embraer, Arjan Meijer, durante a feira de avia\u00e7\u00e3o de Cingapura.<\/p>\n\n\n\n<p>Em meados de agosto passado, o vice-presidente de engenharia e tecnologia da&nbsp;Embraer, Lu\u00eds Carlos Affonso, afirmou que a empresa estava estudando o desenvolvimento de uma aeronave turbo\u00e9lice que vai usar o mesmo design dos jatos comerciais da companhia, com os motores instalados na cauda. A aeronave seria capaz de transportar entre 70 e 90 passageiros, e Affonso afirmou que o consumo de combust\u00edvel seria pelo menos 20% menor que o de jatos, al\u00e9m de ser mais silenciosa para os passageiros que os turbo\u00e9lices atuais que t\u00eam os motores instalados nas asas.<\/p>\n\n\n\n<p>Meijer se recusou nesta quarta-feira a comentar sobre a efici\u00eancia de consumo de combust\u00edvel do novo avi\u00e3o em rela\u00e7\u00e3o aos turbo\u00e9lices atuais em uma ind\u00fastria dominada pela ATR.<\/p>\n\n\n\n<p>O executivo n\u00e3o informou estimativa de custo do programa do novo avi\u00e3o, mas acrescentou que a empresa est\u00e1 em negocia\u00e7\u00f5es com v\u00e1rios parceiros financeiros e industriais para o desenvolvimento.<\/p>\n\n\n\n<p>O presidente da Rolls-Royce Civil Aerospace, Chris Cholerton, disse que a empresa, que \u00e9 voltada para motores de aeronaves de grande porte, est\u00e1 trabalhando para apresentar uma proposta de motor turbo\u00e9lice para a&nbsp;Embraer.<\/p>\n\n\n\n<p>&#8220;Acho que veremos redu\u00e7\u00f5es significativas no consumo de combust\u00edvel e, portanto, estamos muito otimistas sobre o potencial desse produto&#8221;, disse ele durante o evento.<\/p>\n\n\n\n<p>Pratt &amp; Whitney e GE n\u00e3o comentaram o assunto de imediato.<\/p>\n\n\n\n<p><strong>Veja tamb\u00e9m<\/strong><\/p>\n\n\n\n<ul class=\"wp-block-list\">\n<li><a href=\"https:\/\/investnews.com.br\/colunistas\/ricardo-schweitzer\/qual-e-seducao-da-proxima-grande-coisa\/\" target=\"_blank\" rel=\"noreferrer noopener\">Qual \u00e9 sedu\u00e7\u00e3o da pr\u00f3xima \u2018grande coisa\u2019<\/a>?<\/li>\n\n\n\n<li><a href=\"https:\/\/investnews.com.br\/cafeina\/defi11-estreia-na-b3-entenda-como-funciona-o-investimento\/\" target=\"_blank\" rel=\"noreferrer noopener\">DEFI11<\/a>\u00a0estreia na B3; entenda como funciona o investimento<\/li>\n\n\n\n<li><a href=\"https:\/\/investnews.com.br\/financas\/lula-ou-bolsonaro-mercado\/\" target=\"_blank\" rel=\"noreferrer noopener\">Lula ou Bolsonaro<\/a>? Veja 8 opini\u00f5es sobre como o mercado enxerga a disputa<\/li>\n\n\n\n<li>Depois da m\u00e1xima hist\u00f3rica,\u00a0<a href=\"https:\/\/investnews.com.br\/boletim-investnews\/depois-da-maxima-historica-jbs-cai-mais-de-5-o-que-aconteceu\/\" target=\"_blank\" rel=\"noreferrer noopener\">JBS<\/a>\u00a0cai mais de 5%, o que aconteceu?<\/li>\n<\/ul>\n","protected":false},"excerpt":{"rendered":"<p>A aeronave pode entrar em servi\u00e7o por volta de 2027.<\/p>\n","protected":false},"author":61,"featured_media":307379,"comment_status":"closed","ping_status":"open","sticky":false,"template":"","format":"standard","meta":{"_acf_changed":false,"inline_featured_image":false,"footnotes":""},"categories":[6],"tags":[66,177],"autor-wsj":[],"coauthors":[2494],"class_list":["post-307378","post","type-post","status-publish","format-standard","has-post-thumbnail","hentry","category-negocios","tag-negocios","tag-embraer"],"acf":[],"amp_enabled":true,"_links":{"self":[{"href":"https:\/\/investnews.com.br\/inv-api\/wp\/v2\/posts\/307378","targetHints":{"allow":["GET"]}}],"collection":[{"href":"https:\/\/investnews.com.br\/inv-api\/wp\/v2\/posts"}],"about":[{"href":"https:\/\/investnews.com.br\/inv-api\/wp\/v2\/types\/post"}],"author":[{"embeddable":true,"href":"https:\/\/investnews.com.br\/inv-api\/wp\/v2\/users\/61"}],"replies":[{"embeddable":true,"href":"https:\/\/investnews.com.br\/inv-api\/wp\/v2\/comments?post=307378"}],"version-history":[{"count":2,"href":"https:\/\/investnews.com.br\/inv-api\/wp\/v2\/posts\/307378\/revisions"}],"predecessor-version":[{"id":768406,"href":"https:\/\/investnews.com.br\/inv-api\/wp\/v2\/posts\/307378\/revisions\/768406"}],"wp:featuredmedia":[{"embeddable":true,"href":"https:\/\/investnews.com.br\/inv-api\/wp\/v2\/media\/307379"}],"wp:attachment":[{"href":"https:\/\/investnews.com.br\/inv-api\/wp\/v2\/media?parent=307378"}],"wp:term":[{"taxonomy":"category","embeddable":true,"href":"https:\/\/investnews.com.br\/inv-api\/wp\/v2\/categories?post=307378"},{"taxonomy":"post_tag","embeddable":true,"href":"https:\/\/investnews.com.br\/inv-api\/wp\/v2\/tags?post=307378"},{"taxonomy":"autor-wsj","embeddable":true,"href":"https:\/\/investnews.com.br\/inv-api\/wp\/v2\/autor-wsj?post=307378"},{"taxonomy":"author","embeddable":true,"href":"https:\/\/investnews.com.br\/inv-api\/wp\/v2\/coauthors?post=307378"}],"curies":[{"name":"wp","href":"https:\/\/api.w.org\/{rel}","templated":true}]}}