{"id":309966,"date":"2022-03-03T08:56:25","date_gmt":"2022-03-03T11:56:25","guid":{"rendered":"https:\/\/investnews.com.br\/?p=309966"},"modified":"2022-03-03T08:56:26","modified_gmt":"2022-03-03T11:56:26","slug":"crise-alimentar-guerra-da-ucrania-omc","status":"publish","type":"post","link":"https:\/\/investnews.com.br\/economia\/crise-alimentar-guerra-da-ucrania-omc\/","title":{"rendered":"Maior medo \u00e9 uma nova crise alimentar, diz diretora-geral da OMC"},"content":{"rendered":"\n<p>A <a href=\"https:\/\/investnews.com.br\/flash\/russia-ataca-ucrania-impactos-em-ativos\/\" class=\"rank-math-link\">invas\u00e3o da Ucr\u00e2nia pela R\u00fassia vai prejudicar<\/a> a normaliza\u00e7\u00e3o das cadeias globais de fornecimento, que sofrem com interrup\u00e7\u00f5es desde o come\u00e7o da pandemia, diz a diretora-geral da Organiza\u00e7\u00e3o Mundial do Com\u00e9rcio (OMC), a economista nigeriana Ngozi Okonjo-Iweala, em entrevista ao\u00a0<strong>Estad\u00e3o\/Broadcast<\/strong>, a primeira a um jornal da Am\u00e9rica Latina. Mas, em rela\u00e7\u00e3o \u00e0 guerra, ela &#8211; que completou nesta quarta-feira um ano \u00e0 frente da institui\u00e7\u00e3o &#8211; diz estar preocupada principalmente com a alta do pre\u00e7o dos alimentos, j\u00e1 que R\u00fassia e Ucr\u00e2nia s\u00e3o importantes produtores de trigo e milho e podem suspender suas exporta\u00e7\u00f5es, o que afetaria especialmente as pessoas mais pobres nos pa\u00edses em desenvolvimento.<\/p>\n\n\n\n<p><strong>Quais ser\u00e3o os impactos econ\u00f4micos e no com\u00e9rcio global da invas\u00e3o russa?<\/strong><\/p>\n\n\n\n<p>Primeiramente, queria expressar meus sentimentos a todos que est\u00e3o sofrendo. O impacto na economia mundial ser\u00e1 substancial, mas o que mais me preocupa \u00e9 o com\u00e9rcio de alimentos e de produtos agr\u00edcolas. A Ucr\u00e2nia, por exemplo, \u00e9 o 5.\u00ba maior exportador de trigo do mundo e o 4.\u00ba maior de milho. A R\u00fassia tamb\u00e9m \u00e9 um grande exportador de trigo, para a \u00c1frica especialmente. Os problemas que tivemos na crise alimentar de 2008, quando grandes exportadores de trigo, como a Ucr\u00e2nia, ficaram sem exportar, foram sentidos no pre\u00e7o do p\u00e3o. Em muitos pa\u00edses pobres, p\u00e3o \u00e9 uma comida b\u00e1sica. Tenho medo que o mesmo tipo de impacto aconte\u00e7a agora. Vai ter impacto na carne, pois o pre\u00e7o do milho, usado para alimentar animais, vai aumentar. Vai ter impacto nos fertilizantes, porque a R\u00fassia \u00e9 um grande exportador. Para mim, a preocupa\u00e7\u00e3o \u00e9 com o com\u00e9rcio de produtos agr\u00edcolas e com as pessoas pobres, que ser\u00e3o atingidas por isso, especialmente na \u00c1frica e em pa\u00edses em desenvolvimento.<\/p>\n\n\n\n<p><strong>A OMC pode fazer algo em rela\u00e7\u00e3o a isso?<\/strong><\/p>\n\n\n\n<p>A \u00fanica coisa que podemos fazer \u00e9 incitar os outros membros da OMC a aumentar suas exporta\u00e7\u00f5es.<\/p>\n\n\n\n<p><strong>A sra. j\u00e1 afirmou que os gargalos nas cadeias globais de fornecimento v\u00e3o permanecer por mais tempo do que se esperava. Quando superaremos isso?<\/strong><\/p>\n\n\n\n<p>Pensamos que pode durar at\u00e9 o fim deste ano ou come\u00e7o de 2023, porque hoje ainda tem muito atraso. Mas, com a quest\u00e3o R\u00fassia-Ucr\u00e2nia, a situa\u00e7\u00e3o fica mais dif\u00edcil. H\u00e1 alguns indicadores na cadeia de fornecimento que parecem um pouquinho melhores. Sabemos que ainda h\u00e1 congestionamento em portos, mas os tempos de entrega est\u00e3o melhorando em todo o mundo. Pelo menos estavam antes do problema entre R\u00fassia e Ucr\u00e2nia. Com as san\u00e7\u00f5es que estamos vendo na R\u00fassia, vai ficar mais dif\u00edcil. \u00c9 uma pena porque, com a retirada das restri\u00e7\u00f5es da covid em muitos pa\u00edses, iria ficar mais f\u00e1cil lidar com esse problema.<\/p>\n\n\n\n<p><strong>A sra. havia dito que buscava uma solu\u00e7\u00e3o para a quest\u00e3o da isen\u00e7\u00e3o do direito de propriedade intelectual das vacinas at\u00e9 fevereiro. Como est\u00e1 isso?<\/strong><\/p>\n\n\n\n<p>A situa\u00e7\u00e3o ainda \u00e9 dif\u00edcil. As negocia\u00e7\u00f5es est\u00e3o ocorrendo entre um pequeno grupo de pa\u00edses. Estamos buscando uma estrutura que possa ser uma base para todos os membros, para que todos concordem em como lidar com a isen\u00e7\u00e3o. O avan\u00e7o \u00e9 lento, mas ainda tenho esperan\u00e7a. Vamos ver se conseguimos antes da Confer\u00eancia Ministerial (agendada para junho, ap\u00f3s sucessivos adiamentos devido \u00e0 covid. A Confer\u00eancia \u00e9 a principal reuni\u00e3o do \u00f3rg\u00e3o).<\/p>\n\n\n\n<p><strong>O Brasil n\u00e3o est\u00e1 muito contente com a forma como as conversas est\u00e3o ocorrendo, pois foi exclu\u00eddo desse pequeno grupo de pa\u00edses.<\/strong><\/p>\n\n\n\n<p>Temos um respeito enorme pelo Brasil. J\u00e1 tentamos negociar em muitas configura\u00e7\u00f5es: com v\u00e1rios pa\u00edses, com dez pa\u00edses, com oito. N\u00e3o funcionou. Essa \u00e9 uma tentativa para ver se, com um grupo pequeno, temos algum progresso e, ent\u00e3o, trazer o Brasil e os outros pa\u00edses imediatamente para a mesa. N\u00e3o h\u00e1 tentativa de deixar o Brasil de fora.<\/p>\n\n\n\n<p><strong>Como a OMC avalia a proposta da Uni\u00e3o Europeia de proibir a importa\u00e7\u00e3o de bens, <a href=\"https:\/\/investnews.com.br\/guias\/commodities-o-que-sao\/\">commodities<\/a>, de origem de \u00e1reas desmatadas?<\/strong><\/p>\n\n\n\n<p>Esperamos que quest\u00f5es de mudan\u00e7a clim\u00e1tica e prote\u00e7\u00e3o do meio ambiente n\u00e3o virem medidas protecionistas ou sejam relacionadas a acesso a mercados. Mas, \u00e9 claro, devemos trabalhar duro com a quest\u00e3o ambiental e o com\u00e9rcio pode ser parte da solu\u00e7\u00e3o. O com\u00e9rcio pode ajudar tecnologias menos intensivas em carbono a viajarem o mundo.<\/p>\n\n\n\n<p><strong>Mas proibir a importa\u00e7\u00e3o de bens com origem em \u00e1reas desmatadas pode ser uma ferramenta para combater o desmatamento e o aquecimento global?<\/strong><\/p>\n\n\n\n<p>Isso \u00e9 algo que nossos membros ter\u00e3o de analisar. Eles t\u00eam de discutir essa quest\u00e3o e chegar a um acordo.<\/p>\n\n\n\n<p><strong>O Brasil est\u00e1 com uma disputa agr\u00edcola na OMC contra a \u00cdndia, que quer mais subs\u00eddios e prote\u00e7\u00e3o para seus produtores. Alguma solu\u00e7\u00e3o \u00e0 vista?<\/strong><\/p>\n\n\n\n<p>O Brasil levou a \u00cdndia para o Sistema de Solu\u00e7\u00e3o de Controv\u00e9rsias. N\u00e3o posso falar disso porque n\u00e3o posso tomar um lado como diretora-geral.<\/p>\n\n\n\n<p><strong>Mas esse assunto estar\u00e1 entre as prioridades da Confer\u00eancia Ministerial? H\u00e1 uma press\u00e3o do Brasil para isso.<\/strong><\/p>\n\n\n\n<p>Com certeza. A negocia\u00e7\u00e3o sobre temas agr\u00edcolas, incluindo subs\u00eddios, ser\u00e1 um dos temas importantes.<\/p>\n\n\n\n<p><strong>H\u00e1 uma certa cr\u00edtica de que a OMC n\u00e3o tem trabalhado com os temas mais relevantes, como a quest\u00e3o dos subs\u00eddios agr\u00edcolas.<\/strong><\/p>\n\n\n\n<p>Se a OMC n\u00e3o tivesse funcionado, o Brasil n\u00e3o teria trazido o caso. Ainda que tenhamos problemas com o Sistema de Solu\u00e7\u00e3o de Controv\u00e9rsias, os Pain\u00e9is est\u00e3o funcionando. Entendo a frustra\u00e7\u00e3o, porque, h\u00e1 20 anos, as negocia\u00e7\u00f5es na \u00e1rea de agricultura est\u00e3o travadas. Quando dizem que a OMC n\u00e3o est\u00e1 funcionando, pergunto: Quem \u00e9 a OMC? S\u00e3o os membros. Se eles n\u00e3o concordam em ser flex\u00edveis e ceder, tudo trava. Mas tivemos muito mais progresso em 2021 do que em muitos anos. Agora, h\u00e1 ao menos algo em andamento e podemos conversar sobre ter algum entendimento na \u00e1rea agr\u00edcola na Confer\u00eancia Ministerial.<\/p>\n\n\n\n<p><strong>H\u00e1 pouco mais de um ano, quando a sra. apresentou suas motiva\u00e7\u00f5es para se tornar diretora-geral, a sra. afirmou que a Organiza\u00e7\u00e3o parecia paralisada. Hoje, a sra. mencionou que iniciou as conversas para a reforma da OMC, mas, ainda assim, tudo parece muito travado.<\/strong><\/p>\n\n\n\n<p>Voc\u00ea me perguntou sobre o que fiz, e listei o que a OMC j\u00e1 fez. Muito est\u00e1 acontecendo. Sobre o Sistema de Solu\u00e7\u00e3o de Controv\u00e9rsias, isso estava parado h\u00e1 duas ou tr\u00eas administra\u00e7\u00f5es. N\u00e3o \u00e9 da noite para o dia que vai avan\u00e7ar. Pelo menos agora os americanos est\u00e3o dispostos a come\u00e7ar a conversar sobre o processo da reforma. Antes, eles n\u00e3o queriam nem discutir.<\/p>\n\n\n\n<p><strong>Alguns diretores da OMC, incluindo brasileiros, est\u00e3o deixando a organiza\u00e7\u00e3o. Recentemente, foi dito que h\u00e1 uma esp\u00e9cie de insatisfa\u00e7\u00e3o na OMC.<\/strong><\/p>\n\n\n\n<p>Isso \u00e9 uma not\u00edcia falsa da imprensa local, que entendeu a informa\u00e7\u00e3o de forma errada. Tem pessoas deixando a OMC por v\u00e1rios motivos. Alguns por quest\u00e3o de sa\u00fade, outros anunciaram j\u00e1 h\u00e1 algum tempo que se aposentariam &#8211; Vitor do Prado \u00e9 um deles, um brasileiro. N\u00e3o sei de onde essas hist\u00f3rias surgiram, mas, quando voc\u00ea faz mudan\u00e7as internas, sempre saem hist\u00f3rias que n\u00e3o s\u00e3o corretas.<\/p>\n\n\n\n<p><strong>Veja tamb\u00e9m<\/strong><\/p>\n\n\n\n<ul class=\"wp-block-list\"><li>Ei,&nbsp;<a target=\"_blank\" href=\"https:\/\/investnews.com.br\/colunistas\/ricardo-schweitzer\/ei-influencer-vamos-parar-de-baixaria\/\" rel=\"noreferrer noopener\">influencer<\/a>: vamos parar de baixaria?<\/li><li>Entre as maiores altas do ano, ser\u00e1 esta a hora da retomada da&nbsp;<a target=\"_blank\" href=\"https:\/\/investnews.com.br\/cafeina\/entre-as-maiores-altas-do-ano-sera-esta-a-hora-da-retomada-da-b3\/\" rel=\"noreferrer noopener\">B3<\/a>?<\/li><li>Al\u00e9m de infla\u00e7\u00e3o,&nbsp;<a target=\"_blank\" href=\"https:\/\/investnews.com.br\/economia\/crise-na-russia-brasil\/\" rel=\"noreferrer noopener\">crise na R\u00fassia tamb\u00e9m pode impactar o Brasil<\/a>&nbsp;pelo agroneg\u00f3cio<\/li><li><a target=\"_blank\" href=\"https:\/\/investnews.com.br\/financas\/carteira-top-10-da-nuinvest-para-marco-veja-as-recomendacoes\/\" rel=\"noreferrer noopener\">Carteira Top 10 da NuInvest para mar\u00e7o<\/a>: veja as recomenda\u00e7\u00f5es<\/li><li>Bolsas sobem com commodities, mas guerra preocupa;&nbsp;<a target=\"_blank\" href=\"https:\/\/investnews.com.br\/boletim-investnews\/bolsas-sobem-com-commodities-mas-guerra-preocupa-o-que-fazer-com-a-carteira\/\" rel=\"noreferrer noopener\">o que fazer com a carteira<\/a>?<\/li><\/ul>\n","protected":false},"excerpt":{"rendered":"<p>Uma das principais preocupa\u00e7\u00f5es \u00e9 com a alta do pre\u00e7o dos alimentos, j\u00e1 que R\u00fassia e Ucr\u00e2nia s\u00e3o importantes produtores de trigo e milho.<\/p>\n","protected":false},"author":62,"featured_media":309972,"comment_status":"closed","ping_status":"open","sticky":false,"template":"","format":"standard","meta":{"_acf_changed":false,"inline_featured_image":false,"footnotes":""},"categories":[5],"tags":[499,974],"autor-wsj":[],"coauthors":[2499],"class_list":["post-309966","post","type-post","status-publish","format-standard","has-post-thumbnail","hentry","category-economia","tag-economia","tag-russia"],"acf":[],"amp_enabled":true,"_links":{"self":[{"href":"https:\/\/investnews.com.br\/inv-api\/wp\/v2\/posts\/309966","targetHints":{"allow":["GET"]}}],"collection":[{"href":"https:\/\/investnews.com.br\/inv-api\/wp\/v2\/posts"}],"about":[{"href":"https:\/\/investnews.com.br\/inv-api\/wp\/v2\/types\/post"}],"author":[{"embeddable":true,"href":"https:\/\/investnews.com.br\/inv-api\/wp\/v2\/users\/62"}],"replies":[{"embeddable":true,"href":"https:\/\/investnews.com.br\/inv-api\/wp\/v2\/comments?post=309966"}],"version-history":[{"count":1,"href":"https:\/\/investnews.com.br\/inv-api\/wp\/v2\/posts\/309966\/revisions"}],"predecessor-version":[{"id":309973,"href":"https:\/\/investnews.com.br\/inv-api\/wp\/v2\/posts\/309966\/revisions\/309973"}],"wp:featuredmedia":[{"embeddable":true,"href":"https:\/\/investnews.com.br\/inv-api\/wp\/v2\/media\/309972"}],"wp:attachment":[{"href":"https:\/\/investnews.com.br\/inv-api\/wp\/v2\/media?parent=309966"}],"wp:term":[{"taxonomy":"category","embeddable":true,"href":"https:\/\/investnews.com.br\/inv-api\/wp\/v2\/categories?post=309966"},{"taxonomy":"post_tag","embeddable":true,"href":"https:\/\/investnews.com.br\/inv-api\/wp\/v2\/tags?post=309966"},{"taxonomy":"autor-wsj","embeddable":true,"href":"https:\/\/investnews.com.br\/inv-api\/wp\/v2\/autor-wsj?post=309966"},{"taxonomy":"author","embeddable":true,"href":"https:\/\/investnews.com.br\/inv-api\/wp\/v2\/coauthors?post=309966"}],"curies":[{"name":"wp","href":"https:\/\/api.w.org\/{rel}","templated":true}]}}