{"id":310377,"date":"2022-03-04T12:52:38","date_gmt":"2022-03-04T15:52:38","guid":{"rendered":"https:\/\/investnews.com.br\/?p=310377"},"modified":"2022-03-04T19:37:34","modified_gmt":"2022-03-04T22:37:34","slug":"aes-cai-mais-de-3-apos-balanco-e-iguatemi-cede-4-em-meio-a-compra-de-brecho","status":"publish","type":"post","link":"https:\/\/investnews.com.br\/financas\/aes-cai-mais-de-3-apos-balanco-e-iguatemi-cede-4-em-meio-a-compra-de-brecho\/","title":{"rendered":"Impactadas por petr\u00f3leo e d\u00f3lar, Azul e Gol t\u00eam a maior queda semanal"},"content":{"rendered":"\n<p>As a\u00e7\u00f5es das companhias a\u00e9reas <strong>Azul e Gol<\/strong> dominaram as quedas do principal indicador da B3, o <a href=\"https:\/\/investnews.com.br\/financas\/ibovespa-dolar-cotacao-04-03-2022\/\" class=\"rank-math-link\">Ibovespa,<\/a> nesta sexta-feira (04), impactadas pelas altas nos pre\u00e7os do petr\u00f3leo e do d\u00f3lar. No acumulado da semana, as companhias tamb\u00e9m encabe\u00e7am a lista das maiores desvaloriza\u00e7\u00f5es. <\/p>\n\n\n\n<p>Depois de reportar os n\u00fameros do quarto trimestre de 2021, a empresa de energia <strong>AES<\/strong> tamb\u00e9m encerrou o dia em queda, assim como a administradora de shoppings <strong>Iguatemi,<\/strong> ap\u00f3s anunciar a compra de um brech\u00f3 de luxo. <\/p>\n\n\n\n<p>Na outra ponta, a produtora de papel e celulose <strong>Suzano<\/strong> ficou com a maior alta do indicador ao subir 6,70%, para R$ 57,33. <em>Confira os destaques do dia<\/em> <em>e de semana:<\/em><\/p>\n\n\n\n<h2 class=\"wp-block-heading\">A\u00e9reas<\/h2>\n\n\n\n<p>Em dia de desempenho negativo para as companhias que atuam no mercado dom\u00e9stico, a <strong>Azul<\/strong> ficou com a pior performance do preg\u00e3o ao fechar em queda de 7,77%, para R$ 21,83, e a <strong>Gol<\/strong><a href=\"https:\/\/investnews.com.br\/cotacao\/goll4-gol-linhas-aereas-inteligentes\/\" class=\"rank-math-link\"> (GOLL4)<\/a> apareceu na sequ\u00eancia com recuo de 7,64%, para R$ 14,86. &#8220;A eleva\u00e7\u00e3o do pre\u00e7o do petr\u00f3leo somada \u00e0 eleva\u00e7\u00e3o do d\u00f3lar pressionam os pap\u00e9is de turismo e avia\u00e7\u00e3o&#8221;, explicou a equipe da Ativa Investimentos. <\/p>\n\n\n\n<h2 class=\"wp-block-heading\">AES <\/h2>\n\n\n\n<p>Em meio ao reporte do balan\u00e7o do quarto trimestre de 2021, a <strong>AES Brasil<\/strong> <a href=\"https:\/\/investnews.com.br\/cotacao\/aesb3-aes-brasil-energia-s-a\/\" class=\"rank-math-link\">(AESB3)<\/a> terminou em queda de 3,23%, para R$ 11,10.  A empresa registrou preju\u00edzo de R$ 34,8 milh\u00f5es no per\u00edodo, revertendo lucro de R$ 602,6 milh\u00f5es reportados no mesmo intervalo de 2020. A receita operacional l\u00edquida avan\u00e7ou 37,5% no ano contra ano, totalizando R$ 731,9 milh\u00f5es nos \u00faltimos tr\u00eas meses do ano passado. <\/p>\n\n\n\n<p>Para a equipe de research da <strong>Levante Investimentos,<\/strong> os n\u00fameros da empresa vieram fracos, impactados por efeitos n\u00e3o recorrentes e pelo cen\u00e1rio hidrol\u00f3gico. <\/p>\n\n\n\n<p>&#8220;No que se refere ao seu <a href=\"https:\/\/investnews.com.br\/guias\/ebitda-o-que-e-como-calcular\/\">Ebitda<\/a>, a geradora reportou um recuo 82,4% no ano contra ano, somando R$ 205,2 milh\u00f5es no trimestre. A contra\u00e7\u00e3o da linha reflete a contabiliza\u00e7\u00e3o da repactua\u00e7\u00e3o do GSF (medida de risco hidrol\u00f3gico) em 2020, o que impactou positivamente os n\u00fameros da companhia na \u00e9poca&#8221;,  escreveu a equipe. <\/p>\n\n\n\n<p>A casa tamb\u00e9m afirmou que a AES ainda sofreu com os efeitos da crise h\u00eddrica enfrentada ao longo do ano, o que a deixou mais fragilizada, j\u00e1 que a companhia precisou arcar com maior custo na compra de energia para honrar seus compromissos, o que compensou sua economia com menores despesas com PMSO (Pessoal, Material, Servi\u00e7o e Outros). <\/p>\n\n\n\n<p> &#8220;Os resultados da AES Brasil vieram desapontadores, de modo que esperamos um impacto negativo no pre\u00e7o das a\u00e7\u00f5es da companhia para o curto prazo. De fato, a empresa, que tem sua opera\u00e7\u00e3o concentrada em gera\u00e7\u00e3o h\u00eddrica, sofreu com o cen\u00e1rio hidrol\u00f3gico adverso enfrentado no ano passado. Nesse sentido, a mesma j\u00e1 declarou que pretende reduzir sua exposi\u00e7\u00e3o \u00e0s varia\u00e7\u00f5es da hidrologia, buscando expandir para outras fontes&#8221;.<\/p>\n\n\n\n<p>Para 2022, a Levante espera uma normaliza\u00e7\u00e3o da opera\u00e7\u00e3o da companhia, &#8220;que deve se beneficiar do atual cen\u00e1rio de chuvas mais intensas que o pa\u00eds tem vivenciado desde o final do ano passado&#8221;. <\/p>\n\n\n\n<h2 class=\"wp-block-heading\">Iguatemi <\/h2>\n\n\n\n<p>A<strong>\u00a0Iguatemi<\/strong>\u00a0(<a rel=\"noreferrer noopener\" href=\"https:\/\/investnews.com.br\/cotacao\/igti11-iguatemi-shopping-centers-sa\/\" target=\"_blank\" class=\"rank-math-link\">IGTI11<\/a>) cedeu 3,63%, para R$ 18,87, <a href=\"https:\/\/investnews.com.br\/negocios\/iguatemi-adquire-23-do-brecho-de-luxo-etiqueta-unica-por-r-27-milhoes\/\" class=\"rank-math-link\">depois de anunciar a compra de 23,08% da\u00a0<strong>Etiqueta \u00danica<\/strong>,<\/a> empresa de com\u00e9rcio eletr\u00f4nico que realiza a intermedia\u00e7\u00e3o de venda de artigos de luxo usados, por R$ 27 milh\u00f5es. <\/p>\n\n\n\n<h2 class=\"wp-block-heading\">Destaques da semana <\/h2>\n\n\n\n<figure class=\"wp-block-table\"><table class=\"\"><tbody><tr><td><a href=\"https:\/\/investnews.com.br\/guias\/ticker-codigos-das-acoes\/\">Ticker<\/a><\/td><td>Varia\u00e7\u00e3o semanal em %<\/td><\/tr><tr><td>GOLL4<\/td><td>-14,00<\/td><\/tr><tr><td>AZUL4<\/td><td>-13,68<\/td><\/tr><tr><td>CVCB3<\/td><td>-11,87<\/td><\/tr><tr><td>ABEV3<\/td><td>-8,36<\/td><\/tr><tr><td>LWSA3<\/td><td>-8,11<\/td><\/tr><\/tbody><\/table><\/figure>\n\n\n\n<figure class=\"wp-block-table\"><table class=\"\"><tbody><tr><td>Ticker<\/td><td>Varia\u00e7\u00e3o semanal em %<\/td><\/tr><tr><td>CSNA3<\/td><td>15,54<\/td><\/tr><tr><td>GGBR4<\/td><td>15,48<\/td><\/tr><tr><td>BRAP4<\/td><td>14,31<\/td><\/tr><tr><td>RRRP3<\/td><td>13,99<\/td><\/tr><tr><td>GOAU4<\/td><td>13,64<\/td><\/tr><\/tbody><\/table><\/figure>\n","protected":false},"excerpt":{"rendered":"<p>Empresas exportadoras tiveram a maior valoriza\u00e7\u00e3o no acumulado dos \u00faltimos cinco dias. <\/p>\n","protected":false},"author":53,"featured_media":286857,"comment_status":"closed","ping_status":"open","sticky":false,"template":"","format":"standard","meta":{"_acf_changed":false,"inline_featured_image":false,"footnotes":""},"categories":[4],"tags":[184],"autor-wsj":[],"coauthors":[2433],"class_list":["post-310377","post","type-post","status-publish","format-standard","has-post-thumbnail","hentry","category-financas","tag-iguatemi"],"acf":[],"amp_enabled":true,"_links":{"self":[{"href":"https:\/\/investnews.com.br\/inv-api\/wp\/v2\/posts\/310377","targetHints":{"allow":["GET"]}}],"collection":[{"href":"https:\/\/investnews.com.br\/inv-api\/wp\/v2\/posts"}],"about":[{"href":"https:\/\/investnews.com.br\/inv-api\/wp\/v2\/types\/post"}],"author":[{"embeddable":true,"href":"https:\/\/investnews.com.br\/inv-api\/wp\/v2\/users\/53"}],"replies":[{"embeddable":true,"href":"https:\/\/investnews.com.br\/inv-api\/wp\/v2\/comments?post=310377"}],"version-history":[{"count":13,"href":"https:\/\/investnews.com.br\/inv-api\/wp\/v2\/posts\/310377\/revisions"}],"predecessor-version":[{"id":310646,"href":"https:\/\/investnews.com.br\/inv-api\/wp\/v2\/posts\/310377\/revisions\/310646"}],"wp:featuredmedia":[{"embeddable":true,"href":"https:\/\/investnews.com.br\/inv-api\/wp\/v2\/media\/286857"}],"wp:attachment":[{"href":"https:\/\/investnews.com.br\/inv-api\/wp\/v2\/media?parent=310377"}],"wp:term":[{"taxonomy":"category","embeddable":true,"href":"https:\/\/investnews.com.br\/inv-api\/wp\/v2\/categories?post=310377"},{"taxonomy":"post_tag","embeddable":true,"href":"https:\/\/investnews.com.br\/inv-api\/wp\/v2\/tags?post=310377"},{"taxonomy":"autor-wsj","embeddable":true,"href":"https:\/\/investnews.com.br\/inv-api\/wp\/v2\/autor-wsj?post=310377"},{"taxonomy":"author","embeddable":true,"href":"https:\/\/investnews.com.br\/inv-api\/wp\/v2\/coauthors?post=310377"}],"curies":[{"name":"wp","href":"https:\/\/api.w.org\/{rel}","templated":true}]}}