{"id":311681,"date":"2022-03-10T09:48:15","date_gmt":"2022-03-10T12:48:15","guid":{"rendered":"https:\/\/investnews.com.br\/?p=311681"},"modified":"2024-06-26T11:47:50","modified_gmt":"2024-06-26T14:47:50","slug":"caged-abertura-de-vagas-jan-2022","status":"publish","type":"post","link":"https:\/\/investnews.com.br\/economia\/caged-abertura-de-vagas-jan-2022\/","title":{"rendered":"Brasil abre 155,2 mil vagas formais de trabalho em janeiro, aponta Caged"},"content":{"rendered":"\n<p>O Brasil abriu 155.178 vagas formais de trabalho em janeiro, 39% a menos que o observado no mesmo m\u00eas de 2021 e abaixo das expectativas de mercado, apontam dados do Cadastro Geral de Empregados e Desempregados (Caged), divulgado nesta quinta-feira pelo Minist\u00e9rio do Trabalho e Previd\u00eancia.<\/p>\n\n\n\n<p>Em janeiro de 2021, a cria\u00e7\u00e3o l\u00edquida de vagas havia sido de 254.323 postos, conforme s\u00e9rie do Caged com ajustes.<\/p>\n\n\n\n<figure class=\"wp-block-image size-large\"><img loading=\"lazy\" decoding=\"async\" width=\"895\" height=\"540\" src=\"https:\/\/media.investnews.com.br\/uploads\/2022\/03\/WhatsApp-Image-2022-03-10-at-13.16.02.jpeg\" alt=\"\" class=\"wp-image-311791\" srcset=\"https:\/\/media.investnews.com.br\/uploads\/2022\/03\/WhatsApp-Image-2022-03-10-at-13.16.02.jpeg 895w, https:\/\/media.investnews.com.br\/uploads\/2022\/03\/WhatsApp-Image-2022-03-10-at-13.16.02-300x181.jpeg 300w, https:\/\/media.investnews.com.br\/uploads\/2022\/03\/WhatsApp-Image-2022-03-10-at-13.16.02-768x463.jpeg 768w, https:\/\/media.investnews.com.br\/uploads\/2022\/03\/WhatsApp-Image-2022-03-10-at-13.16.02-172x104.jpeg 172w, https:\/\/media.investnews.com.br\/uploads\/2022\/03\/WhatsApp-Image-2022-03-10-at-13.16.02-150x91.jpeg 150w\" sizes=\"auto, (max-width: 895px) 100vw, 895px\" \/><figcaption>Elabora\u00e7\u00e3o: Samy Dana<\/figcaption><\/figure>\n\n\n\n<p>O resultado tamb\u00e9m veio pior que as expectativas de mercado. Pesquisa Reuters com analistas projetava uma cria\u00e7\u00e3o l\u00edquida de 170.000 postos no m\u00eas passado.<\/p>\n\n\n\n<p>Ainda assim, o saldo foi o terceiro melhor para meses de janeiro desde 2010, conforme s\u00e9rie hist\u00f3rica sem ajuste apresentada pela pasta, perdendo para 2021 (+257.059) e 2010 (+181.419).<\/p>\n\n\n\n<p>O dado do m\u00eas passado \u00e9 resultado de 1.777.646 admiss\u00f5es, uma alta de 3,8% em rela\u00e7\u00e3o a janeiro de 2021, e 1.622.468 desligamentos, eleva\u00e7\u00e3o de 11,3%.<\/p>\n\n\n\n<figure class=\"wp-block-image size-large\"><img loading=\"lazy\" decoding=\"async\" width=\"895\" height=\"540\" src=\"https:\/\/media.investnews.com.br\/uploads\/2022\/03\/WhatsApp-Image-2022-03-10-at-13.30.16.jpeg\" alt=\"Caged - Elabora\u00e7\u00e3o: Samy Dana\" class=\"wp-image-311796\" srcset=\"https:\/\/media.investnews.com.br\/uploads\/2022\/03\/WhatsApp-Image-2022-03-10-at-13.30.16.jpeg 895w, https:\/\/media.investnews.com.br\/uploads\/2022\/03\/WhatsApp-Image-2022-03-10-at-13.30.16-300x181.jpeg 300w, https:\/\/media.investnews.com.br\/uploads\/2022\/03\/WhatsApp-Image-2022-03-10-at-13.30.16-768x463.jpeg 768w, https:\/\/media.investnews.com.br\/uploads\/2022\/03\/WhatsApp-Image-2022-03-10-at-13.30.16-172x104.jpeg 172w, https:\/\/media.investnews.com.br\/uploads\/2022\/03\/WhatsApp-Image-2022-03-10-at-13.30.16-150x91.jpeg 150w\" sizes=\"auto, (max-width: 895px) 100vw, 895px\" \/><figcaption>Caged &#8211; Elabora\u00e7\u00e3o: Samy Dana<\/figcaption><\/figure>\n\n\n\n<p>T\u00e9cnicos do minist\u00e9rio afirmaram que uma das raz\u00f5es para o aumento mais forte nas demiss\u00f5es \u00e9 uma distor\u00e7\u00e3o no efeito de compara\u00e7\u00e3o com janeiro de 2021, quando ainda estava em vig\u00eancia a garantia provis\u00f3ria de emprego a trabalhadores que aderiram ao programa emergencial de cortes de jornada e sal\u00e1rio.<\/p>\n\n\n\n<p>Al\u00e9m disso, o saldo mais expressivo em janeiro do ano passado, segundo eles, ocorreu porque o pa\u00eds passava por um momento de forte retomada econ\u00f4mica em meio \u00e0 redu\u00e7\u00e3o das restri\u00e7\u00f5es decorrentes da pandemia de Covid-19.<\/p>\n\n\n\n<p>&#8220;A economia brasileira estava em franco processo de recupera\u00e7\u00e3o, uma din\u00e2mica muito particular de retomada do emprego em 2021&#8221;, disse o secret\u00e1rio executivo da pasta, Bruno Dalcolmo.<\/p>\n\n\n\n<p>Dentre os cinco setores mapeados, houve fechamento de vagas apenas no com\u00e9rcio (-60.088 postos). O destaque positivo ficou com o setor de servi\u00e7os, com abertura de 102.026 empregos, seguido por ind\u00fastria (+51.419 postos), constru\u00e7\u00e3o (+36.809) e agropecu\u00e1ria (+25.014 postos).<\/p>\n\n\n\n<figure class=\"wp-block-image size-large\"><img loading=\"lazy\" decoding=\"async\" width=\"895\" height=\"540\" src=\"https:\/\/media.investnews.com.br\/uploads\/2022\/03\/WhatsApp-Image-2022-03-10-at-13.30.28-1.jpeg\" alt=\"Caged - Elabora\u00e7\u00e3o: Samy Dana\" class=\"wp-image-311800\" srcset=\"https:\/\/media.investnews.com.br\/uploads\/2022\/03\/WhatsApp-Image-2022-03-10-at-13.30.28-1.jpeg 895w, https:\/\/media.investnews.com.br\/uploads\/2022\/03\/WhatsApp-Image-2022-03-10-at-13.30.28-1-300x181.jpeg 300w, https:\/\/media.investnews.com.br\/uploads\/2022\/03\/WhatsApp-Image-2022-03-10-at-13.30.28-1-768x463.jpeg 768w, https:\/\/media.investnews.com.br\/uploads\/2022\/03\/WhatsApp-Image-2022-03-10-at-13.30.28-1-172x104.jpeg 172w, https:\/\/media.investnews.com.br\/uploads\/2022\/03\/WhatsApp-Image-2022-03-10-at-13.30.28-1-150x91.jpeg 150w\" sizes=\"auto, (max-width: 895px) 100vw, 895px\" \/><figcaption>Caged &#8211; Elabora\u00e7\u00e3o: Samy Dana<\/figcaption><\/figure>\n\n\n\n<p>O ministro do Trabalho e Previd\u00eancia, Onyx Lorenzoni, comemorou os n\u00fameros do m\u00eas, ressaltando que o com\u00e9rcio foi atingido pelo encerramento das festas de fim de ano.<\/p>\n\n\n\n<p>\u201cAinda fomos impactados no m\u00eas de janeiro pelas demiss\u00f5es que t\u00eam origem em empregos tempor\u00e1rios\u201d, afirmou.<\/p>\n\n\n\n<p>Em rela\u00e7\u00e3o \u00e0 media dos sal\u00e1rios de contrata\u00e7\u00e3o, houve alta no valor, passando de 1.805,35 reais em dezembro para 1.920,59 reais em janeiro. Esse indicador veio em trajet\u00f3ria de queda entre maio e novembro de 2021, invertendo a tend\u00eancia a partir de dezembro.<\/p>\n\n\n\n<figure class=\"wp-block-image size-large\"><img loading=\"lazy\" decoding=\"async\" width=\"895\" height=\"540\" src=\"https:\/\/media.investnews.com.br\/uploads\/2022\/03\/WhatsApp-Image-2022-03-10-at-13.37.22.jpeg\" alt=\"Caged - Elabora\u00e7\u00e3o: Samy Dana\" class=\"wp-image-311804\" srcset=\"https:\/\/media.investnews.com.br\/uploads\/2022\/03\/WhatsApp-Image-2022-03-10-at-13.37.22.jpeg 895w, https:\/\/media.investnews.com.br\/uploads\/2022\/03\/WhatsApp-Image-2022-03-10-at-13.37.22-300x181.jpeg 300w, https:\/\/media.investnews.com.br\/uploads\/2022\/03\/WhatsApp-Image-2022-03-10-at-13.37.22-768x463.jpeg 768w, https:\/\/media.investnews.com.br\/uploads\/2022\/03\/WhatsApp-Image-2022-03-10-at-13.37.22-172x104.jpeg 172w, https:\/\/media.investnews.com.br\/uploads\/2022\/03\/WhatsApp-Image-2022-03-10-at-13.37.22-150x91.jpeg 150w\" sizes=\"auto, (max-width: 895px) 100vw, 895px\" \/><figcaption>Caged &#8211; Elabora\u00e7\u00e3o: Samy Dana<\/figcaption><\/figure>\n\n\n\n<p><strong>Veja tamb\u00e9m<\/strong><\/p>\n\n\n\n<ul class=\"wp-block-list\"><li>Em que n\u00edvel est\u00e1 a&nbsp;<a target=\"_blank\" href=\"https:\/\/investnews.com.br\/colunistas\/claudia-kodja\/em-que-nivel-esta-a-desigualdade-social-feminina\/\" rel=\"noreferrer noopener\">desigualdade social feminina<\/a>?<\/li><li><a target=\"_blank\" href=\"https:\/\/investnews.com.br\/cafeina\/mercado-brasileiro-representa-3-do-mercado-americano-como-diversificar\/\" rel=\"noreferrer noopener\">Mercado brasileiro representa 3% do mercado americano<\/a>. Como diversificar?<\/li><li>Valor de&nbsp;<a target=\"_blank\" href=\"https:\/\/investnews.com.br\/negocios\/empresas-saindo-da-russia\/\" rel=\"noreferrer noopener\">empresas que j\u00e1 romperam com a R\u00fassia<\/a>&nbsp;soma quase 7 vezes o PIB do pa\u00eds<\/li><li><a target=\"_blank\" href=\"https:\/\/investnews.com.br\/boletim-investnews\/dolar-abaixo-de-r-5-veja-3-estrategias-para-o-investidor\/\" rel=\"noreferrer noopener\">D\u00f3lar abaixo de R$ 5<\/a>: veja 3 estrat\u00e9gias para o investidor<\/li><li>Em parceria com a Nasdaq,&nbsp;<a target=\"_blank\" href=\"https:\/\/investnews.com.br\/esg\/em-parceria-com-a-nasdaq-rio-tera-nova-bolsa-de-valores-para-ativos-verdes\/\" rel=\"noreferrer noopener\">Rio ter\u00e1 nova bolsa de valores<\/a>&nbsp;\u2014 para ativos verdes<\/li><li><a target=\"_blank\" href=\"https:\/\/investnews.com.br\/financas\/como-declarar-fundos-imobiliarios-ir\/\" rel=\"noreferrer noopener\">Como declarar fundos imobili\u00e1rios no Imposto de Renda 2022<\/a>?<\/li><\/ul>\n","protected":false},"excerpt":{"rendered":"<p>Resultado veio abaixo do projetado por analistas.<\/p>\n","protected":false},"author":61,"featured_media":249796,"comment_status":"closed","ping_status":"open","sticky":false,"template":"","format":"standard","meta":{"_acf_changed":false,"inline_featured_image":false,"footnotes":""},"categories":[5],"tags":[155,216],"autor-wsj":[],"coauthors":[2494],"class_list":["post-311681","post","type-post","status-publish","format-standard","has-post-thumbnail","hentry","category-economia","tag-brasil","tag-mercado-de-trabalho"],"acf":[],"amp_enabled":true,"_links":{"self":[{"href":"https:\/\/investnews.com.br\/inv-api\/wp\/v2\/posts\/311681","targetHints":{"allow":["GET"]}}],"collection":[{"href":"https:\/\/investnews.com.br\/inv-api\/wp\/v2\/posts"}],"about":[{"href":"https:\/\/investnews.com.br\/inv-api\/wp\/v2\/types\/post"}],"author":[{"embeddable":true,"href":"https:\/\/investnews.com.br\/inv-api\/wp\/v2\/users\/61"}],"replies":[{"embeddable":true,"href":"https:\/\/investnews.com.br\/inv-api\/wp\/v2\/comments?post=311681"}],"version-history":[{"count":7,"href":"https:\/\/investnews.com.br\/inv-api\/wp\/v2\/posts\/311681\/revisions"}],"predecessor-version":[{"id":311826,"href":"https:\/\/investnews.com.br\/inv-api\/wp\/v2\/posts\/311681\/revisions\/311826"}],"wp:featuredmedia":[{"embeddable":true,"href":"https:\/\/investnews.com.br\/inv-api\/wp\/v2\/media\/249796"}],"wp:attachment":[{"href":"https:\/\/investnews.com.br\/inv-api\/wp\/v2\/media?parent=311681"}],"wp:term":[{"taxonomy":"category","embeddable":true,"href":"https:\/\/investnews.com.br\/inv-api\/wp\/v2\/categories?post=311681"},{"taxonomy":"post_tag","embeddable":true,"href":"https:\/\/investnews.com.br\/inv-api\/wp\/v2\/tags?post=311681"},{"taxonomy":"autor-wsj","embeddable":true,"href":"https:\/\/investnews.com.br\/inv-api\/wp\/v2\/autor-wsj?post=311681"},{"taxonomy":"author","embeddable":true,"href":"https:\/\/investnews.com.br\/inv-api\/wp\/v2\/coauthors?post=311681"}],"curies":[{"name":"wp","href":"https:\/\/api.w.org\/{rel}","templated":true}]}}