{"id":312659,"date":"2022-03-15T08:44:52","date_gmt":"2022-03-15T11:44:52","guid":{"rendered":"https:\/\/investnews.com.br\/?p=312659"},"modified":"2022-03-15T08:44:54","modified_gmt":"2022-03-15T11:44:54","slug":"governo-lancara-credito-agricola","status":"publish","type":"post","link":"https:\/\/investnews.com.br\/economia\/governo-lancara-credito-agricola\/","title":{"rendered":"Sob press\u00e3o, governo lan\u00e7ar\u00e1 pacote de cr\u00e9dito agr\u00edcola"},"content":{"rendered":"\n<p>No cen\u00e1rio de alta dos pre\u00e7os de alimentos com a guerra na Ucr\u00e2nia, o governo vai aumentar o espa\u00e7o no Or\u00e7amento para os subs\u00eddios destinados \u00e0s opera\u00e7\u00f5es de cr\u00e9dito agr\u00edcola. \u00c9 uma tentativa de evitar problemas no plantio da safra que possam reduzir a produ\u00e7\u00e3o nacional e ampliar os riscos de infla\u00e7\u00e3o.<\/p>\n\n\n\n<p>O acerto negociado com o Minist\u00e9rio da Economia foi de uma libera\u00e7\u00e3o de mais R$ 868 milh\u00f5es para subsidiar linhas de financiamento do atual Plano Safra. Tamb\u00e9m ser\u00e1 liberado um cr\u00e9dito extraordin\u00e1rio de R$ 1,2 bilh\u00e3o para os agricultores dos Estados afetados pela seca no sul do Pa\u00eds conseguirem pagar as parcelas dos empr\u00e9stimos. Al\u00e9m do Rio Grande do Sul, do Paran\u00e1 e de Santa Catarina, os produtores de Mato Grosso do Sul tamb\u00e9m ser\u00e3o atendidos pela medida. Sem essa ajuda, os agricultores alegam que teriam dificuldade para tomar novos cr\u00e9ditos para o plantio da safra seguinte.<\/p>\n\n\n\n<p>O pacote emergencial de socorro agr\u00edcola foi negociado pelo ministro Paulo Guedes na semana passada, na v\u00e9spera da vota\u00e7\u00e3o dos projetos que <a href=\"https:\/\/investnews.com.br\/economia\/camara-aprova-mudanca-de-regras-de-icms-sobre-combustiveis\/\" class=\"rank-math-link\">alteram a forma de cobran\u00e7a do ICMS sobre os combust\u00edveis<\/a>. O movimento de Guedes foi interpretado por parlamentares do agroneg\u00f3cio como uma press\u00e3o para a aprova\u00e7\u00e3o dos projetos para conter a alta dos combust\u00edveis, segundo fontes do Congresso.<\/p>\n\n\n\n<p>A expectativa \u00e9 de que as medidas do pacote agr\u00edcola sejam anunciadas nos pr\u00f3ximos dias.<\/p>\n\n\n\n<h2 class=\"wp-block-heading\"><strong>Plano Safra m\u00edngua com alta dos juros<\/strong><\/h2>\n\n\n\n<p>O governo j\u00e1 tinha conseguido abrir espa\u00e7o no Or\u00e7amento para adicionar R$ 600 milh\u00f5es ao subs\u00eddio da linha do Plano Safra voltada aos pequenos produtos, via Programa Nacional de Fortalecimento da Agricultura Familiar (Pronaf). E, agora, busca o espa\u00e7o no Or\u00e7amento (com corte de verbas em outras \u00e1reas) para os remanejo de mais R$ 868 milh\u00f5es para as demais linhas do Plano Safra travadas.<\/p>\n\n\n\n<p>As dificuldades para o Plano Safra apareceram porque o Or\u00e7amento se mostrou insuficiente para subsidiar as linhas de cr\u00e9dito diante dos juros mais altos. A \u00e1rea econ\u00f4mica foi obrigada a fechar as torneiras. Em fevereiro, o Tesouro encaminhou um of\u00edcio aos bancos suspendendo essas opera\u00e7\u00f5es. A escassez de recursos para subsidiar o Plano Safra segue sendo um ponto de atrito com a bancada ruralista no Congresso. O valor da demanda dos agricultores chega a R$ 4 bilh\u00f5es. A equipe econ\u00f4mica, no entanto, aponta restri\u00e7\u00f5es or\u00e7ament\u00e1rias e diz que ser\u00e1 preciso garantir os recursos de forma gradual.<\/p>\n\n\n\n<p>Senadores discutiram a possibilidade de destinar mais R$ 1,3 bilh\u00e3o das emendas do chamado or\u00e7amento secreto para o segmento. Essas verbas, por\u00e9m, s\u00e3o tratadas como &#8220;blindadas&#8221; pelo ministro da Casa Civil, Ciro Nogueira, e pelo presidente da C\u00e2mara, Arthur Lira (Progressistas-AL).<\/p>\n\n\n\n<p>T\u00e9cnicos do Congresso chegaram a sugerir ao governo que editasse um cr\u00e9dito extraordin\u00e1rio tamb\u00e9m para aumentar os recursos do Plano Safra, e n\u00e3o apenas para o socorro emergencial. De um lado, o argumento de consultores \u00e9 de que a inclus\u00e3o da verba em um projeto de lei poderia levar um tempo maior para ser aprovada. De outro lado, parlamentares pressionam o governo a tomar medidas urgentes para demonstrar que realmente quer resolver o problema do financiamento agr\u00edcola. O assunto foi discutido entre a bancada ruralista e a ministra da Agricultura, Tereza Cristina.<\/p>\n\n\n\n<h2 class=\"wp-block-heading\"><strong>Seca<\/strong><\/h2>\n\n\n\n<p>J\u00e1 o cr\u00e9dito extra de R$ 1,2 bilh\u00e3o para as \u00e1reas afetadas pelo clima n\u00e3o entra no teto de gastos. A justificativa para a edi\u00e7\u00e3o do cr\u00e9dito extraordin\u00e1rio, voltado para despesas urgentes e imprevis\u00edveis, ser\u00e1 a necessidade de garantir a seguran\u00e7a alimentar do Pa\u00eds.<\/p>\n\n\n\n<p><strong>Veja tamb\u00e9m<\/strong><\/p>\n\n\n\n<ul class=\"wp-block-list\"><li><a target=\"_blank\" href=\"https:\/\/investnews.com.br\/boletim-investnews\/vale-e-siderurgicas-como-novo-surto-de-covid-na-china-pode-afetar-as-empresas\/\" rel=\"noreferrer noopener\">Como novo surto de covid na China pode afetar a bolsa no Brasil<\/a>?<\/li><li>Guerra n\u00e3o impacta&nbsp;<a target=\"_blank\" href=\"https:\/\/investnews.com.br\/economia\/guerra-juros-fed-e-copom\/\" rel=\"noreferrer noopener\">decis\u00f5es do Fed e Copom sobre juros<\/a>&nbsp;agora, dizem economistas<\/li><li>Com alta da gasolina e do petr\u00f3leo, como ficam as&nbsp;<a target=\"_blank\" href=\"https:\/\/investnews.com.br\/cafeina\/com-alta-da-gasolina-e-do-petroleo-como-ficam-as-acoes-das-petroleiras\/\" rel=\"noreferrer noopener\">a\u00e7\u00f5es das petroleiras<\/a>?<\/li><li>Por que as pessoas s\u00e3o enganadas por&nbsp;<a target=\"_blank\" href=\"https:\/\/investnews.com.br\/colunistas\/coluna-do-samy-dana\/por-que-as-pessoas-sao-enganadas-por-golpistas-como-o-do-tinder\/\" rel=\"noreferrer noopener\">golpistas como o do Tinder<\/a>?<\/li><li><a target=\"_blank\" href=\"https:\/\/investnews.com.br\/financas\/como-declarar-venda-de-veiculo-no-imposto-de-renda\/\" rel=\"noreferrer noopener\">Como declarar venda de ve\u00edculo no Imposto de Renda<\/a>? Veja 5 dicas<\/li><\/ul>\n","protected":false},"excerpt":{"rendered":"<p>Acerto negociado com o Minist\u00e9rio da Economia foi de uma libera\u00e7\u00e3o de mais R$ 868 milh\u00f5es para subsidiar linhas de financiamento do atual Plano Safra. <\/p>\n","protected":false},"author":62,"featured_media":312660,"comment_status":"closed","ping_status":"open","sticky":false,"template":"","format":"standard","meta":{"_acf_changed":false,"inline_featured_image":false,"footnotes":""},"categories":[5],"tags":[780,42],"autor-wsj":[],"coauthors":[2499],"class_list":["post-312659","post","type-post","status-publish","format-standard","has-post-thumbnail","hentry","category-economia","tag-agronegocio","tag-credito"],"acf":[],"amp_enabled":true,"_links":{"self":[{"href":"https:\/\/investnews.com.br\/inv-api\/wp\/v2\/posts\/312659","targetHints":{"allow":["GET"]}}],"collection":[{"href":"https:\/\/investnews.com.br\/inv-api\/wp\/v2\/posts"}],"about":[{"href":"https:\/\/investnews.com.br\/inv-api\/wp\/v2\/types\/post"}],"author":[{"embeddable":true,"href":"https:\/\/investnews.com.br\/inv-api\/wp\/v2\/users\/62"}],"replies":[{"embeddable":true,"href":"https:\/\/investnews.com.br\/inv-api\/wp\/v2\/comments?post=312659"}],"version-history":[{"count":1,"href":"https:\/\/investnews.com.br\/inv-api\/wp\/v2\/posts\/312659\/revisions"}],"predecessor-version":[{"id":312661,"href":"https:\/\/investnews.com.br\/inv-api\/wp\/v2\/posts\/312659\/revisions\/312661"}],"wp:featuredmedia":[{"embeddable":true,"href":"https:\/\/investnews.com.br\/inv-api\/wp\/v2\/media\/312660"}],"wp:attachment":[{"href":"https:\/\/investnews.com.br\/inv-api\/wp\/v2\/media?parent=312659"}],"wp:term":[{"taxonomy":"category","embeddable":true,"href":"https:\/\/investnews.com.br\/inv-api\/wp\/v2\/categories?post=312659"},{"taxonomy":"post_tag","embeddable":true,"href":"https:\/\/investnews.com.br\/inv-api\/wp\/v2\/tags?post=312659"},{"taxonomy":"autor-wsj","embeddable":true,"href":"https:\/\/investnews.com.br\/inv-api\/wp\/v2\/autor-wsj?post=312659"},{"taxonomy":"author","embeddable":true,"href":"https:\/\/investnews.com.br\/inv-api\/wp\/v2\/coauthors?post=312659"}],"curies":[{"name":"wp","href":"https:\/\/api.w.org\/{rel}","templated":true}]}}