{"id":315602,"date":"2022-03-28T08:05:56","date_gmt":"2022-03-28T11:05:56","guid":{"rendered":"https:\/\/investnews.com.br\/?p=315602"},"modified":"2024-06-26T11:46:50","modified_gmt":"2024-06-26T14:46:50","slug":"resgate-de-dinheiro-esquecido-ucrania-moscou","status":"publish","type":"post","link":"https:\/\/investnews.com.br\/economia\/resgate-de-dinheiro-esquecido-ucrania-moscou\/","title":{"rendered":"5 fatos para hoje: novo ciclo de resgate de dinheiro esquecido; Ucr\u00e2nia e Moscou"},"content":{"rendered":"\n<h2 class=\"wp-block-heading\">1 &#8211; Dinheiro esquecido: BC anuncia novo ciclo e elimina agendamento na segunda fase<\/h2>\n\n\n\n<p>O Banco Central (BC) anunciou um novo ciclo de resgate no Sistema de Valores a Receber (SVR), entre os dias 28 de mar\u00e7o e 16 de abril, e o fim do agendamento para saque dos recursos a partir de maio, quando come\u00e7a uma segunda fase de consulta e resgate dos valores.<\/p>\n\n\n\n<p>Uma atualiza\u00e7\u00e3o no sistema tamb\u00e9m poder\u00e1 resultar em novos valores a receber depois de maio, esclarece a autoridade monet\u00e1ria. &#8220;O sistema contar\u00e1 com informa\u00e7\u00f5es novas repassadas pelas institui\u00e7\u00f5es financeiras. Ou seja, mesmo quem j\u00e1 resgatou seus recursos e quem n\u00e3o tinha valores a receber na primeira etapa deve consultar novamente o sistema, pois os dados ser\u00e3o atualizados e pode haver recurso novo&#8221;, diz o BC em newsletter distribu\u00edda \u00e0 imprensa.<\/p>\n\n\n\n<p>O sistema ficar\u00e1 fechado entre 17\/4 e 1\u00ba\/5 para &#8220;reformula\u00e7\u00e3o&#8221;. A partir de 2 de maio, n\u00e3o haver\u00e1 mais necessidade de agendamento e o resgate de recursos poder\u00e1 ser solicitado logo na primeira consulta.<\/p>\n\n\n\n<p>O BC criou o SRV para que a popula\u00e7\u00e3o confira se tem &#8220;dinheiro esquecido&#8221; em contas banc\u00e1rias encerradas com saldo dispon\u00edvel ou em raz\u00e3o de tarifas cobradas indevidamente em opera\u00e7\u00f5es de cr\u00e9dito.<\/p>\n\n\n\n<p>De acordo com a institui\u00e7\u00e3o, 2.852.109 pessoas f\u00edsicas e jur\u00eddicas j\u00e1 haviam solicitado resgate de valores a receber at\u00e9 a \u00faltima quinta-feira, totalizando R$ 245,8 milh\u00f5es.<\/p>\n\n\n\n<h3 class=\"wp-block-heading\"><strong>Calend\u00e1rio<\/strong><\/h3>\n\n\n\n<p>Para o pr\u00f3ximo intervalo, a libera\u00e7\u00e3o permanecer\u00e1 seguindo um escalonamento de acordo com a data de nascimento ou a data de abertura da pessoa jur\u00eddica. No entanto, desta vez, o acesso de cidad\u00e3os e empresas ao sistema poder\u00e1 ser feito ao longo de todo o dia da escala, e n\u00e3o apenas em determinado turno, como ocorreu at\u00e9 agora.<\/p>\n\n\n\n<p>O calend\u00e1rio de 28\/3 e 16\/4 obedecer\u00e1 os seguintes crit\u00e9rios:<\/p>\n\n\n\n<p>28\/03: cidad\u00e3os nascidos ou empresas abertas at\u00e9 1947;<\/p>\n\n\n\n<p>29\/03: de 1948 a 1954;<\/p>\n\n\n\n<p>30\/03: de 1955 a 1959;<\/p>\n\n\n\n<p>31\/03: 1960 a 1963;<\/p>\n\n\n\n<p>1\u00ba\/04: 1964 a 1967;<\/p>\n\n\n\n<p>02\/04: repescagem;<\/p>\n\n\n\n<p>03\/05: fechado;<\/p>\n\n\n\n<p>04\/04: 1968 a 1971;<\/p>\n\n\n\n<p>05\/04: 1972 a 1975;<\/p>\n\n\n\n<p>06\/04: 1976 a 1979;<\/p>\n\n\n\n<p>07\/04: 1980 a 1981;<\/p>\n\n\n\n<p>08\/04: 1982 a 1983;<\/p>\n\n\n\n<p>09\/04: repescagem;<\/p>\n\n\n\n<p>10\/04: fechado;<\/p>\n\n\n\n<p>11\/04: 1984 a 1985;<\/p>\n\n\n\n<p>12\/04: 1986 a 1988;<\/p>\n\n\n\n<p>13\/04: 1989 a 1992;<\/p>\n\n\n\n<p>14\/04: 1993 a 1997;<\/p>\n\n\n\n<p>15\/04: 1998 em diante;<\/p>\n\n\n\n<p>16\/04: repescagem;<\/p>\n\n\n\n<p>17\/04: fechado.<\/p>\n\n\n\n<h2 class=\"wp-block-heading\">2 &#8211; Ucr\u00e2nia est\u00e1 preparada para discutir status de neutralidade, diz Zelenskiy a jornalistas russos<\/h2>\n\n\n\n<p>A Ucr\u00e2nia est\u00e1 preparada para discutir a ado\u00e7\u00e3o de um status neutro como parte de um acordo de paz com a R\u00fassia, mas isso teria que ser garantido por terceiros e submetido a um referendo, disse o presidente ucraniano, Volodymyr Zelenskiy, em coment\u00e1rios transmitidos neste domingo (27).\u00a0<\/p>\n\n\n\n<p>Zelenskiy conversava com jornalistas russos em uma videochamada de 90 minutos, uma entrevista que as autoridades russas tinham alertado preventivamente a m\u00eddia russa para se abster de cobrir. Zelenskiy falou em russo o tempo todo.<\/p>\n\n\n\n<p>Zelenskiy disse que a invas\u00e3o da R\u00fassia causou a destrui\u00e7\u00e3o de cidades de l\u00edngua russa na Ucr\u00e2nia, e disse que o dano foi pior do que as guerras russas na Chech\u00eania.&nbsp;<\/p>\n\n\n\n<p>&#8220;Garantias de seguran\u00e7a e neutralidade, status n\u00e3o nuclear de nosso Estado. Estamos prontos para isso. Esse \u00e9 o ponto mais importante&#8221;, disse ele.&nbsp;<\/p>\n\n\n\n<p>A Ucr\u00e2nia discutia o uso da l\u00edngua russa na Ucr\u00e2nia em conversas com a R\u00fassia, mas se recusou a discutir outras demandas russas, como a desmilitariza\u00e7\u00e3o da Ucr\u00e2nia, disse Zelenskiy.\u00a0<\/p>\n\n\n\n<h2 class=\"wp-block-heading\">3 &#8211; Presidente ucraniano exige que pa\u00edses ocidentais forne\u00e7am armas e questiona medo de Moscou pelo ocidente<\/h2>\n\n\n\n<p>O presidente ucraniano, Volodymyr Zelenskiy, visivelmente irritado, exigiu que os pa\u00edses ocidentais forne\u00e7am uma fra\u00e7\u00e3o do equipamento militar de seus estoques para seu pa\u00eds e questionou se eles t\u00eam medo de Moscou.&nbsp;<\/p>\n\n\n\n<p>V\u00e1rios pa\u00edses prometeram enviar m\u00edsseis antiblindagem e antia\u00e9reos, bem como armas pequenas, mas Zelenskiy disse que Kiev n\u00e3o est\u00e1 recebendo o que precisa.&nbsp;<\/p>\n\n\n\n<p>&#8220;S\u00e3o tanques para nosso Estado. \u00c9 a defesa de m\u00edsseis. S\u00e3o armas antinavio. Isso \u00e9 o que nossos parceiros t\u00eam, \u00e9 isso que est\u00e1 apenas acumulando poeira l\u00e1&#8221;, disse ele em seu agora habitual discurso em v\u00eddeo de s\u00e1bado. &#8220;Isso tudo n\u00e3o \u00e9 apenas pela liberdade da Ucr\u00e2nia, mas pela liberdade da Europa.&#8221;&nbsp;<\/p>\n\n\n\n<p>A Ucr\u00e2nia precisa de apenas 1% das aeronaves da Otan e 1% de seus tanques, disse ele, acrescentando ser imposs\u00edvel impedir os ataques russos ao porto de Mariupol, no sul, sem tanques, ve\u00edculos blindados e aeronaves suficientes.&nbsp;<\/p>\n\n\n\n<p>&#8220;J\u00e1 estamos esperando h\u00e1 31 dias. Quem est\u00e1 no comando da comunidade euro-atl\u00e2ntica? Ainda \u00e9 realmente Moscou, por causa da intimida\u00e7\u00e3o?&#8221; questionou.&nbsp;<\/p>\n\n\n\n<p>Zelenskiy tem argumentado repetidamente que a R\u00fassia tentar\u00e1 se expandir ainda mais na Europa se a Ucr\u00e2nia cair. No entanto, a Otan rejeitou seus pedidos para estabelecer uma zona livre de tr\u00e1fego a\u00e9reo sobre a Ucr\u00e2nia, alegando que isso poderia provocar uma guerra mais ampla.\u00a0<\/p>\n\n\n\n<h2 class=\"wp-block-heading\">4 &#8211; Bolsa de Moscou retomar\u00e1 negocia\u00e7\u00f5es de a\u00e7\u00f5es e t\u00edtulos em modo normal nesta 2\u00aa, diz BC<\/h2>\n\n\n\n<p>O banco central da R\u00fassia afirmou neste s\u00e1bado (26) que a bolsa de Moscou retomar\u00e1 as negocia\u00e7\u00f5es na segunda-feira, com a\u00e7\u00f5es e t\u00edtulos russos em modo normal, ainda que por meio dia.<\/p>\n\n\n\n<p>A autoridade monet\u00e1ria disse que a sess\u00e3o ir\u00e1 das 9h50 \u00e0s 13h50 no hor\u00e1rio de Bras\u00edlia (03h50 \u00e0s 7h50, hor\u00e1rio de Bras\u00edlia).<\/p>\n\n\n\n<p>O mercado russo est\u00e1 gradualmente reabrindo e retornando ao normal ap\u00f3s suspens\u00e3o provocada pelas san\u00e7\u00f5es ocidentais devido \u00e0 invas\u00e3o russa da Ucr\u00e2nia em 24 de fevereiro.<\/p>\n\n\n\n<p>A R\u00fassia retomou parcialmante algumas negocia\u00e7\u00f5es de a\u00e7\u00f5es na quinta-feira, depois de uma pausa de um m\u00eas<\/p>\n\n\n\n<h2 class=\"wp-block-heading\">5 &#8211; MP estabelece medidas trabalhistas em caso de calamidade p\u00fablica<\/h2>\n\n\n\n<p>O presidente Jair Bolsonaro assinou nesta sexta-feira (25) uma medida provis\u00f3ria (MP) que estabelece \u201cmedidas trabalhistas alternativas\u201d e \u00a0o Programa Emergencial de Manuten\u00e7\u00e3o do Emprego e da Renda em casos de calamidade p\u00fablica. A MP tem validade imediata e limitada a at\u00e9 120 dias. Para valer de forma permanente, precisa ser aprovada pelo Congresso Nacional.<\/p>\n\n\n\n<p>Segundo o governo, as \u201cmedidas trabalhistas alternativas\u201d e o Programa Emergencial de Manuten\u00e7\u00e3o do Emprego e da Renda se fazem necess\u00e1rias em caso de novo epis\u00f3dio onde haja uma calamidade p\u00fablica declarada nacionalmente ou em um estado ou munic\u00edpio, como ocorreu com a covid-19 ou, mais recentemente, com as enchentes na Bahia, em Minas Gerais e na cidade de Petr\u00f3polis (RJ).<\/p>\n\n\n\n<p>O texto determina que as medidas poder\u00e3o ser adotadas por empregados e empregadores e incluem a ado\u00e7\u00e3o do regime de teletrabalho, a antecipa\u00e7\u00e3o de f\u00e9rias individuais, a concess\u00e3o de f\u00e9rias coletivas, o aproveitamento e a antecipa\u00e7\u00e3o de feriados, regime diferenciado de banco de horas e o diferimento do recolhimento do Fundo de Garantia do Tempo de Servi\u00e7o (<a href=\"https:\/\/investnews.com.br\/guias\/fgts-como-funciona-como-sacar\/\">FGTS<\/a>).<\/p>\n\n\n\n<p>Segundo o governo, as medidas trabalhistas visam a preserva\u00e7\u00e3o do emprego e da renda dos trabalhadores, assim como a sustentabilidade do mercado de trabalho em situa\u00e7\u00f5es de calamidade p\u00fablica. \u201cO Programa Emergencial de Manuten\u00e7\u00e3o do Emprego e da Renda possibilita a redu\u00e7\u00e3o proporcional da jornada de trabalho e do sal\u00e1rio ou na suspens\u00e3o tempor\u00e1ria do contrato de trabalho, mediante a celebra\u00e7\u00e3o de acordo entre empregador e empregado, com pagamento do Benef\u00edcio Emergencial de Preserva\u00e7\u00e3o do Emprego e da Renda\u201d, afirma o governo.<\/p>\n\n\n\n<p>Os acordos ser\u00e3o realizados de forma coletiva, sendo que a negocia\u00e7\u00e3o individual \u00e9 poss\u00edvel para os trabalhadores cuja renda tende a ser recomposta pelo benef\u00edcio emergencial.<\/p>\n\n\n\n<p>Durante o per\u00edodo de garantia provis\u00f3ria no emprego, se o empregador demitir, ele dever\u00e1 pagar multa equivalente ao sal\u00e1rio que o empregado teria direito, no caso de suspens\u00e3o do contrato, ou equivalente \u00e0 propor\u00e7\u00e3o da redu\u00e7\u00e3o de jornada e sal\u00e1rio acordada.<\/p>\n\n\n\n<p><em>* Com informa\u00e7\u00f5es da Reuters, Estad\u00e3o Conte\u00fado e Ag\u00eancia Brasil<\/em><\/p>\n\n\n\n<p><strong>Veja tamb\u00e9m<\/strong><\/p>\n\n\n\n<ul class=\"wp-block-list\"><li>Falta de modelo <a href=\"https:\/\/investnews.com.br\/colunistas\/esg-na-pratica\/falta-de-modelo-esg-na-gestao-publica-perpetua-tragedias-em-temporada-de-chuvas\/\" class=\"rank-math-link\">ESG na gest\u00e3o p\u00fablica<\/a> perpetua trag\u00e9dias em temporada de chuvas<\/li><li>De janeiro a dezembro: <a href=\"https:\/\/investnews.com.br\/cafeina\/de-janeiro-a-dezembro-saiba-quando-cada-produto-ou-servico-estara-mais-barato\/\" class=\"rank-math-link\">saiba quando cada produto ou servi\u00e7o estar\u00e1 mais barato<\/a><\/li><li><a href=\"https:\/\/investnews.com.br\/analistas-em-acao\/acao-com-prejuizo-quando-vender\/\" class=\"rank-math-link\">Quando faz sentido vender a\u00e7\u00e3o que est\u00e1 com preju\u00edzo<\/a>?<\/li><li><a href=\"https:\/\/investnews.com.br\/financas\/deducao-imposto-de-renda-2022-confira-a-tabela-e-gastos\/\" class=\"rank-math-link\">Imposto de Renda 2022<\/a>: saiba quais gastos podem ser deduzidos<\/li><li><a href=\"https:\/\/investnews.com.br\/economia\/reducao-do-iof-e-ocde-o-que-muda\/\" class=\"rank-math-link\">Redu\u00e7\u00e3o do IOF<\/a>: entenda o que muda no imposto<\/li><li><a href=\"https:\/\/investnews.com.br\/boletim-investnews\/queda-do-dolar-e-acoes-de-exportadoras-entenda-o-recuo-de-klabin-suzano-e-jbs\/\" class=\"rank-math-link\">Queda do d\u00f3lar e a\u00e7\u00f5es de exportadoras<\/a>: entenda o recuo de Klabin, Suzano e JBS<\/li><\/ul>\n","protected":false},"excerpt":{"rendered":"<p>O Banco Central (BC) anunciou um novo ciclo de resgate no Sistema de Valores a Receber (SVR), que come\u00e7a nesta segunda-feira (28) e vai at\u00e9 16 de abril.<\/p>\n","protected":false},"author":7,"featured_media":312774,"comment_status":"closed","ping_status":"open","sticky":false,"template":"","format":"standard","meta":{"_acf_changed":false,"inline_featured_image":false,"footnotes":""},"categories":[5],"tags":[56,721,974],"autor-wsj":[],"coauthors":[1494],"class_list":["post-315602","post","type-post","status-publish","format-standard","has-post-thumbnail","hentry","category-economia","tag-banco-central","tag-bolsas-europeias","tag-russia"],"acf":[],"amp_enabled":true,"_links":{"self":[{"href":"https:\/\/investnews.com.br\/inv-api\/wp\/v2\/posts\/315602","targetHints":{"allow":["GET"]}}],"collection":[{"href":"https:\/\/investnews.com.br\/inv-api\/wp\/v2\/posts"}],"about":[{"href":"https:\/\/investnews.com.br\/inv-api\/wp\/v2\/types\/post"}],"author":[{"embeddable":true,"href":"https:\/\/investnews.com.br\/inv-api\/wp\/v2\/users\/7"}],"replies":[{"embeddable":true,"href":"https:\/\/investnews.com.br\/inv-api\/wp\/v2\/comments?post=315602"}],"version-history":[{"count":2,"href":"https:\/\/investnews.com.br\/inv-api\/wp\/v2\/posts\/315602\/revisions"}],"predecessor-version":[{"id":315606,"href":"https:\/\/investnews.com.br\/inv-api\/wp\/v2\/posts\/315602\/revisions\/315606"}],"wp:featuredmedia":[{"embeddable":true,"href":"https:\/\/investnews.com.br\/inv-api\/wp\/v2\/media\/312774"}],"wp:attachment":[{"href":"https:\/\/investnews.com.br\/inv-api\/wp\/v2\/media?parent=315602"}],"wp:term":[{"taxonomy":"category","embeddable":true,"href":"https:\/\/investnews.com.br\/inv-api\/wp\/v2\/categories?post=315602"},{"taxonomy":"post_tag","embeddable":true,"href":"https:\/\/investnews.com.br\/inv-api\/wp\/v2\/tags?post=315602"},{"taxonomy":"autor-wsj","embeddable":true,"href":"https:\/\/investnews.com.br\/inv-api\/wp\/v2\/autor-wsj?post=315602"},{"taxonomy":"author","embeddable":true,"href":"https:\/\/investnews.com.br\/inv-api\/wp\/v2\/coauthors?post=315602"}],"curies":[{"name":"wp","href":"https:\/\/api.w.org\/{rel}","templated":true}]}}