{"id":315621,"date":"2022-03-28T09:24:44","date_gmt":"2022-03-28T12:24:44","guid":{"rendered":"https:\/\/investnews.com.br\/?p=315621"},"modified":"2022-03-28T09:24:45","modified_gmt":"2022-03-28T12:24:45","slug":"para-75-dos-brasileiros-culpa-por-inflacao-e-do-governo-segundo-datafolha","status":"publish","type":"post","link":"https:\/\/investnews.com.br\/economia\/para-75-dos-brasileiros-culpa-por-inflacao-e-do-governo-segundo-datafolha\/","title":{"rendered":"Para 75% dos brasileiros culpa por infla\u00e7\u00e3o \u00e9 do governo, segundo Datafolha"},"content":{"rendered":"\n<p>Pesquisa Datafolha divulgada nesta segunda-feira mostra que 75% dos brasileiros culpam o governo do presidente Jair Bolsonaro pela alta da infla\u00e7\u00e3o, que fechou em 10,06% em 2021 e continua a crescer.<\/p>\n\n\n\n<p>De acordo com o levantamento, 36% dos entrevistados atribuem muita responsabilidade ao governo &#8211;em setembro esse \u00edndice era de 41%&#8211; e 39% atribuem um pouco de responsabilidade, enquanto na pesquisa anterior eram 34%. Outros 22% dizem que o governo n\u00e3o tem nenhuma responsabilidade, ante 23% anteriormente.<\/p>\n\n\n\n<p>No total, 75% apontam o governo como culpado, ao menos em parte, pela disparada dos pre\u00e7os, apesar dos esfor\u00e7os de Bolsonaro para apontar outros culpados: a guerra na Ucr\u00e2nia, o pre\u00e7o do petr\u00f3leo e, principalmente, os governadores, a quem culpa por pol\u00edticas de restri\u00e7\u00e3o de circula\u00e7\u00e3o devido \u00e0 pandemia, encerradas h\u00e1 v\u00e1rios meses.<\/p>\n\n\n\n<p>Pesquisa recente do instituto Ipespe mostrou que o medo da infla\u00e7\u00e3o vem crescendo na popula\u00e7\u00e3o, com 77% dos entrevistados reclamando que os pre\u00e7os &#8220;aumentaram muito&#8221; e 79% acreditando que ainda v\u00e3o aumentar mais, o que pode interferir diretamente na reelei\u00e7\u00e3o de Bolsonaro.<\/p>\n\n\n\n<p>A infla\u00e7\u00e3o fechou 2021 em 10,06%, a mais alta desde 2015, e continua subindo. O \u00cdndice Geral de Pre\u00e7os ao Consumidor Amplo (<a href=\"https:\/\/investnews.com.br\/guias\/o-que-e-ipca\/\">IPCA<\/a>), infla\u00e7\u00e3o oficial medida pelo Instituto Brasileiro de Geografia e Estat\u00edstica (IBGE), apontou um aumento de pre\u00e7os de 1,01% em fevereiro, o que leva a infla\u00e7\u00e3o de 12 meses para 10,54%.<\/p>\n\n\n\n<p>A pesquisa Datafolha foi realizada nos dias 22 e 23 deste m\u00eas e ouviu 2.556 pessoas em 181 cidades de todo pa\u00eds. A margem de erro \u00e9 de dois pontos percentuais, para mais ou para menos.<\/p>\n\n\n\n<p><strong>Veja tamb\u00e9m<\/strong><\/p>\n\n\n\n<ul class=\"wp-block-list\"><li>Falta de modelo&nbsp;<a href=\"https:\/\/investnews.com.br\/colunistas\/esg-na-pratica\/falta-de-modelo-esg-na-gestao-publica-perpetua-tragedias-em-temporada-de-chuvas\/\" target=\"_blank\" rel=\"noreferrer noopener\">ESG na gest\u00e3o p\u00fablica<\/a>&nbsp;perpetua trag\u00e9dias em temporada de chuvas<\/li><li>De janeiro a dezembro:&nbsp;<a href=\"https:\/\/investnews.com.br\/cafeina\/de-janeiro-a-dezembro-saiba-quando-cada-produto-ou-servico-estara-mais-barato\/\" target=\"_blank\" rel=\"noreferrer noopener\">saiba quando cada produto ou servi\u00e7o estar\u00e1 mais barato<\/a><\/li><li><a href=\"https:\/\/investnews.com.br\/analistas-em-acao\/acao-com-prejuizo-quando-vender\/\" target=\"_blank\" rel=\"noreferrer noopener\">Quando faz sentido vender a\u00e7\u00e3o que est\u00e1 com preju\u00edzo<\/a>?<\/li><li><a href=\"https:\/\/investnews.com.br\/financas\/deducao-imposto-de-renda-2022-confira-a-tabela-e-gastos\/\" target=\"_blank\" rel=\"noreferrer noopener\">Imposto de Renda 2022<\/a>: saiba quais gastos podem ser deduzidos<\/li><li><a href=\"https:\/\/investnews.com.br\/economia\/reducao-do-iof-e-ocde-o-que-muda\/\" target=\"_blank\" rel=\"noreferrer noopener\">Redu\u00e7\u00e3o do IOF<\/a>: entenda o que muda no imposto<\/li><li><a href=\"https:\/\/investnews.com.br\/boletim-investnews\/queda-do-dolar-e-acoes-de-exportadoras-entenda-o-recuo-de-klabin-suzano-e-jbs\/\" target=\"_blank\" rel=\"noreferrer noopener\">Queda do d\u00f3lar e a\u00e7\u00f5es de exportadoras<\/a>: entenda o recuo de Klabin, Suzano e JBS<\/li><\/ul>\n","protected":false},"excerpt":{"rendered":"<p>Pesquisa mostra que 36% dos entrevistados atribuem muita responsabilidade ao governo Bolsonaro. Em 2021, infla\u00e7\u00e3o foi de 10,06%.<\/p>\n","protected":false},"author":61,"featured_media":315622,"comment_status":"closed","ping_status":"open","sticky":false,"template":"","format":"standard","meta":{"_acf_changed":false,"inline_featured_image":false,"footnotes":""},"categories":[5],"tags":[],"autor-wsj":[],"coauthors":[2494],"class_list":["post-315621","post","type-post","status-publish","format-standard","has-post-thumbnail","hentry","category-economia"],"acf":[],"amp_enabled":true,"_links":{"self":[{"href":"https:\/\/investnews.com.br\/inv-api\/wp\/v2\/posts\/315621","targetHints":{"allow":["GET"]}}],"collection":[{"href":"https:\/\/investnews.com.br\/inv-api\/wp\/v2\/posts"}],"about":[{"href":"https:\/\/investnews.com.br\/inv-api\/wp\/v2\/types\/post"}],"author":[{"embeddable":true,"href":"https:\/\/investnews.com.br\/inv-api\/wp\/v2\/users\/61"}],"replies":[{"embeddable":true,"href":"https:\/\/investnews.com.br\/inv-api\/wp\/v2\/comments?post=315621"}],"version-history":[{"count":2,"href":"https:\/\/investnews.com.br\/inv-api\/wp\/v2\/posts\/315621\/revisions"}],"predecessor-version":[{"id":315624,"href":"https:\/\/investnews.com.br\/inv-api\/wp\/v2\/posts\/315621\/revisions\/315624"}],"wp:featuredmedia":[{"embeddable":true,"href":"https:\/\/investnews.com.br\/inv-api\/wp\/v2\/media\/315622"}],"wp:attachment":[{"href":"https:\/\/investnews.com.br\/inv-api\/wp\/v2\/media?parent=315621"}],"wp:term":[{"taxonomy":"category","embeddable":true,"href":"https:\/\/investnews.com.br\/inv-api\/wp\/v2\/categories?post=315621"},{"taxonomy":"post_tag","embeddable":true,"href":"https:\/\/investnews.com.br\/inv-api\/wp\/v2\/tags?post=315621"},{"taxonomy":"autor-wsj","embeddable":true,"href":"https:\/\/investnews.com.br\/inv-api\/wp\/v2\/autor-wsj?post=315621"},{"taxonomy":"author","embeddable":true,"href":"https:\/\/investnews.com.br\/inv-api\/wp\/v2\/coauthors?post=315621"}],"curies":[{"name":"wp","href":"https:\/\/api.w.org\/{rel}","templated":true}]}}