{"id":315700,"date":"2022-03-28T14:12:06","date_gmt":"2022-03-28T17:12:06","guid":{"rendered":"https:\/\/investnews.com.br\/?p=315700"},"modified":"2022-03-28T20:00:46","modified_gmt":"2022-03-28T23:00:46","slug":"minerva-marfrig-brf-e-jbs-sobem-apos-queda-acentuada-na-semana-passada","status":"publish","type":"post","link":"https:\/\/investnews.com.br\/financas\/minerva-marfrig-brf-e-jbs-sobem-apos-queda-acentuada-na-semana-passada\/","title":{"rendered":"Minerva, Marfrig, BRF e JBS terminam preg\u00e3o em alta ap\u00f3s avan\u00e7o do d\u00f3lar"},"content":{"rendered":"\n<p>Em dia de queda do principal indicador da B3, o <a href=\"https:\/\/investnews.com.br\/financas\/ibovespa-dolar-cotacao-28-03-2022\/\" class=\"rank-math-link\">Ibovespa<\/a>, as a\u00e7\u00f5es dos <strong>frigor\u00edficos <\/strong>terminaram a segunda-feira (28) com valoriza\u00e7\u00e3o em meio ao avan\u00e7o do d\u00f3lar.<\/p>\n\n\n\n<p><strong>Minerva, Marfrig, BRF e JBS <\/strong>terminaram o dia no positivo depois de encerrarem a semana anterior em forte baixa, ap\u00f3s oito quedas consecutivas da moeda norte-americana. <\/p>\n\n\n\n<p>Entre os pap\u00e9is com as maiores quedas ficaram os da empresa de hospedagem de sites <strong>Locaweb<\/strong>.<\/p>\n\n\n\n<p>As empresas de <strong>commodities<\/strong> se dividiram entre ganhos e perdas, com destaques para as petroleiras em meio \u00e0 queda do pre\u00e7o do petr\u00f3leo e not\u00edcia de que o presidente Bolsonaro teria tirado Joaquim Luna da presid\u00eancia da Petrobras. <em>Confira os destaques do dia: <\/em><\/p>\n\n\n\n<h2 class=\"wp-block-heading\">Frigor\u00edficos <\/h2>\n\n\n\n<p>Depois de encerraram a \u00faltima semana em forte queda, impactadas pela baixa no pre\u00e7o do d\u00f3lar, as a\u00e7\u00f5es dos <strong>frigor\u00edficos <\/strong>terminaram o preg\u00e3o desta segunda em alta repercutindo o avan\u00e7o da moeda norte-americana, que interrompeu oito quedas consecutivas. <\/p>\n\n\n\n<p>Al\u00e9m disso, na v\u00e9spera, a Marfrig informou que ap\u00f3s consenso com a Caixa de Previd\u00eancia dos Funcion\u00e1rios do Banco do Brasil (Previ), Marfrig e Previ concordaram com a indica\u00e7\u00e3o de Aldo Luiz Mendes, doutor em economia pela Universidade de S\u00e3o Paulo, ex-Vice Presidente de Finan\u00e7as do Banco do Brasil e ex-Diretor do Banco Central, para a chapa que ir\u00e1 compor o conselho de administra\u00e7\u00e3o da BRF. <\/p>\n\n\n\n<p>&#8220;O nome de Mendes \u00e9 uma indica\u00e7\u00e3o da Previ, e atende aos requisitos necess\u00e1rios para integrar o referido conselho. Ap\u00f3s o acordo, a Previ decidiu retirar o pedido de ado\u00e7\u00e3o da sistem\u00e1tica do voto m\u00faltiplo para a elei\u00e7\u00e3o dos membros do conselho de administra\u00e7\u00e3o da BRF, apresentado no \u00faltimo dia 24 de mar\u00e7o. A decis\u00e3o foi comunicada \u00e0 BRF em nota conjunta assinada por Previ e Marfrig&#8221;, informou a companhia em nota.  <\/p>\n\n\n\n<figure class=\"wp-block-table\"><table class=\"\"><tbody><tr><td><strong><a href=\"https:\/\/investnews.com.br\/guias\/ticker-codigos-das-acoes\/\">Ticker<\/a><\/strong><\/td><td><strong>Cota\u00e7ao em R$&nbsp;<\/strong><\/td><td><strong>Varia\u00e7\u00e3o em %<\/strong><\/td><\/tr><tr><td><a href=\"https:\/\/investnews.com.br\/cotacao\/beef3-minerva\/\" class=\"rank-math-link\">BEEF3<\/a><\/td><td>12,17<\/td><td>3,66<\/td><\/tr><tr><td><a href=\"https:\/\/investnews.com.br\/cotacao\/mrfg3-marfrig\/\" class=\"rank-math-link\">MRFG3<\/a><\/td><td>20,98<\/td><td>4,02<\/td><\/tr><tr><td><a href=\"https:\/\/investnews.com.br\/cotacao\/brfs3-brf-sa\/\" class=\"rank-math-link\">BRFS3<\/a><\/td><td>17,39<\/td><td>2,29<\/td><\/tr><tr><td><a href=\"https:\/\/investnews.com.br\/cotacao\/jbss3-jbs\/\" class=\"rank-math-link\">JBSS3<\/a><\/td><td>36,00<\/td><td>1,64<\/td><\/tr><\/tbody><\/table><\/figure>\n\n\n\n<p><em> Fonte: Valor Pro <\/em><\/p>\n\n\n\n<figure class=\"wp-block-embed-youtube wp-block-embed is-type-video is-provider-youtube wp-embed-aspect-16-9 wp-has-aspect-ratio\"><div class=\"wp-block-embed__wrapper\">\n<iframe loading=\"lazy\" title=\"Queda do d\u00f3lar e a\u00e7\u00f5es de exportadoras: entenda o recuo de KLBN11, SUZB3, JBSS3 e MRFG3\" width=\"500\" height=\"281\" src=\"https:\/\/www.youtube.com\/embed\/452ZPbJ8uEs?feature=oembed\" frameborder=\"0\" allow=\"accelerometer; autoplay; clipboard-write; encrypted-media; gyroscope; picture-in-picture; web-share\" referrerpolicy=\"strict-origin-when-cross-origin\" allowfullscreen><\/iframe>\n<\/div><\/figure>\n\n\n\n<h2 class=\"wp-block-heading\">Locaweb<\/h2>\n\n\n\n<p>As a\u00e7\u00f5es da<strong> Locawe<\/strong>b<a href=\"https:\/\/investnews.com.br\/cotacao\/lwsa3-locaweb\/\"> (LWSA3)<\/a> terminaram o dia em baixa de 4,57%, negociadas a R$ 9,60. Em coment\u00e1rio, a Ativa Investimentos escreveu que as a\u00e7\u00f5es expostas a alta da infla\u00e7\u00e3o <a href=\"https:\/\/investnews.com.br\/economia\/mercado-eleva-projecao-para-inflacao-2022-11a-vez\/\" class=\"rank-math-link\">(ap\u00f3s o mercado elevar a proje\u00e7\u00e3o do IPCA para 6,86% em 2022, contra previs\u00e3o anterior de 6,59%) <\/a>e a curva de juros s\u00e3o prejudicadas no preg\u00e3o desta segunda&#8211;feira. <\/p>\n\n\n\n<h2 class=\"wp-block-heading\">Commodities<\/h2>\n\n\n\n<p>Os pap\u00e9is das empresas de commodities terminaram em sentidos diferentes nesta segunda-feira. Ap\u00f3s a not\u00edcia de que Bolsonaro<a href=\"https:\/\/investnews.com.br\/negocios\/bolsonaro-decide-tirar-joaquim-luna-da-petrobras-dizem-jornais\/\" class=\"rank-math-link\"> teria tirado Joaquim Luna da presid\u00eancia da Petrobras<\/a>, os pap\u00e9is da estatal terminaram em queda, repercutindo tamb\u00e9m o recuo no pre\u00e7o do petr\u00f3leo. <\/p>\n\n\n\n<figure class=\"wp-block-table\"><table class=\"\"><tbody><tr><td>\n  <strong>Ticker<\/strong>\n  <\/td><td>\n  <strong>Cota\u00e7\u00e3o em R$&nbsp;<\/strong>\n  <\/td><td>\n  <strong>Varia\u00e7\u00e3o em %<\/strong>\n  <\/td><\/tr><tr><td>\n  <a href=\"https:\/\/investnews.com.br\/cotacao\/petr3-petr4-petrobras\/\">PETR3<\/a>\n  <\/td><td>\n  34,08\n  <\/td><td>\n  -2,63\n  <\/td><\/tr><tr><td>\n  <a href=\"https:\/\/investnews.com.br\/cotacao\/csna3-sid-nacional\/\">CSNA3<\/a>\n  <\/td><td>\n  26,27\n  <\/td><td>\n  -1,17\n  <\/td><\/tr><tr><td>\n  <a href=\"https:\/\/investnews.com.br\/cotacao\/petr3-petr4-petrobras\/\">PETR4<\/a>\n  <\/td><td>\n  31,6\n  <\/td><td>\n  -2,17%\n  <\/td><\/tr><tr><td>\n  <a href=\"https:\/\/investnews.com.br\/cotacao\/prio3-petrorio\/\">PRIO3<\/a>\n  <\/td><td>\n  25,03\n  <\/td><td>\n  -0,79%\n  <\/td><\/tr><tr><td>\n  <a href=\"https:\/\/investnews.com.br\/cotacao\/rrrp3-3r-petroleum\/\">RRRP3<\/a>\n  <\/td><td>\n  40,44\n  <\/td><td>\n  0,10%\n  <\/td><\/tr><tr><td>\n  <a href=\"https:\/\/investnews.com.br\/cotacao\/ggbr3-ggbr4-gerdau-sa\/\">GGBR4<\/a>\n  <\/td><td>\n  30,71\n  <\/td><td>\n  0,43%\n  <\/td><\/tr><tr><td>\n  <a href=\"https:\/\/investnews.com.br\/cotacao\/usim3-usiminas\/\">USIM5<\/a>\n  <\/td><td>\n  14,01\n  <\/td><td>\n  0,57%\n  <\/td><\/tr><tr><td>\n  <a href=\"https:\/\/investnews.com.br\/cotacao\/usim3-usiminas\/\">USIM3<\/a>\n  <\/td><td>\n  13,27\n  <\/td><td>\n  0,84%\n  <\/td><\/tr><tr><td>\n  <a href=\"https:\/\/investnews.com.br\/cotacao\/vale3-vale\/\">VALE3<\/a>\n  <\/td><td>\n  95,34\n  <\/td><td>\n  0,12\n  <\/td><\/tr><\/tbody><\/table><\/figure>\n\n\n\n<p>Fonte: Valor Pro<\/p>\n\n\n\n<p><strong>Confira abaixo como o mercado reagiu ap\u00f3s poss\u00edvel interfer\u00eancia na Petrobras: <\/strong><\/p>\n\n\n\n<figure class=\"wp-block-embed-youtube wp-block-embed is-type-video is-provider-youtube wp-embed-aspect-16-9 wp-has-aspect-ratio\"><div class=\"wp-block-embed__wrapper\">\n<iframe loading=\"lazy\" title=\"\ud83d\udd34 Bolsonaro quer trocar CEO da Petrobras; como fica PETR4?\" width=\"500\" height=\"281\" src=\"https:\/\/www.youtube.com\/embed\/lgm_GWJC0vs?feature=oembed\" frameborder=\"0\" allow=\"accelerometer; autoplay; clipboard-write; encrypted-media; gyroscope; picture-in-picture; web-share\" referrerpolicy=\"strict-origin-when-cross-origin\" allowfullscreen><\/iframe>\n<\/div><\/figure>\n\n\n\n<p><strong>Veja tamb\u00e9m<\/strong> <\/p>\n\n\n\n<ul class=\"wp-block-list\"><li>Falta de modelo&nbsp;<a target=\"_blank\" href=\"https:\/\/investnews.com.br\/colunistas\/esg-na-pratica\/falta-de-modelo-esg-na-gestao-publica-perpetua-tragedias-em-temporada-de-chuvas\/\" rel=\"noreferrer noopener\">ESG na gest\u00e3o p\u00fablica<\/a>&nbsp;perpetua trag\u00e9dias em temporada de chuvas<\/li><li>De janeiro a dezembro:&nbsp;<a target=\"_blank\" href=\"https:\/\/investnews.com.br\/cafeina\/de-janeiro-a-dezembro-saiba-quando-cada-produto-ou-servico-estara-mais-barato\/\" rel=\"noreferrer noopener\">saiba quando cada produto ou servi\u00e7o estar\u00e1 mais barato<\/a><\/li><li><a target=\"_blank\" href=\"https:\/\/investnews.com.br\/analistas-em-acao\/acao-com-prejuizo-quando-vender\/\" rel=\"noreferrer noopener\">Quando faz sentido vender a\u00e7\u00e3o que est\u00e1 com preju\u00edzo<\/a>?<\/li><li><a target=\"_blank\" href=\"https:\/\/investnews.com.br\/financas\/deducao-imposto-de-renda-2022-confira-a-tabela-e-gastos\/\" rel=\"noreferrer noopener\">Dedu\u00e7\u00e3o Imposto de Renda 2022<\/a>: confira a tabela e gastos<\/li><li><a target=\"_blank\" href=\"https:\/\/investnews.com.br\/economia\/reducao-do-iof-e-ocde-o-que-muda\/\" rel=\"noreferrer noopener\">Redu\u00e7\u00e3o do IOF<\/a>: entenda o que muda no imposto<\/li><li><a target=\"_blank\" href=\"https:\/\/investnews.com.br\/boletim-investnews\/queda-do-dolar-e-acoes-de-exportadoras-entenda-o-recuo-de-klabin-suzano-e-jbs\/\" rel=\"noreferrer noopener\">Queda do d\u00f3lar e a\u00e7\u00f5es de exportadoras<\/a>: entenda o recuo de Klabin, Suzano e JBS<\/li><\/ul>\n","protected":false},"excerpt":{"rendered":"<p>Na outra ponta, companhias mais afetadas pela infla\u00e7\u00e3o, em especial aquelas com alto potencial de crescimento, ca\u00edram em meio ao avan\u00e7o nas proje\u00e7\u00f5es do IPCA em 2022. <\/p>\n","protected":false},"author":7,"featured_media":246106,"comment_status":"closed","ping_status":"open","sticky":false,"template":"","format":"standard","meta":{"_acf_changed":false,"inline_featured_image":false,"footnotes":""},"categories":[4],"tags":[87379,191,474,21,221],"autor-wsj":[],"coauthors":[1494],"class_list":["post-315700","post","type-post","status-publish","format-standard","has-post-thumbnail","hentry","category-financas","tag-3r-petroleum","tag-marfrig","tag-beef3","tag-petrobras","tag-petroleo"],"acf":[],"amp_enabled":true,"_links":{"self":[{"href":"https:\/\/investnews.com.br\/inv-api\/wp\/v2\/posts\/315700","targetHints":{"allow":["GET"]}}],"collection":[{"href":"https:\/\/investnews.com.br\/inv-api\/wp\/v2\/posts"}],"about":[{"href":"https:\/\/investnews.com.br\/inv-api\/wp\/v2\/types\/post"}],"author":[{"embeddable":true,"href":"https:\/\/investnews.com.br\/inv-api\/wp\/v2\/users\/7"}],"replies":[{"embeddable":true,"href":"https:\/\/investnews.com.br\/inv-api\/wp\/v2\/comments?post=315700"}],"version-history":[{"count":18,"href":"https:\/\/investnews.com.br\/inv-api\/wp\/v2\/posts\/315700\/revisions"}],"predecessor-version":[{"id":315853,"href":"https:\/\/investnews.com.br\/inv-api\/wp\/v2\/posts\/315700\/revisions\/315853"}],"wp:featuredmedia":[{"embeddable":true,"href":"https:\/\/investnews.com.br\/inv-api\/wp\/v2\/media\/246106"}],"wp:attachment":[{"href":"https:\/\/investnews.com.br\/inv-api\/wp\/v2\/media?parent=315700"}],"wp:term":[{"taxonomy":"category","embeddable":true,"href":"https:\/\/investnews.com.br\/inv-api\/wp\/v2\/categories?post=315700"},{"taxonomy":"post_tag","embeddable":true,"href":"https:\/\/investnews.com.br\/inv-api\/wp\/v2\/tags?post=315700"},{"taxonomy":"autor-wsj","embeddable":true,"href":"https:\/\/investnews.com.br\/inv-api\/wp\/v2\/autor-wsj?post=315700"},{"taxonomy":"author","embeddable":true,"href":"https:\/\/investnews.com.br\/inv-api\/wp\/v2\/coauthors?post=315700"}],"curies":[{"name":"wp","href":"https:\/\/api.w.org\/{rel}","templated":true}]}}