{"id":315786,"date":"2022-03-28T17:26:11","date_gmt":"2022-03-28T20:26:11","guid":{"rendered":"https:\/\/investnews.com.br\/?p=315786"},"modified":"2022-03-28T21:33:48","modified_gmt":"2022-03-29T00:33:48","slug":"bolsonaro-decide-tirar-joaquim-luna-da-petrobras-dizem-jornais","status":"publish","type":"post","link":"https:\/\/investnews.com.br\/negocios\/bolsonaro-decide-tirar-joaquim-luna-da-petrobras-dizem-jornais\/","title":{"rendered":"Governo decide tirar Silva e Luna da Petrobras e indica Adriano Pires"},"content":{"rendered":"\n<p>O governo indicou nesta segunda-feira (28) o economista<strong> <a href=\"https:\/\/investnews.com.br\/economia\/quem-e-adriano-pires\/\" class=\"rank-math-link\">Adriano Pires<\/a><\/strong> como novo presidente da Petrobras, em substitui\u00e7\u00e3o ao general <strong>Joaquim Silva e Luna. <\/strong><\/p>\n\n\n\n<p>O Minist\u00e9rio de Minas e Energia apresentou uma lista de executivos para compor o <strong>Conselho de Administra\u00e7\u00e3o da Petrobras<\/strong>. As indica\u00e7\u00f5es passam a ter efeito a partir da<strong> confirma\u00e7\u00e3o pela assembleia geral ordin\u00e1ria<\/strong>, que ocorrer\u00e1 em 13 de abril.<\/p>\n\n\n\n<p>O jornal Valor Econ\u00f4mico e a Revista veja haviam publicado mais cedo not\u00edcias de que o presidente da Rep\u00fablica, Jair Bolsonaro, decidiu tirar o general Joaquim Silva e Luna do comando da empresa. As not\u00edcias v\u00eam na esteira de uma sequ\u00eancia de reclama\u00e7\u00f5es de Bolsonaro sobre o aumento dos <a href=\"https:\/\/investnews.com.br\/economia\/preco-da-gasolina-no-mundo\/\" class=\"rank-math-link\">pre\u00e7os dos combust\u00edveis<\/a>.<\/p>\n\n\n\n<p>A Petrobras confirmou a indica\u00e7\u00e3o de Pires para a presid\u00eancia da empresa e, em comunicado, refor\u00e7ou que o assunto &#8220;dever\u00e1 ser deliberado posteriormente pelo Conselho de Administra\u00e7\u00e3o da companhia&#8221;.<\/p>\n\n\n\n<figure class=\"wp-block-embed-youtube wp-block-embed is-type-video is-provider-youtube wp-embed-aspect-16-9 wp-has-aspect-ratio\"><div class=\"wp-block-embed__wrapper\">\n<iframe loading=\"lazy\" title=\"\ud83d\udd34 Bolsonaro quer trocar CEO da Petrobras; como fica PETR4?\" width=\"500\" height=\"281\" src=\"https:\/\/www.youtube.com\/embed\/lgm_GWJC0vs?feature=oembed\" frameborder=\"0\" allow=\"accelerometer; autoplay; clipboard-write; encrypted-media; gyroscope; picture-in-picture; web-share\" referrerpolicy=\"strict-origin-when-cross-origin\" allowfullscreen><\/iframe>\n<\/div><\/figure>\n\n\n\n<p>As <strong>a\u00e7\u00f5es da Petrobras<\/strong> encerraram o preg\u00e3o desta segunda-feira (28) em queda. O papel preferencial (<a href=\"https:\/\/investnews.com.br\/cotacao\/petr3-petr4-petrobras\/\" class=\"rank-math-link\">PETR4<\/a>) caiu 2,17%, a R$ 31,60, e a a\u00e7\u00e3o ordin\u00e1ria (<a href=\"https:\/\/investnews.com.br\/cotacao\/petr3-petr4-petrobras\/\" class=\"rank-math-link\">PETR3<\/a>) cedeu 2,63%, a R$ 34,08. Os pap\u00e9is j\u00e1 vinham em queda ao longo do dia, em meio \u00e0s <a href=\"https:\/\/investnews.com.br\/flash\/barril-de-petroleo-chega-a-cair-7-com-lockdown\/\" class=\"rank-math-link\">perdas do pre\u00e7o do petr\u00f3leo no exterior. <\/a><\/p>\n\n\n\n<h2 class=\"wp-block-heading\">Quem \u00e9 Adriano Pires<\/h2>\n\n\n\n<figure class=\"wp-block-image alignwide size-large\"><img loading=\"lazy\" decoding=\"async\" width=\"487\" height=\"378\" src=\"https:\/\/media.investnews.com.br\/uploads\/2022\/03\/adriano-pires.jpg\" alt=\"Adriano Pires (Foto: Reprodu\u00e7\u00e3o)\" class=\"wp-image-315884\" srcset=\"https:\/\/media.investnews.com.br\/uploads\/2022\/03\/adriano-pires.jpg 487w, https:\/\/media.investnews.com.br\/uploads\/2022\/03\/adriano-pires-300x233.jpg 300w, https:\/\/media.investnews.com.br\/uploads\/2022\/03\/adriano-pires-172x134.jpg 172w, https:\/\/media.investnews.com.br\/uploads\/2022\/03\/adriano-pires-150x116.jpg 150w\" sizes=\"auto, (max-width: 487px) 100vw, 487px\" \/><figcaption>Adriano Pires (Foto: Reprodu\u00e7\u00e3o)<\/figcaption><\/figure>\n\n\n\n<p>Adriano Jos\u00e9 Pires Rodrigues \u00e9 graduado em Economia, Doutorado em Economia Industrial pela Universidade de Paris XIII, Mestrado em Planejamento Energ\u00e9tico. \u00c9 Diretor-Fundador do Centro Brasileiro de InfraEstrutura (<strong>CBIE<\/strong>), coordenando projetos e estudos para a ind\u00fastria de g\u00e1s natural, a pol\u00edtica nacional de combust\u00edveis, o mercado de derivados de petr\u00f3leo e g\u00e1s natural. <\/p>\n\n\n\n<p>Em <a href=\"https:\/\/investnews.com.br\/economia\/greve-dos-caminhoneiros-termina-sem-adesao-veja-comparacoes-de-precos-do-diesel\/\" class=\"rank-math-link\">entrevista ao <em>InvestNews <\/em><\/a>no ano passado, Pires comentou a <a href=\"https:\/\/investnews.com.br\/investnews-entrevista\/petrobras-entrevista-precos-da-gasolina\/\" class=\"rank-math-link\">pol\u00edtica de pre\u00e7os da Petrobras<\/a> de acompanhar as cota\u00e7\u00f5es internacionais. \u00c0 \u00e9poca,<strong> caminhoneiros<\/strong> amea\u00e7avam entrar em <strong>greve<\/strong> por causa da alta dos <strong>pre\u00e7os do diesel.<\/strong> <\/p>\n\n\n\n<p>\u201cO motivo para o pre\u00e7o do diesel estar subindo \u00e9 que o petr\u00f3leo retomou a trajet\u00f3ria de alta e o c\u00e2mbio tamb\u00e9m n\u00e3o ajudou.&nbsp;<strong>A Petrobras teve que, de maneira correta, subir o pre\u00e7o do diesel e da gasolina.<\/strong> A reclama\u00e7\u00e3o dos caminhoneiros, na minha opini\u00e3o, n\u00e3o procede&#8221;, disse na ocasi\u00e3o.<\/p>\n\n\n\n<p>Pires atuou como Assessor do Diretor-Geral da Ag\u00eancia Nacional do Petr\u00f3leo, G\u00e1s Natural e Biocombust\u00edveis (ANP), al\u00e9m de ter exercido os cargos de Superintendente de Abastecimento, de Importa\u00e7\u00e3o e Exporta\u00e7\u00e3o de Petr\u00f3leo, seus Derivados e G\u00e1s Natural. As informa\u00e7\u00f5es foram divulgadas pelo Minist\u00e9rio de Minas e Energia.<\/p>\n\n\n\n<h2 class=\"wp-block-heading\">Outra troca em cerca de 1 ano<\/h2>\n\n\n\n<figure class=\"wp-block-image size-large\"><img loading=\"lazy\" decoding=\"async\" width=\"1024\" height=\"613\" src=\"https:\/\/media.investnews.com.br\/uploads\/2021\/04\/mcmgo_abr_2910191342-1024x613.jpg\" alt=\"Joaquim Silva e Luna, presidente da Petrobras\" class=\"wp-image-242314\" srcset=\"https:\/\/media.investnews.com.br\/uploads\/2021\/04\/mcmgo_abr_2910191342-1024x613.jpg 1024w, https:\/\/media.investnews.com.br\/uploads\/2021\/04\/mcmgo_abr_2910191342-300x179.jpg 300w, https:\/\/media.investnews.com.br\/uploads\/2021\/04\/mcmgo_abr_2910191342-768x459.jpg 768w, https:\/\/media.investnews.com.br\/uploads\/2021\/04\/mcmgo_abr_2910191342-172x103.jpg 172w, https:\/\/media.investnews.com.br\/uploads\/2021\/04\/mcmgo_abr_2910191342-150x90.jpg 150w, https:\/\/media.investnews.com.br\/uploads\/2021\/04\/mcmgo_abr_2910191342.jpg 1170w\" sizes=\"auto, (max-width: 1024px) 100vw, 1024px\" \/><figcaption>General Joaquim Silva e Luna, presidente da Petrobras (Foto: Marcelo Camargo \/ Ag\u00eancia Brasil)<\/figcaption><\/figure>\n\n\n\n<p>Em fevereiro do ano passado, Silva e Luna <a href=\"https:\/\/investnews.com.br\/economia\/bolsonaro-troca-comando-da-petrobras-apos-alta-nos-precos-dos-combustiveis\/\" class=\"rank-math-link\">foi nomeado <\/a>pelo presidente Bolsonaro para ocupar o comando da Petrobras no lugar de Roberto Castello Branco. <\/p>\n\n\n\n<p>Naquela ocasi\u00e3o, os mercados reagiram com p\u00e2nico \u00e0 <a href=\"https:\/\/investnews.com.br\/economia\/interferencia-de-bolsonaro-na-petrobras-entenda-em-4-pontos\/\" class=\"rank-math-link\">interfer\u00eancia pol\u00edtica<\/a> no comando da empresa. A PETR4 recuou 7,92%, enquanto o papel PETR3 perdeu 6,63%, mas ao longo do dia as perdas chegaram perto de 20%.<\/p>\n\n\n\n<p>\u00c0 \u00e9poca, Bolsonaro vinha reclamando publicamente da pol\u00edtica de pre\u00e7os da empresa, em um momento de alta dos valores para os consumidores nas bombas, assim como acontece agora.<\/p>\n\n\n\n<figure class=\"wp-block-image size-large\"><img decoding=\"async\" src=\"https:\/\/media.investnews.com.br\/uploads\/2021\/02\/2021-02-19T123750Z_1_LYNXMPEH1I0SE_RTROPTP_4_COMMODITIES-SUMMIT-PETROBRAS-CEO-1024x683.jpg\" alt=\"Roberto Castello Branco\" class=\"wp-image-230871\"\/><figcaption>Roberto Castello Branco\nREUTERS\/Amanda Perobelli<\/figcaption><\/figure>\n\n\n\n<h2 class=\"wp-block-heading\">Vis\u00e3o do mercado<\/h2>\n\n\n\n<p>Em coment\u00e1rio, Ilan Arbetman, analista de research da <strong>Ativa Investimentos<\/strong>, avaliou que, embora a decis\u00e3o seja igual \u00e0 tomada h\u00e1 um ano, quando o Executivo decidiu n\u00e3o reconduzir Castello Branco e indicar o General Silva e Luna \u00e0 presid\u00eancia da Petrobras, os desdobramentos em rela\u00e7\u00e3o \u00e0s a\u00e7\u00f5es da companhia s\u00e3o, desta vez, mais contidos. <\/p>\n\n\n\n<p>&#8220;Isto acontece pela hora na qual a not\u00edcia foi divulgada (pr\u00f3ximo ao fechamento do mercado) e pelo mercado j\u00e1 trabalhar h\u00e1 semanas com a possibilidade da mudan\u00e7a ser executada&#8221;. <\/p>\n\n\n\n<p>Al\u00e9m disso, o indicado Adriano Pires \u00e9 reconhecido pelo mercado &#8220;como uma indica\u00e7\u00e3o que n\u00e3o romperia com as transforma\u00e7\u00f5es operacionais e financeiras que vem sendo executadas na companhia desde a metade da d\u00e9cada passada&#8221;, explicou Arbetman. <\/p>\n\n\n\n<p>J\u00e1 Fernando Siqueira, head de Research da Guide Investimentos, avalia que &#8220;essa not\u00edcia obviamente \u00e9 negativa para a Petrobras&#8221;. Ele comenta que o principal risco \u00e9 &#8220;uso pol\u00edtico da Petrobras&#8221; e alterar a pol\u00edtica de pre\u00e7os da empresa, que busca acompanhar as cota\u00e7\u00f5es internacionais. <\/p>\n\n\n\n<p>&#8220;Por mais dif\u00edcil que ela seja neste momento de alta de pre\u00e7os no mercado internacional, \u00e9 muito dif\u00edcil colocar uma outra coisa no lugar. E cria-se o risco de colocar alguma coisa no lugar para fazer uso pol\u00edtico da Petrobras, o que obviamente acabaria gerando uma perda para os acionistas&#8221;, diz Siqueira.<\/p>\n\n\n\n<p><em>*Not\u00edcia em atualiza\u00e7\u00e3o.<\/em> <\/p>\n","protected":false},"excerpt":{"rendered":"<p>Informa\u00e7\u00e3o foi confirmada pelo Minist\u00e9rio de Minas e Energia. Nomea\u00e7\u00e3o precisa ser aprovada em assembleia.<\/p>\n","protected":false},"author":31,"featured_media":314628,"comment_status":"closed","ping_status":"open","sticky":false,"template":"","format":"standard","meta":{"_acf_changed":false,"inline_featured_image":false,"footnotes":""},"categories":[6],"tags":[],"autor-wsj":[],"coauthors":[1908,2433],"class_list":["post-315786","post","type-post","status-publish","format-standard","has-post-thumbnail","hentry","category-negocios"],"acf":[],"amp_enabled":true,"_links":{"self":[{"href":"https:\/\/investnews.com.br\/inv-api\/wp\/v2\/posts\/315786","targetHints":{"allow":["GET"]}}],"collection":[{"href":"https:\/\/investnews.com.br\/inv-api\/wp\/v2\/posts"}],"about":[{"href":"https:\/\/investnews.com.br\/inv-api\/wp\/v2\/types\/post"}],"author":[{"embeddable":true,"href":"https:\/\/investnews.com.br\/inv-api\/wp\/v2\/users\/31"}],"replies":[{"embeddable":true,"href":"https:\/\/investnews.com.br\/inv-api\/wp\/v2\/comments?post=315786"}],"version-history":[{"count":50,"href":"https:\/\/investnews.com.br\/inv-api\/wp\/v2\/posts\/315786\/revisions"}],"predecessor-version":[{"id":315923,"href":"https:\/\/investnews.com.br\/inv-api\/wp\/v2\/posts\/315786\/revisions\/315923"}],"wp:featuredmedia":[{"embeddable":true,"href":"https:\/\/investnews.com.br\/inv-api\/wp\/v2\/media\/314628"}],"wp:attachment":[{"href":"https:\/\/investnews.com.br\/inv-api\/wp\/v2\/media?parent=315786"}],"wp:term":[{"taxonomy":"category","embeddable":true,"href":"https:\/\/investnews.com.br\/inv-api\/wp\/v2\/categories?post=315786"},{"taxonomy":"post_tag","embeddable":true,"href":"https:\/\/investnews.com.br\/inv-api\/wp\/v2\/tags?post=315786"},{"taxonomy":"autor-wsj","embeddable":true,"href":"https:\/\/investnews.com.br\/inv-api\/wp\/v2\/autor-wsj?post=315786"},{"taxonomy":"author","embeddable":true,"href":"https:\/\/investnews.com.br\/inv-api\/wp\/v2\/coauthors?post=315786"}],"curies":[{"name":"wp","href":"https:\/\/api.w.org\/{rel}","templated":true}]}}