{"id":315787,"date":"2022-03-28T17:31:04","date_gmt":"2022-03-28T20:31:04","guid":{"rendered":"https:\/\/investnews.com.br\/?p=315787"},"modified":"2024-06-26T11:46:48","modified_gmt":"2024-06-26T14:46:48","slug":"milton-ribeiro-entrega-carta-de-demissao-apos-denuncias-de-corrupcao-no-mec","status":"publish","type":"post","link":"https:\/\/investnews.com.br\/economia\/milton-ribeiro-entrega-carta-de-demissao-apos-denuncias-de-corrupcao-no-mec\/","title":{"rendered":"Milton Ribeiro entrega carta de demiss\u00e3o ap\u00f3s den\u00fancias de corrup\u00e7\u00e3o no MEC"},"content":{"rendered":"\n<p>Investigado por suspeita de envolvimento com pastores que cobravam propina para intermediar recursos para escolas, o ministro da Educa\u00e7\u00e3o, Milton Ribeiro, entregou o cargo ao presidente Jair Bolsonaro. Em carta ao presidente Jair Bolsonaro, o ministro da Educa\u00e7\u00e3o disse que as reportagens revelando corrup\u00e7\u00e3o na sua Pasta &#8220;provocaram uma grande transforma\u00e7\u00e3o em sua vida&#8221;. Ele pediu que as suspeitas de que uma pessoa pr\u00f3xima a ele &#8220;poderia estar cometendo atos irregulares devem ser investigados com profundidade&#8221;. Ribeiro deixa o cargo dizendo estar &#8220;de cora\u00e7\u00e3o partido&#8221;.<\/p>\n\n\n\n<p>O pedido de demiss\u00e3o ocorre no mesmo dia em que o&nbsp;<strong>Estad\u00e3o<\/strong>&nbsp;revelou que em evento do MEC foram distribu\u00eddas B\u00edblias com fotos do ministro, que para especialistas ato pode ser enquadrado como crime. A derrocada do ministro come\u00e7ou no dia 18 deste m\u00eas, ap\u00f3s publica\u00e7\u00e3o da primeira reportagem do Estad\u00e3o sobre o gabinete paralelo no gabinete de Ribeiro com atua\u00e7\u00e3o dos pastores Gilmar Santos e Arilton Moura.<\/p>\n\n\n\n<p>Na carta, diante dos fatos, Ribeiro disse que decidiu pedir exonera\u00e7\u00e3o com a finalidade de &#8220;de que n\u00e3o paira nenhuma incerteza sobre sua conduta.&#8221;<\/p>\n\n\n\n<p>Segundo o ministro, ele quer &#8220;mais do que ningu\u00e9m, uma investiga\u00e7\u00e3o completa e longe de qualquer d\u00favida acerca de tentativas dele de interferir nas investiga\u00e7\u00f5es&#8221;. O ministro disse que seu afastamento &#8220;\u00e9 \u00fanica e exclusivamente decorrente de minha responsabilidade pol\u00edtica que exigem de mim um senso de Pa\u00eds maior do que quaisquer sentimentos pessoais&#8221;. Encerra a carta com o &#8220;at\u00e9 breve&#8221; prometendo voltar se sua inoc\u00eancia for comprovada. A decis\u00e3o foi tomada ap\u00f3s o&nbsp;<strong>Estad\u00e3o<\/strong>&nbsp;publicar uma s\u00e9rie de reportagens revelando atua\u00e7\u00e3o que o ministro mantinha um gabinete paralelo operado pelos pastores. Em entrevistas ao&nbsp;<strong>Estad\u00e3o<\/strong>, prefeitos contaram que receberam pedidos de propina em ouro em contrapartida para terem demandas atendidas no MEC. Com a demiss\u00e3o, o governo do presidente Jair Bolsonaro (PL) passar\u00e1 por sua quinta gest\u00e3o diferente do MEC.<\/p>\n\n\n\n<p>Nesta segunda-feira, 28, o&nbsp;<strong>Estad\u00e3o<\/strong>&nbsp;mostrou que, em evento do MEC, foram distribu\u00eddas b\u00edblias com fotos do ministro Ribeiro, o que pode configurar crime. A compra das b\u00edblias tamb\u00e9m era parte de pagamento de propina pedida pelos pastores, conforme relato de prefeitos ao jornal.<\/p>\n\n\n\n<p>Quem deve assumir o MEC no lugar de Ribeiro \u00e9 o secret\u00e1rio-executivo Victor Godoy Veiga, mas de forma interina.<\/p>\n\n\n\n<p>Em um dos casos de privil\u00e9gio aos evang\u00e9licos, a prefeitura de Bom Lugar (MA) conseguiu o empenho de parte do dinheiro solicitado apenas 16 dias depois de um encontro mediado pelos religiosos. A prefeita Marlene Miranda (PCdoB) e seu marido Marcos Miranda participaram no dia 16 de fevereiro de uma reuni\u00e3o no minist\u00e9rio intermediada pelos pastores Gilmar Santos e Arilton Moura.<\/p>\n\n\n\n<p>O agora ex-ministro era reitor da Universidades Presbiteriana Mackenzie, institui\u00e7\u00e3o de ensino privada de S\u00e3o Paulo, e estava no cargo desde junho de 2019, ap\u00f3s Abraham Weintraub sair do minist\u00e9rio.<\/p>\n\n\n\n<p>Com a demiss\u00e3o, o governo do presidente Jair Bolsonaro (PL) passar\u00e1 por sua quinta gest\u00e3o diferente do MEC. Al\u00e9m de Ribeiro e Weintraub, tamb\u00e9m comandaram a \u00e1rea federal da educa\u00e7\u00e3o o professores Ricardo V\u00e9lez Rodrguez e Carlos Alberto Decotelli, este \u00faltimo teve a nomea\u00e7\u00e3o publicada no Di\u00e1rio Oficial da Uni\u00e3o, mas ficou somente cinco dias na fun\u00e7\u00e3o, sem nunca ter despachado, por conta de inconsist\u00eancias no curr\u00edculo<\/p>\n\n\n\n<p>Ap\u00f3s a revela\u00e7\u00e3o do caso do gabinete paralelo, deputados decidiram acionar a Procuradoria-Geral da Rep\u00fablica (PGR) para que Ribeiro seja investigado por suspeita de improbidade administrativa e crime de responsabilidade, entre outras irregularidades.<\/p>\n\n\n\n<p>Os deputados federais Kim Kataguiri (Uni\u00e3o-SP) e T\u00falio Gad\u00ealha (PDT-PE) protocolaram pedidos para que a PGR apure as den\u00fancias contra o ministro. Gadelha tamb\u00e9m apresentou requerimento para que Ribeiro seja convocado a prestar esclarecimentos ao plen\u00e1rio da C\u00e2mara. Antes, o deputado Rog\u00e9rio Correia (PT-MG) havia elaborado outro requerimento para pedir a convoca\u00e7\u00e3o de Ribeiro para falar na Comiss\u00e3o de Trabalho, Administra\u00e7\u00e3o e Servi\u00e7o P\u00fablico da C\u00e2mara. Na \u00faltima sexta-feira, 18, o Minist\u00e9rio P\u00fablico junto ao Tribunal de Contas da Uni\u00e3o (TCU) solicitou a apura\u00e7\u00e3o do caso.<\/p>\n\n\n\n<p><strong>A seguir a \u00edntegra da carta do ministro:<\/strong><\/p>\n\n\n\n<p><em>Desde o dia 21 de mar\u00e7o minha vida sofreu uma grande transforma\u00e7\u00e3o. A partir de not\u00edcias veiculadas na m\u00eddia foram levantadas suspeitas acerca da conduta de pessoas que possu\u00edam proximidade com o Ministro da Educa\u00e7\u00e3o.<\/em><\/p>\n\n\n\n<p><em>Tenho plena convic\u00e7\u00e3o que jamais realizei um \u00fanico ato de gest\u00e3o na minha pasta que n\u00e3o fosse pautado pela corre\u00e7\u00e3o, pela probidade e pelo compromisso com o er\u00e1rio. As suspeitas de que uma pessoa, pr\u00f3xima a mim, poderia estar cometendo atos irregulares devem ser investigadas com profundidade.<\/em><\/p>\n\n\n\n<p><em>Eu mesmo, quando tive conhecimento de den\u00fancia acerca desta pessoa, em agosto de 2021, encaminhei expediente a CGU para que a Controladoria pudesse apurar a situa\u00e7\u00e3o narrada em duas den\u00fancias recebidas em meu gabinete. Mais recentemente, em _, solicitei a CGU que audite as libera\u00e7\u00f5es de recursos de obras do FNDE, para que n\u00e3o haja duvida sobre a lisura dos processos conduzidos bem como da aus\u00eancia de poder decis\u00f3rio do ministro neste tipo de atividade.<\/em><\/p>\n\n\n\n<p><em>Tenho tr\u00eas pilares que me guiam: Minha honra, minha fam\u00edlia e meu pa\u00eds. Al\u00e9m disso tenho todo respeito e gratid\u00e3o ao Presidente Bolsonaro, que me deu a oportunidade de ser Ministro da Educa\u00e7\u00e3o do Brasil.<\/em><\/p>\n\n\n\n<p><em>Assim sendo, e levando-se em considera\u00e7\u00e3o os aspectos j\u00e1 citados, decidi solicitar ao Presidente Bolsonaro a minha exonera\u00e7\u00e3o do cargo, com a finalidade de que n\u00e3o paire nenhuma incerteza sobre a minha conduta e a do Governo Federal, que vem transformando este pa\u00eds por meio do compromisso firme da luta contra a corrup\u00e7\u00e3o.<\/em><\/p>\n\n\n\n<p><em>N\u00e3o quero deixar uma obje\u00e7\u00e3o sequer quanto ao meu comportamento, que sempre se baseou em pilares inquebrant\u00e1veis de honra, fam\u00edlia e p\u00e1tria. Meu afastamento do cargo de Ministro, a partir da minha exonera\u00e7\u00e3o, visa tamb\u00e9m deixar claro que quero, mais que ningu\u00e9m, uma investiga\u00e7\u00e3o completa e longe de qualquer d\u00favida acerca de tentativas deste Ministro de Estado de interferir nas investiga\u00e7\u00f5es.<\/em><\/p>\n\n\n\n<p><em>Tomo esta iniciativa com o cora\u00e7\u00e3o partido, de um inocente que quer mostrar a todo o custo a verdade das coisas, por\u00e9m que sabe que a verdade requer tempo. Sei de minha responsabilidade pol\u00edtica, que muito se difere da jur\u00eddica. Meu afastamento \u00e9 \u00fanica e exclusivamente decorrente de minha responsabilidade pol\u00edtica, que exige de mim um senso de pa\u00eds maior que quaisquer sentimentos pessoais.<\/em><\/p>\n\n\n\n<p><em>Assim sendo, n\u00e3o me despedirei, direi um at\u00e9 breve, pois depois de demonstrada minha inoc\u00eancia estarei de volta, para ajudar meu pa\u00eds e o Presidente Bolsonaro na sua dif\u00edcil mas vitoriosa caminhada.<\/em><\/p>\n\n\n\n<p><strong>Veja tamb\u00e9m<\/strong><\/p>\n\n\n\n<ul class=\"wp-block-list\"><li>Falta de modelo&nbsp;<a target=\"_blank\" href=\"https:\/\/investnews.com.br\/colunistas\/esg-na-pratica\/falta-de-modelo-esg-na-gestao-publica-perpetua-tragedias-em-temporada-de-chuvas\/\" rel=\"noreferrer noopener\">ESG na gest\u00e3o p\u00fablica<\/a>&nbsp;perpetua trag\u00e9dias em temporada de chuvas<\/li><li>De janeiro a dezembro:&nbsp;<a target=\"_blank\" href=\"https:\/\/investnews.com.br\/cafeina\/de-janeiro-a-dezembro-saiba-quando-cada-produto-ou-servico-estara-mais-barato\/\" rel=\"noreferrer noopener\">saiba quando cada produto ou servi\u00e7o estar\u00e1 mais barato<\/a><\/li><li><a target=\"_blank\" href=\"https:\/\/investnews.com.br\/analistas-em-acao\/acao-com-prejuizo-quando-vender\/\" rel=\"noreferrer noopener\">Quando faz sentido vender a\u00e7\u00e3o que est\u00e1 com preju\u00edzo<\/a>?<\/li><li><a target=\"_blank\" href=\"https:\/\/investnews.com.br\/financas\/deducao-imposto-de-renda-2022-confira-a-tabela-e-gastos\/\" rel=\"noreferrer noopener\">Dedu\u00e7\u00e3o Imposto de Renda 2022<\/a>: confira a tabela e gastos<\/li><li><a target=\"_blank\" href=\"https:\/\/investnews.com.br\/economia\/reducao-do-iof-e-ocde-o-que-muda\/\" rel=\"noreferrer noopener\">Redu\u00e7\u00e3o do IOF<\/a>: entenda o que muda no imposto<\/li><li><a target=\"_blank\" href=\"https:\/\/investnews.com.br\/boletim-investnews\/queda-do-dolar-e-acoes-de-exportadoras-entenda-o-recuo-de-klabin-suzano-e-jbs\/\" rel=\"noreferrer noopener\">Queda do d\u00f3lar e a\u00e7\u00f5es de exportadoras<\/a>: entenda o recuo de Klabin, Suzano e JBS<\/li><\/ul>\n","protected":false},"excerpt":{"rendered":"<p>Ministro da Educa\u00e7\u00e3o deixa cargo ap\u00f3s ser investigado por suspeita de liga\u00e7\u00e3o com pastores que cobravam propinas. Esse foi o quarto ministro da pasta do governo Bolsonaro.<\/p>\n","protected":false},"author":62,"featured_media":213241,"comment_status":"closed","ping_status":"open","sticky":false,"template":"","format":"standard","meta":{"_acf_changed":false,"inline_featured_image":false,"footnotes":""},"categories":[5],"tags":[],"autor-wsj":[],"coauthors":[2499],"class_list":["post-315787","post","type-post","status-publish","format-standard","has-post-thumbnail","hentry","category-economia"],"acf":[],"amp_enabled":true,"_links":{"self":[{"href":"https:\/\/investnews.com.br\/inv-api\/wp\/v2\/posts\/315787","targetHints":{"allow":["GET"]}}],"collection":[{"href":"https:\/\/investnews.com.br\/inv-api\/wp\/v2\/posts"}],"about":[{"href":"https:\/\/investnews.com.br\/inv-api\/wp\/v2\/types\/post"}],"author":[{"embeddable":true,"href":"https:\/\/investnews.com.br\/inv-api\/wp\/v2\/users\/62"}],"replies":[{"embeddable":true,"href":"https:\/\/investnews.com.br\/inv-api\/wp\/v2\/comments?post=315787"}],"version-history":[{"count":2,"href":"https:\/\/investnews.com.br\/inv-api\/wp\/v2\/posts\/315787\/revisions"}],"predecessor-version":[{"id":315792,"href":"https:\/\/investnews.com.br\/inv-api\/wp\/v2\/posts\/315787\/revisions\/315792"}],"wp:featuredmedia":[{"embeddable":true,"href":"https:\/\/investnews.com.br\/inv-api\/wp\/v2\/media\/213241"}],"wp:attachment":[{"href":"https:\/\/investnews.com.br\/inv-api\/wp\/v2\/media?parent=315787"}],"wp:term":[{"taxonomy":"category","embeddable":true,"href":"https:\/\/investnews.com.br\/inv-api\/wp\/v2\/categories?post=315787"},{"taxonomy":"post_tag","embeddable":true,"href":"https:\/\/investnews.com.br\/inv-api\/wp\/v2\/tags?post=315787"},{"taxonomy":"autor-wsj","embeddable":true,"href":"https:\/\/investnews.com.br\/inv-api\/wp\/v2\/autor-wsj?post=315787"},{"taxonomy":"author","embeddable":true,"href":"https:\/\/investnews.com.br\/inv-api\/wp\/v2\/coauthors?post=315787"}],"curies":[{"name":"wp","href":"https:\/\/api.w.org\/{rel}","templated":true}]}}