{"id":315888,"date":"2022-03-28T20:32:01","date_gmt":"2022-03-28T23:32:01","guid":{"rendered":"https:\/\/investnews.com.br\/?p=315888"},"modified":"2022-03-28T21:47:15","modified_gmt":"2022-03-29T00:47:15","slug":"quem-e-adriano-pires","status":"publish","type":"post","link":"https:\/\/investnews.com.br\/economia\/quem-e-adriano-pires\/","title":{"rendered":"Quem \u00e9 Adriano Pires, indicado pelo governo para a presid\u00eancia da Petrobras"},"content":{"rendered":"\n<p>O governo indicou nesta segunda-feira (28) o economista<strong>&nbsp;Adriano Pires<\/strong>&nbsp;como <a href=\"https:\/\/investnews.com.br\/negocios\/bolsonaro-decide-tirar-joaquim-luna-da-petrobras-dizem-jornais\/\" class=\"rank-math-link\">novo presidente da Petrobras<\/a>, em substitui\u00e7\u00e3o ao general&nbsp;<strong>Joaquim Silva e Luna.<\/strong> O Minist\u00e9rio de Minas e Energia apresentou uma lista de executivos para compor o&nbsp;<strong>Conselho de Administra\u00e7\u00e3o da Petrobras<\/strong>. <\/p>\n\n\n\n<p>Adriano Jos\u00e9 Pires Rodrigues \u00e9 graduado em Economia, Doutorado em Economia Industrial pela Universidade de Paris XIII, Mestrado em Planejamento Energ\u00e9tico. \u00c9 Diretor-Fundador do Centro Brasileiro de InfraEstrutura (<strong>CBIE<\/strong>), coordenando projetos e estudos para a ind\u00fastria de g\u00e1s natural, a pol\u00edtica nacional de combust\u00edveis, o mercado de derivados de petr\u00f3leo e g\u00e1s natural.<\/p>\n\n\n\n<p>Em&nbsp;<a rel=\"noreferrer noopener\" class=\"rank-math-link\" href=\"https:\/\/investnews.com.br\/economia\/greve-dos-caminhoneiros-termina-sem-adesao-veja-comparacoes-de-precos-do-diesel\/\" target=\"_blank\">entrevista ao&nbsp;<em>InvestNews&nbsp;<\/em><\/a>em fevereiro de 2021, Pires comentou a&nbsp;<a rel=\"noreferrer noopener\" class=\"rank-math-link\" href=\"https:\/\/investnews.com.br\/investnews-entrevista\/petrobras-entrevista-precos-da-gasolina\/\" target=\"_blank\">pol\u00edtica de pre\u00e7os da Petrobras<\/a>&nbsp;de acompanhar as cota\u00e7\u00f5es internacionais. \u00c0 \u00e9poca,<strong>&nbsp;caminhoneiros<\/strong>&nbsp;amea\u00e7avam entrar em&nbsp;<strong>greve<\/strong>&nbsp;por causa da alta dos&nbsp;<strong>pre\u00e7os do diesel.<\/strong><\/p>\n\n\n\n<p>\u201cO motivo para o pre\u00e7o do diesel estar subindo \u00e9 que o petr\u00f3leo retomou a trajet\u00f3ria de alta e o c\u00e2mbio tamb\u00e9m n\u00e3o ajudou.&nbsp;<strong>A Petrobras teve que, de maneira correta, subir o pre\u00e7o do diesel e da gasolina.<\/strong>&nbsp;A reclama\u00e7\u00e3o dos caminhoneiros, na minha opini\u00e3o, n\u00e3o procede\u201d, disse na ocasi\u00e3o.<\/p>\n\n\n\n<p>Em outro momento, o economista tamb\u00e9m falou ao <em>InvestNews<\/em> sobre as possibilidades de <a href=\"https:\/\/investnews.com.br\/economia\/desabastecimento-de-combustivel-entenda\/\" class=\"rank-math-link\">desabastecimento de combust\u00edveis no Brasil, <\/a>ap\u00f3s a Petrobras reportar demanda maior do que a capacidade de produ\u00e7\u00e3o no final de 2021.<\/p>\n\n\n\n<p>Para Pires, uma sa\u00edda para n\u00e3o haver risco de desabastecimento de combust\u00edvel seria a Petrobras comercializar sua produ\u00e7\u00e3o de combust\u00edveis refinados<strong> seguindo seus pre\u00e7os atuais<\/strong> sem importar nenhuma quantidade extra. Enquanto isso, apenas empresas privadas importariam o volume que faltasse para atender o mercado.&nbsp;<\/p>\n\n\n\n<p>As empresas privadas venderiam o combust\u00edvel a um valor mais caro, j\u00e1 que teriam comprado pelo pre\u00e7o internacional. Mas, dessa forma, a composi\u00e7\u00e3o do pre\u00e7o final m\u00e9dio nas bombas faria com que ele subisse menos para o consumidor final do que poderia acontecer se a Petrobras alcan\u00e7asse a paridade internacional.<\/p>\n\n\n\n<p>\u201cTalvez uma solu\u00e7\u00e3o enquanto essa <a href=\"https:\/\/investnews.com.br\/guias\/volatilidade-o-que-e\/\">volatilidade<\/a> estiver muito grande seja essa que est\u00e1 acontecendo hoje no mercado: a Petrobras para de importar produto, vai assumir uma defasagem. De vez em quando, se der, ela vai aumentar um pouquinho, mas n\u00e3o vai conseguir zerar a defasagem. Deixa o importador privado comprar a diferen\u00e7a e a\u00ed o&nbsp;<strong>pre\u00e7o m\u00e9dio<\/strong>&nbsp;vai ser menor do que se ela zerasse a defasagem\u201d, resumiu Pires, em outubro.&nbsp;<\/p>\n\n\n\n<p>Na mesma ocasi\u00e3o, Pires comentou a tend\u00eancia de <a href=\"https:\/\/www.youtube.com\/watch?v=nVheDAz1soc&amp;t=214s\" class=\"rank-math-link\" target=\"_blank\" rel=\"noopener\">pre\u00e7os dos combust\u00edveis<\/a>. \u201cN\u00e3o vejo tend\u00eancia de o pre\u00e7o do petr\u00f3leo cair e nem do c\u00e2mbio diminuir a deprecia\u00e7\u00e3o do real frente ao d\u00f3lar. Vejo o contr\u00e1rio, trajet\u00f3ria de crescimento do barril de petr\u00f3leo e trajet\u00f3ria de aumento da desvaloriza\u00e7\u00e3o do real frente ao d\u00f3lar. Ent\u00e3o, isso vai fazer com que as <strong>defasagens da Petrobras<\/strong> cres\u00e7am. O problema todo \u00e9 o seguinte: ela n\u00e3o tem, digamos assim, condi\u00e7\u00f5es pol\u00edticas. Como a Petrobras vai anunciar hoje um aumento de 15% na gasolina e 18% no diesel? N\u00e3o tem <strong>clima pol\u00edtico<\/strong> para isso&#8221;, disse na mesma entrevista <a class=\"rank-math-link\" href=\"https:\/\/investnews.com.br\/economia\/desabastecimento-de-combustivel-entenda\/\">em outubro de 2021.<\/a><\/p>\n\n\n\n<h2 class=\"wp-block-heading\">Atua\u00e7\u00e3o de Adriano Pires<\/h2>\n\n\n\n<p>Pires foi Professor Adjunto do Programa de Planejamento Energ\u00e9tico da COPPE\/UFRJ, exercendo as fun\u00e7\u00f5es de pesquisador e consultor junto a empresas e entidades internacionais &#8211; UNESCO, CEE, BIRD -, Ag\u00eancia Nacional de Energia El\u00e9trica, Conselho Nacional de Desenvolvimento Cient\u00edfico e Tecnol\u00f3gico e Unicamp.<\/p>\n\n\n\n<p>Ele tamb\u00e9m atuou como Assessor do Diretor-Geral da Ag\u00eancia Nacional do Petr\u00f3leo, G\u00e1s Natural e Biocombust\u00edveis (<strong>ANP<\/strong>), al\u00e9m de ter exercido os cargos de Superintendente de Abastecimento, de Importa\u00e7\u00e3o e Exporta\u00e7\u00e3o de Petr\u00f3leo, seus Derivados e G\u00e1s Natural. As informa\u00e7\u00f5es s\u00e3o do Minist\u00e9rio de Minas e Energia.<\/p>\n","protected":false},"excerpt":{"rendered":"<p>Economista \u00e9 diretor do CBIE e j\u00e1 atuou na ANP.<\/p>\n","protected":false},"author":31,"featured_media":315884,"comment_status":"closed","ping_status":"open","sticky":false,"template":"","format":"standard","meta":{"_acf_changed":false,"inline_featured_image":false,"footnotes":""},"categories":[5],"tags":[],"autor-wsj":[],"coauthors":[1908],"class_list":["post-315888","post","type-post","status-publish","format-standard","has-post-thumbnail","hentry","category-economia"],"acf":[],"amp_enabled":true,"_links":{"self":[{"href":"https:\/\/investnews.com.br\/inv-api\/wp\/v2\/posts\/315888","targetHints":{"allow":["GET"]}}],"collection":[{"href":"https:\/\/investnews.com.br\/inv-api\/wp\/v2\/posts"}],"about":[{"href":"https:\/\/investnews.com.br\/inv-api\/wp\/v2\/types\/post"}],"author":[{"embeddable":true,"href":"https:\/\/investnews.com.br\/inv-api\/wp\/v2\/users\/31"}],"replies":[{"embeddable":true,"href":"https:\/\/investnews.com.br\/inv-api\/wp\/v2\/comments?post=315888"}],"version-history":[{"count":14,"href":"https:\/\/investnews.com.br\/inv-api\/wp\/v2\/posts\/315888\/revisions"}],"predecessor-version":[{"id":315924,"href":"https:\/\/investnews.com.br\/inv-api\/wp\/v2\/posts\/315888\/revisions\/315924"}],"wp:featuredmedia":[{"embeddable":true,"href":"https:\/\/investnews.com.br\/inv-api\/wp\/v2\/media\/315884"}],"wp:attachment":[{"href":"https:\/\/investnews.com.br\/inv-api\/wp\/v2\/media?parent=315888"}],"wp:term":[{"taxonomy":"category","embeddable":true,"href":"https:\/\/investnews.com.br\/inv-api\/wp\/v2\/categories?post=315888"},{"taxonomy":"post_tag","embeddable":true,"href":"https:\/\/investnews.com.br\/inv-api\/wp\/v2\/tags?post=315888"},{"taxonomy":"autor-wsj","embeddable":true,"href":"https:\/\/investnews.com.br\/inv-api\/wp\/v2\/autor-wsj?post=315888"},{"taxonomy":"author","embeddable":true,"href":"https:\/\/investnews.com.br\/inv-api\/wp\/v2\/coauthors?post=315888"}],"curies":[{"name":"wp","href":"https:\/\/api.w.org\/{rel}","templated":true}]}}