{"id":315955,"date":"2022-03-29T09:32:27","date_gmt":"2022-03-29T12:32:27","guid":{"rendered":"https:\/\/investnews.com.br\/?p=315955"},"modified":"2022-03-29T10:11:30","modified_gmt":"2022-03-29T13:11:30","slug":"minerva-e-ambipar-parceria-para-projetos-de-carbono","status":"publish","type":"post","link":"https:\/\/investnews.com.br\/negocios\/minerva-e-ambipar-parceria-para-projetos-de-carbono\/","title":{"rendered":"Minerva e Ambipar firmam parceria para projetos de carbono no agroneg\u00f3cio"},"content":{"rendered":"\n<p>A <strong>Minerva Foods<\/strong> (<a href=\"https:\/\/investnews.com.br\/cotacao\/beef3-minerva\/\" class=\"rank-math-link\">BEEF3<\/a>) e a <strong>Ambipar<\/strong> (<a href=\"https:\/\/investnews.com.br\/cotacao\/ambp3-ambipar\/\" class=\"rank-math-link\">AMBP3<\/a>), por meio da sua subsidi\u00e1ria Biof\u00edlica Ambipar Environmental Investments, celebraram um memorando de entendimentos para uma parceria no desenvolvimento de<strong> projetos de carbono na cadeia do agroneg\u00f3cio<\/strong> em toda a Am\u00e9rica do Sul, com exce\u00e7\u00e3o ao Brasil e ao Peru. <\/p>\n\n\n\n<p>Por meio da constitui\u00e7\u00e3o de uma joint venture, a Minerva e a Biof\u00edlica atuar\u00e3o na&nbsp; avalia\u00e7\u00e3o e implementa\u00e7\u00e3o de projetos de carbono nas propriedades conectadas a cadeia de fornecedores da Minerva Foods. Segundo as companhias, o foco ser\u00e1 a ado\u00e7\u00e3o de&nbsp; pr\u00e1ticas&nbsp; aprimoradas de manejo para a intensifica\u00e7\u00e3o sustent\u00e1vel na produ\u00e7\u00e3o agropecu\u00e1ria, bem como em outras oportunidades como a preserva\u00e7\u00e3o das \u00e1reas excedentes de reserva legal, iniciativas de reflorestamento e REDD+. <\/p>\n\n\n\n<p>De acordo com as empresas, como resultado dos projetos, ser\u00e3o gerados&nbsp;<strong>cr\u00e9ditos de carbono<\/strong>&nbsp;e\/ou&nbsp;<strong>Redu\u00e7\u00f5es Verificadas de Emiss\u00e3o (RVE\u2019s)<\/strong>, que poder\u00e3o ser comercializados em mercados apropriados, inclusive junto \u00e0 pr\u00f3pria base de clientes da companhia. <\/p>\n\n\n\n<p>&#8220;A iniciativa refor\u00e7a o preparo da Biof\u00edlica Ambipar Environment em oferecer solu\u00e7\u00f5es para empresas, governos e indiv\u00edduos que pretendem neutralizar as emiss\u00f5es de carbono das suas atividades que n\u00e3o puderam ser evitadas, em busca de potencializar as alternativas de desenvolvimento socioecon\u00f4mico que tenham como base a valoriza\u00e7\u00e3o da floresta em p\u00e9&#8221;, informou a Ambipar em comunicado ao mercado.  <\/p>\n\n\n\n<p>J\u00e1 a Minerva Foods disse que essa \u00e9 mais uma iniciativa que refor\u00e7a o compromisso da companhia com a sustentabilidade, um dos pilares do modelo de neg\u00f3cios da l\u00edder em exporta\u00e7\u00e3o de carne bovina na Am\u00e9rica do Sul. <\/p>\n\n\n\n<p>&#8220;Por meio do programa Renove e da MyCarbon, alinhamos a nossa estrat\u00e9gia de sustentabilidade em busca de uma cadeia pecu\u00e1ria mais produtiva e eficiente, mais sustent\u00e1vel e de baixa emiss\u00e3o de carbono&#8221;, disse a Minerva Foods  em comunicado ao mercado.   <\/p>\n\n\n\n<p><strong>Veja tamb\u00e9m<\/strong><br><\/p>\n\n\n\n<ul class=\"wp-block-list\"><li><a target=\"_blank\" href=\"https:\/\/investnews.com.br\/colunistas\/coluna-do-samy-dana\/desconfie-quando-todos-no-mercado-estao-otimistas\/\" rel=\"noreferrer noopener\">Desconfie quando todos no mercado est\u00e3o otimistas<\/a><\/li><li>1\u00ba aporte de&nbsp;<a target=\"_blank\" href=\"https:\/\/investnews.com.br\/cafeina\/1o-aporte-de-novatos-na-b3-e-cada-vez-menor-mulheres-investem-mais-em-acoes\/\" rel=\"noreferrer noopener\">novatos na B3<\/a>&nbsp;\u00e9 cada vez menor; mulheres investem mais em a\u00e7\u00f5es<\/li><li><a target=\"_blank\" href=\"https:\/\/investnews.com.br\/economia\/russia-pode-dar-calote-entenda-quando-um-pais-deixa-de-pagar-credores\/\" rel=\"noreferrer noopener\">R\u00fassia pode dar calote?<\/a>&nbsp;Entenda quando um pa\u00eds deixa de pagar credores<\/li><li><a target=\"_blank\" href=\"https:\/\/investnews.com.br\/economia\/quem-e-adriano-pires\/\" rel=\"noreferrer noopener\">Quem \u00e9 Adriano Pires<\/a>, indicado pelo governo para a presid\u00eancia da Petrobras<\/li><li><a target=\"_blank\" href=\"https:\/\/investnews.com.br\/boletim-investnews\/bolsonaro-quer-trocar-ceo-da-petrobras-diz-jornal-como-fica-petrobras\/\" rel=\"noreferrer noopener\">Troca de CEO da Petrobras<\/a>: como ficam as a\u00e7\u00f5es da empresa?<\/li><\/ul>\n","protected":false},"excerpt":{"rendered":"<p>A parceria acontecer\u00e1 para o desenvolvimento de projetos em toda a Am\u00e9rica do Sul, com exce\u00e7\u00e3o ao Brasil e ao Peru. <\/p>\n","protected":false},"author":36,"featured_media":234075,"comment_status":"closed","ping_status":"open","sticky":false,"template":"","format":"standard","meta":{"_acf_changed":false,"inline_featured_image":false,"footnotes":""},"categories":[6],"tags":[780,1641,66,474],"autor-wsj":[],"coauthors":[2269],"class_list":["post-315955","post","type-post","status-publish","format-standard","has-post-thumbnail","hentry","category-negocios","tag-agronegocio","tag-ambipar","tag-negocios","tag-beef3"],"acf":[],"amp_enabled":true,"_links":{"self":[{"href":"https:\/\/investnews.com.br\/inv-api\/wp\/v2\/posts\/315955","targetHints":{"allow":["GET"]}}],"collection":[{"href":"https:\/\/investnews.com.br\/inv-api\/wp\/v2\/posts"}],"about":[{"href":"https:\/\/investnews.com.br\/inv-api\/wp\/v2\/types\/post"}],"author":[{"embeddable":true,"href":"https:\/\/investnews.com.br\/inv-api\/wp\/v2\/users\/36"}],"replies":[{"embeddable":true,"href":"https:\/\/investnews.com.br\/inv-api\/wp\/v2\/comments?post=315955"}],"version-history":[{"count":10,"href":"https:\/\/investnews.com.br\/inv-api\/wp\/v2\/posts\/315955\/revisions"}],"predecessor-version":[{"id":315991,"href":"https:\/\/investnews.com.br\/inv-api\/wp\/v2\/posts\/315955\/revisions\/315991"}],"wp:featuredmedia":[{"embeddable":true,"href":"https:\/\/investnews.com.br\/inv-api\/wp\/v2\/media\/234075"}],"wp:attachment":[{"href":"https:\/\/investnews.com.br\/inv-api\/wp\/v2\/media?parent=315955"}],"wp:term":[{"taxonomy":"category","embeddable":true,"href":"https:\/\/investnews.com.br\/inv-api\/wp\/v2\/categories?post=315955"},{"taxonomy":"post_tag","embeddable":true,"href":"https:\/\/investnews.com.br\/inv-api\/wp\/v2\/tags?post=315955"},{"taxonomy":"autor-wsj","embeddable":true,"href":"https:\/\/investnews.com.br\/inv-api\/wp\/v2\/autor-wsj?post=315955"},{"taxonomy":"author","embeddable":true,"href":"https:\/\/investnews.com.br\/inv-api\/wp\/v2\/coauthors?post=315955"}],"curies":[{"name":"wp","href":"https:\/\/api.w.org\/{rel}","templated":true}]}}