{"id":316000,"date":"2022-03-29T11:36:57","date_gmt":"2022-03-29T14:36:57","guid":{"rendered":"https:\/\/investnews.com.br\/?p=316000"},"modified":"2022-03-29T11:36:58","modified_gmt":"2022-03-29T14:36:58","slug":"preco-da-cenoura-disparou-121-em-1-ano-veja-alimentos-que-ficaram-mais-caros","status":"publish","type":"post","link":"https:\/\/investnews.com.br\/economia\/preco-da-cenoura-disparou-121-em-1-ano-veja-alimentos-que-ficaram-mais-caros\/","title":{"rendered":"Pre\u00e7o da cenoura disparou 121% em 1 ano; veja alimentos que ficaram mais caros"},"content":{"rendered":"\n<p>Um levantamento do <strong>FGV\/IBRE<\/strong> apurou que a infla\u00e7\u00e3o de 31 itens hortifrutigranjeiros do IPC\/FGV acumulou alta de\u00a024,35%\u00a0nos \u00faltimos 12 meses terminados em mar\u00e7o. A\u00a0lideran\u00e7a\u00a0ficou por conta das\u00a0<strong>hortali\u00e7as e legumes<\/strong>, que aumentaram em m\u00e9dia\u00a0<strong>31,43%<\/strong>\u00a0no per\u00edodo, seguido pelas\u00a0frutas, com reajuste m\u00e9dio de\u00a010,87%. O aumento foi quase o\u00a0triplo da <strong>infla\u00e7\u00e3o<\/strong> m\u00e9dia\u00a0apurada pelo IPC-10\/FGV (9,2%).<\/p>\n\n\n\n<p>O aumento j\u00e1 est\u00e1 presente em <strong>memes<\/strong> nas redes sociais e nas conversas casuais de todos os brasileiros: um exemplo \u00e9 a <strong>cenoura<\/strong>, que teve seu pre\u00e7o mais que dobrado nos \u00faltimos 12 meses (aumento de\u00a0<strong>121,18%<\/strong>). <\/p>\n\n\n\n<h2 class=\"wp-block-heading\">Alimentos que ficaram mais caros<\/h2>\n\n\n\n<p>Na lista dos <strong>10 itens mais inflacionados<\/strong>, apenas um teve reajuste menor que 20% nos \u00faltimos 12 meses: cenoura (121,18%), maracuj\u00e1 (62,61%), mam\u00e3o papaya (61,67%), tomate (55,87%), piment\u00e3o (46,29%), repolho (36,05%), melancia (34,2%), aipim \/ mandioca (27,26%), alface (26,2%) e o coentro (19,53%). Veja na arte abaixo:<\/p>\n\n\n\n<figure class=\"wp-block-image size-large\"><img loading=\"lazy\" decoding=\"async\" width=\"750\" height=\"627\" src=\"https:\/\/media.investnews.com.br\/uploads\/2022\/03\/20220329_Info_Inflacao_Mesa.jpg\" alt=\"Infla\u00e7\u00e3o alimentos - cenoura\" class=\"wp-image-316021\" srcset=\"https:\/\/media.investnews.com.br\/uploads\/2022\/03\/20220329_Info_Inflacao_Mesa.jpg 750w, https:\/\/media.investnews.com.br\/uploads\/2022\/03\/20220329_Info_Inflacao_Mesa-300x251.jpg 300w, https:\/\/media.investnews.com.br\/uploads\/2022\/03\/20220329_Info_Inflacao_Mesa-172x144.jpg 172w, https:\/\/media.investnews.com.br\/uploads\/2022\/03\/20220329_Info_Inflacao_Mesa-150x125.jpg 150w\" sizes=\"auto, (max-width: 750px) 100vw, 750px\" \/><\/figure>\n\n\n\n<h2 class=\"wp-block-heading\">Queda dos pre\u00e7os<\/h2>\n\n\n\n<p>Na outra ponta, apenas cinco frutas conseguiram driblar a situa\u00e7\u00e3o e apresentar um recuo em seu pre\u00e7o nesse per\u00edodo de 12 meses terminados em mar\u00e7o: morango (-1,39%), ma\u00e7\u00e3 (-4,12%), tangerina \/ mexerica (-5,99%), banana d\u2019\u00e1gua ou nanica (-7,85%) e lim\u00e3o (-10,05%).<\/p>\n\n\n\n<h2 class=\"wp-block-heading\">Efeitos clim\u00e1ticos<\/h2>\n\n\n\n<p>Em nota, Matheus Pe\u00e7anha, pesquisador e economista do FGV IBRE, afirmou que a lavoura de curto prazo tem sofrido muito desde o ano passado com problemas clim\u00e1ticos, saindo de uma seca hist\u00f3rica e generalizada, em consequ\u00eancia do fen\u00f4meno clim\u00e1tico La Ni\u00f1a, para problemas de chuvas excessivas no Sudeste e secas localizadas no Centro-Oeste. <\/p>\n\n\n\n<p>\u201cO ac\u00famulo desses choques de oferta foi determinante na escalada atual do pre\u00e7o dos hortifrutis\u201d, disse no estudo. \u201cO problema do excesso de chuva na regi\u00e3o da mata mineira e no Esp\u00edrito Santo, \u00e1reas que contribu\u00edram com metade da produ\u00e7\u00e3o nacional de cenoura, foi o que mais impactou pra encontrarmos esse item a um pre\u00e7o t\u00e3o alto atualmente\u201d.<\/p>\n\n\n\n<p><strong>Veja tamb\u00e9m<\/strong><\/p>\n\n\n\n<ul class=\"wp-block-list\"><li><a target=\"_blank\" href=\"https:\/\/investnews.com.br\/colunistas\/coluna-do-samy-dana\/desconfie-quando-todos-no-mercado-estao-otimistas\/\" rel=\"noreferrer noopener\">Desconfie quando todos no mercado est\u00e3o otimistas<\/a><\/li><li>1\u00ba aporte de&nbsp;<a target=\"_blank\" href=\"https:\/\/investnews.com.br\/cafeina\/1o-aporte-de-novatos-na-b3-e-cada-vez-menor-mulheres-investem-mais-em-acoes\/\" rel=\"noreferrer noopener\">novatos na B3<\/a>&nbsp;\u00e9 cada vez menor; mulheres investem mais em a\u00e7\u00f5es<\/li><li><a target=\"_blank\" href=\"https:\/\/investnews.com.br\/economia\/russia-pode-dar-calote-entenda-quando-um-pais-deixa-de-pagar-credores\/\" rel=\"noreferrer noopener\">R\u00fassia pode dar calote?<\/a>&nbsp;Entenda quando um pa\u00eds deixa de pagar credores<\/li><li><a target=\"_blank\" href=\"https:\/\/investnews.com.br\/economia\/quem-e-adriano-pires\/\" rel=\"noreferrer noopener\">Quem \u00e9 Adriano Pires<\/a>, indicado pelo governo para a presid\u00eancia da Petrobras<\/li><li><a target=\"_blank\" href=\"https:\/\/investnews.com.br\/boletim-investnews\/bolsonaro-quer-trocar-ceo-da-petrobras-diz-jornal-como-fica-petrobras\/\" rel=\"noreferrer noopener\">Troca de CEO da Petrobras<\/a>: como ficam as a\u00e7\u00f5es da empresa?<\/li><\/ul>\n","protected":false},"excerpt":{"rendered":"<p>Levantamento da FGV mostra que hortali\u00e7as e legumes subiram em m\u00e9dia 31,43% em 12 meses.<\/p>\n","protected":false},"author":7,"featured_media":316003,"comment_status":"closed","ping_status":"open","sticky":false,"template":"","format":"standard","meta":{"_acf_changed":false,"inline_featured_image":false,"footnotes":""},"categories":[5],"tags":[683,52],"autor-wsj":[],"coauthors":[1494],"class_list":["post-316000","post","type-post","status-publish","format-standard","has-post-thumbnail","hentry","category-economia","tag-alimentos","tag-inflacao"],"acf":[],"amp_enabled":true,"_links":{"self":[{"href":"https:\/\/investnews.com.br\/inv-api\/wp\/v2\/posts\/316000","targetHints":{"allow":["GET"]}}],"collection":[{"href":"https:\/\/investnews.com.br\/inv-api\/wp\/v2\/posts"}],"about":[{"href":"https:\/\/investnews.com.br\/inv-api\/wp\/v2\/types\/post"}],"author":[{"embeddable":true,"href":"https:\/\/investnews.com.br\/inv-api\/wp\/v2\/users\/7"}],"replies":[{"embeddable":true,"href":"https:\/\/investnews.com.br\/inv-api\/wp\/v2\/comments?post=316000"}],"version-history":[{"count":5,"href":"https:\/\/investnews.com.br\/inv-api\/wp\/v2\/posts\/316000\/revisions"}],"predecessor-version":[{"id":316022,"href":"https:\/\/investnews.com.br\/inv-api\/wp\/v2\/posts\/316000\/revisions\/316022"}],"wp:featuredmedia":[{"embeddable":true,"href":"https:\/\/investnews.com.br\/inv-api\/wp\/v2\/media\/316003"}],"wp:attachment":[{"href":"https:\/\/investnews.com.br\/inv-api\/wp\/v2\/media?parent=316000"}],"wp:term":[{"taxonomy":"category","embeddable":true,"href":"https:\/\/investnews.com.br\/inv-api\/wp\/v2\/categories?post=316000"},{"taxonomy":"post_tag","embeddable":true,"href":"https:\/\/investnews.com.br\/inv-api\/wp\/v2\/tags?post=316000"},{"taxonomy":"autor-wsj","embeddable":true,"href":"https:\/\/investnews.com.br\/inv-api\/wp\/v2\/autor-wsj?post=316000"},{"taxonomy":"author","embeddable":true,"href":"https:\/\/investnews.com.br\/inv-api\/wp\/v2\/coauthors?post=316000"}],"curies":[{"name":"wp","href":"https:\/\/api.w.org\/{rel}","templated":true}]}}