{"id":316134,"date":"2022-03-29T17:57:46","date_gmt":"2022-03-29T20:57:46","guid":{"rendered":"https:\/\/investnews.com.br\/?p=316134"},"modified":"2022-03-29T18:02:06","modified_gmt":"2022-03-29T21:02:06","slug":"privatizacao-da-petrobras-guedes","status":"publish","type":"post","link":"https:\/\/investnews.com.br\/negocios\/privatizacao-da-petrobras-guedes\/","title":{"rendered":"Privatiza\u00e7\u00e3o da Petrobras n\u00e3o est\u00e1 na mesa, diz Guedes"},"content":{"rendered":"\n<p>O ministro da Economia, Paulo&nbsp;Guedes, disse nesta ter\u00e7a-feira que a <strong>privatiza\u00e7\u00e3o da Petrobras <\/strong>(<a href=\"https:\/\/investnews.com.br\/cotacao\/petr3-petr4-petrobras\/\" class=\"rank-math-link\">PETR3<\/a>; <a href=\"https:\/\/investnews.com.br\/cotacao\/petr3-petr4-petrobras\/\" class=\"rank-math-link\">PETR4<\/a>) n\u00e3o est\u00e1 na agenda, depois de o governo ter anunciado a indica\u00e7\u00e3o do consultor<a href=\"https:\/\/investnews.com.br\/economia\/quem-e-adriano-pires\/\" class=\"rank-math-link\"> Adriano Pires para a presid\u00eancia da estatal<\/a>.<\/p>\n\n\n\n<p>Pires \u00e9 defensor hist\u00f3rico da paridade de pre\u00e7os da Petrobras em rela\u00e7\u00e3o \u00e0s cota\u00e7\u00f5es internacionais, e j\u00e1 defendeu a privatiza\u00e7\u00e3o da companhia.<\/p>\n\n\n\n<p>Falando a jornalistas durante visita a Paris,&nbsp;Guedes&nbsp;relacionou planos de privatiza\u00e7\u00e3o do governo, mas quando questionado sobre a Petrobras em uma coletiva de imprensa ele disse: &#8220;n\u00e3o est\u00e1 na mesa&#8221;.<\/p>\n\n\n\n<p>Segundo&nbsp;Guedes, a mudan\u00e7a da presid\u00eancia da Petrobras n\u00e3o \u00e9 um fator importante.<\/p>\n\n\n\n<p>O ministro conversou com a imprensa na embaixada do Brasil em Paris, onde cumpre agenda de reuni\u00f5es com empres\u00e1rios e representantes da Organiza\u00e7\u00e3o para a Coopera\u00e7\u00e3o e Desenvolvimento Econ\u00f4mico (OCDE).<\/p>\n\n\n\n<p>O <a class=\"rank-math-link\" href=\"https:\/\/investnews.com.br\/negocios\/bolsonaro-decide-tirar-joaquim-luna-da-petrobras-dizem-jornais\/\">governo federal indicou nesta segunda-feira Pires para a presid\u00eancia-executiva da Petrobras <\/a>no lugar do general da reserva Joaquim Silva e Luna, ap\u00f3s cr\u00edticas do presidente Jair Bolsonaro sobre alta nos pre\u00e7os de combust\u00edveis.<\/p>\n\n\n\n<p><strong>Veja tamb\u00e9m<\/strong><br><\/p>\n\n\n\n<ul class=\"wp-block-list\"><li><a target=\"_blank\" href=\"https:\/\/investnews.com.br\/colunistas\/coluna-do-samy-dana\/desconfie-quando-todos-no-mercado-estao-otimistas\/\" rel=\"noreferrer noopener\">Desconfie quando todos no mercado est\u00e3o otimistas<\/a><\/li><li>1\u00ba aporte de&nbsp;<a target=\"_blank\" href=\"https:\/\/investnews.com.br\/cafeina\/1o-aporte-de-novatos-na-b3-e-cada-vez-menor-mulheres-investem-mais-em-acoes\/\" rel=\"noreferrer noopener\">novatos na B3<\/a>&nbsp;\u00e9 cada vez menor; mulheres investem mais em a\u00e7\u00f5es<\/li><li><a target=\"_blank\" href=\"https:\/\/investnews.com.br\/economia\/russia-pode-dar-calote-entenda-quando-um-pais-deixa-de-pagar-credores\/\" rel=\"noreferrer noopener\">R\u00fassia pode dar calote?<\/a>&nbsp;Entenda quando um pa\u00eds deixa de pagar credores<\/li><li><a target=\"_blank\" href=\"https:\/\/investnews.com.br\/economia\/quem-e-adriano-pires\/\" rel=\"noreferrer noopener\">Quem \u00e9 Adriano Pires<\/a>, indicado pelo governo para a presid\u00eancia da Petrobras<\/li><li><a target=\"_blank\" href=\"https:\/\/investnews.com.br\/boletim-investnews\/bolsonaro-quer-trocar-ceo-da-petrobras-diz-jornal-como-fica-petrobras\/\" rel=\"noreferrer noopener\">Troca de CEO da Petrobras<\/a>: como ficam as a\u00e7\u00f5es da empresa?<\/li><\/ul>\n","protected":false},"excerpt":{"rendered":"<p>A fala do ministro veio depois de o governo ter anunciado a indica\u00e7\u00e3o do consultor Adriano Pires para a presid\u00eancia da estatal.<\/p>\n","protected":false},"author":61,"featured_media":266375,"comment_status":"closed","ping_status":"open","sticky":false,"template":"","format":"standard","meta":{"_acf_changed":false,"inline_featured_image":false,"footnotes":""},"categories":[6],"tags":[347,21],"autor-wsj":[],"coauthors":[2494],"class_list":["post-316134","post","type-post","status-publish","format-standard","has-post-thumbnail","hentry","category-negocios","tag-paulo-guedes","tag-petrobras"],"acf":[],"amp_enabled":true,"_links":{"self":[{"href":"https:\/\/investnews.com.br\/inv-api\/wp\/v2\/posts\/316134","targetHints":{"allow":["GET"]}}],"collection":[{"href":"https:\/\/investnews.com.br\/inv-api\/wp\/v2\/posts"}],"about":[{"href":"https:\/\/investnews.com.br\/inv-api\/wp\/v2\/types\/post"}],"author":[{"embeddable":true,"href":"https:\/\/investnews.com.br\/inv-api\/wp\/v2\/users\/61"}],"replies":[{"embeddable":true,"href":"https:\/\/investnews.com.br\/inv-api\/wp\/v2\/comments?post=316134"}],"version-history":[{"count":3,"href":"https:\/\/investnews.com.br\/inv-api\/wp\/v2\/posts\/316134\/revisions"}],"predecessor-version":[{"id":316144,"href":"https:\/\/investnews.com.br\/inv-api\/wp\/v2\/posts\/316134\/revisions\/316144"}],"wp:featuredmedia":[{"embeddable":true,"href":"https:\/\/investnews.com.br\/inv-api\/wp\/v2\/media\/266375"}],"wp:attachment":[{"href":"https:\/\/investnews.com.br\/inv-api\/wp\/v2\/media?parent=316134"}],"wp:term":[{"taxonomy":"category","embeddable":true,"href":"https:\/\/investnews.com.br\/inv-api\/wp\/v2\/categories?post=316134"},{"taxonomy":"post_tag","embeddable":true,"href":"https:\/\/investnews.com.br\/inv-api\/wp\/v2\/tags?post=316134"},{"taxonomy":"autor-wsj","embeddable":true,"href":"https:\/\/investnews.com.br\/inv-api\/wp\/v2\/autor-wsj?post=316134"},{"taxonomy":"author","embeddable":true,"href":"https:\/\/investnews.com.br\/inv-api\/wp\/v2\/coauthors?post=316134"}],"curies":[{"name":"wp","href":"https:\/\/api.w.org\/{rel}","templated":true}]}}