{"id":320421,"date":"2022-04-14T18:02:40","date_gmt":"2022-04-14T21:02:40","guid":{"rendered":"https:\/\/investnews.com.br\/?p=320421"},"modified":"2024-06-24T12:04:17","modified_gmt":"2024-06-24T15:04:17","slug":"petrobras-elege-indicado-pelo-governo-a-presidencia-o-que-deve-mudar","status":"publish","type":"post","link":"https:\/\/investnews.com.br\/financas\/petrobras-elege-indicado-pelo-governo-a-presidencia-o-que-deve-mudar\/","title":{"rendered":"Petrobras elege indicado pelo governo \u00e0 presid\u00eancia: o que deve mudar?"},"content":{"rendered":"\n<figure class=\"wp-block-embed-youtube wp-block-embed is-type-video is-provider-youtube wp-embed-aspect-16-9 wp-has-aspect-ratio\"><div class=\"wp-block-embed__wrapper\">\n<iframe loading=\"lazy\" title=\"Petrobras elege indicado pelo governo \u00e0 presid\u00eancia: o que deve mudar?\" width=\"500\" height=\"281\" src=\"https:\/\/www.youtube.com\/embed\/uh6aZBxG3qM?feature=oembed\" frameborder=\"0\" allow=\"accelerometer; autoplay; clipboard-write; encrypted-media; gyroscope; picture-in-picture; web-share\" referrerpolicy=\"strict-origin-when-cross-origin\" allowfullscreen><\/iframe>\n<\/div><\/figure>\n\n\n\n<p>O conselho de administra\u00e7\u00e3o da Petrobras (<a href=\"https:\/\/investnews.com.br\/cotacao\/petr3-petr4-petrobras\/\" class=\"rank-math-link\">PETR3<\/a>, <a href=\"https:\/\/investnews.com.br\/cotacao\/petr3-petr4-petrobras\/\" class=\"rank-math-link\">PETR4<\/a>) elegeu, em reuni\u00e3o realizada nesta quinta-feira (14), Jos\u00e9 Mauro Ferreira Coelho, nome indicado pelo governo, para o cargo de presidente da companhia. <\/p>\n\n\n\n<p>Coelho \u00e9 presidente do conselho de administra\u00e7\u00e3o da Empresa Brasileira de Administra\u00e7\u00e3o de Petr\u00f3leo e G\u00e1s Natural (PPSA). O executivo assume \u00e0 cadeira ap\u00f3s decis\u00e3o do presidente da Rep\u00fablica, Jair Bolsonaro, que resolveu tirar o general Joaquim Silva e Luna do comando da empresa na esteira de uma sequ\u00eancia de reclama\u00e7\u00f5es de Bolsonaro sobre o aumento dos pre\u00e7os dos combust\u00edveis. Mas o que deve mudar com a nova posse? Quais novidades essa gest\u00e3o pode trazer? <\/p>\n\n\n\n<p>O BLTM mostra ainda que o fluxo estrangeiro que sustentou as altas do <a href=\"https:\/\/investnews.com.br\/financas\/ibovespa-dolar-cotacao-14-04-2022\/\" class=\"rank-math-link\">Ibovespa<\/a> nas \u00faltimas semanas parece ter secado, j\u00e1 que ao longo do m\u00eas de abril o valor est\u00e1 negativo em quase R$ 1 bilh\u00e3o. <\/p>\n\n\n\n<p>O programa traz ainda um resumo de not\u00edcias que mexeram com o mercado, com a cota\u00e7\u00e3o do d\u00f3lar e do Ibovespa no dia, al\u00e9m das a\u00e7\u00f5es que mais subiram e mais ca\u00edram no dia e na semana. <\/p>\n\n\n\n<p>Com apresenta\u00e7\u00e3o da jornalista Erica Martin e coment\u00e1rios de Hugo Carone e Murilo Breder, analistas de investimentos Eduardo Perez, da NuInvest. <\/p>\n","protected":false},"excerpt":{"rendered":"<p>Programa traz ainda um resumo de not\u00edcias que mexeram com o mercado, com a cota\u00e7\u00e3o do d\u00f3lar e do Ibovespa no dia.<\/p>\n","protected":false},"author":53,"featured_media":320449,"comment_status":"closed","ping_status":"open","sticky":false,"template":"","format":"standard","meta":{"_acf_changed":false,"inline_featured_image":false,"footnotes":""},"categories":[4],"tags":[26,21],"autor-wsj":[],"coauthors":[2433,2268,2315],"class_list":["post-320421","post","type-post","status-publish","format-standard","has-post-thumbnail","hentry","category-financas","tag-dolar","tag-petrobras"],"acf":[],"amp_enabled":true,"_links":{"self":[{"href":"https:\/\/investnews.com.br\/inv-api\/wp\/v2\/posts\/320421","targetHints":{"allow":["GET"]}}],"collection":[{"href":"https:\/\/investnews.com.br\/inv-api\/wp\/v2\/posts"}],"about":[{"href":"https:\/\/investnews.com.br\/inv-api\/wp\/v2\/types\/post"}],"author":[{"embeddable":true,"href":"https:\/\/investnews.com.br\/inv-api\/wp\/v2\/users\/53"}],"replies":[{"embeddable":true,"href":"https:\/\/investnews.com.br\/inv-api\/wp\/v2\/comments?post=320421"}],"version-history":[{"count":5,"href":"https:\/\/investnews.com.br\/inv-api\/wp\/v2\/posts\/320421\/revisions"}],"predecessor-version":[{"id":320436,"href":"https:\/\/investnews.com.br\/inv-api\/wp\/v2\/posts\/320421\/revisions\/320436"}],"wp:featuredmedia":[{"embeddable":true,"href":"https:\/\/investnews.com.br\/inv-api\/wp\/v2\/media\/320449"}],"wp:attachment":[{"href":"https:\/\/investnews.com.br\/inv-api\/wp\/v2\/media?parent=320421"}],"wp:term":[{"taxonomy":"category","embeddable":true,"href":"https:\/\/investnews.com.br\/inv-api\/wp\/v2\/categories?post=320421"},{"taxonomy":"post_tag","embeddable":true,"href":"https:\/\/investnews.com.br\/inv-api\/wp\/v2\/tags?post=320421"},{"taxonomy":"autor-wsj","embeddable":true,"href":"https:\/\/investnews.com.br\/inv-api\/wp\/v2\/autor-wsj?post=320421"},{"taxonomy":"author","embeddable":true,"href":"https:\/\/investnews.com.br\/inv-api\/wp\/v2\/coauthors?post=320421"}],"curies":[{"name":"wp","href":"https:\/\/api.w.org\/{rel}","templated":true}]}}