{"id":320541,"date":"2022-04-18T08:11:27","date_gmt":"2022-04-18T11:11:27","guid":{"rendered":"https:\/\/investnews.com.br\/?p=320541"},"modified":"2024-06-26T11:32:41","modified_gmt":"2024-06-26T14:32:41","slug":"china-suspende-compra-de-carne-fim-da-pandemia","status":"publish","type":"post","link":"https:\/\/investnews.com.br\/economia\/china-suspende-compra-de-carne-fim-da-pandemia\/","title":{"rendered":"5 fatos para hoje: China suspende compra de carne; fim da pandemia"},"content":{"rendered":"\n<h2 class=\"wp-block-heading\">1 &#8211; Banco Pan aponta vazamento de dados de clientes de cart\u00e3o de cr\u00e9dito<\/h2>\n\n\n\n<p>O <strong>Banco Pan<\/strong> (<a href=\"https:\/\/investnews.com.br\/cotacao\/bpan4-banco-pan\/\" class=\"rank-math-link\">BPAN4<\/a>) informou nesta sexta-feira (15) que houve um vazamento de dados cadastrais de clientes que possuem cart\u00f5es de cr\u00e9dito da institui\u00e7\u00e3o, n\u00e3o deixando claro o n\u00famero de atingidos.<\/p>\n\n\n\n<p>O banco disse que o problema envolveu uma empresa que presta servi\u00e7os de tecnologia para a central de atendimento a clientes no segmento de cart\u00f5es.<\/p>\n\n\n\n<p>De acordo com a institui\u00e7\u00e3o, o incidente permitiu c\u00f3pia de dados cadastrais, al\u00e9m de saldo devedor das faturas e limite dos cart\u00f5es. N\u00e3o houve acesso aos dados completos das numera\u00e7\u00f5es dos cart\u00f5es nem das senhas.<\/p>\n\n\n\n<p>O banco informou que n\u00e3o h\u00e1 risco de preju\u00edzos financeiros aos clientes. A base de usu\u00e1rios de cart\u00f5es de cr\u00e9dito do Pan \u00e9 de 13 milh\u00f5es.<\/p>\n\n\n\n<p>&#8220;De acordo com a apura\u00e7\u00e3o em curso, j\u00e1 foi poss\u00edvel constatar que n\u00e3o houve comprometimento de <a href=\"https:\/\/investnews.com.br\/financas\/conta-corrente-ou-poupanca\/\">conta corrente<\/a>, indisponibilidade de sistema, ou invas\u00e3o \u00e0 infraestrutura do banco&#8221;, disse em nota.<\/p>\n\n\n\n<p>Segundo o Pan, foram ativados protocolos de seguran\u00e7a e foi contratada uma consultoria especializada independente para uma an\u00e1lise completa do caso. &#8220;Todas as autoridades competentes foram notificadas&#8221;, acrescentou.<\/p>\n\n\n\n<p>Procurado, o Banco Central n\u00e3o fez coment\u00e1rios sobre o caso.<\/p>\n\n\n\n<h2 class=\"wp-block-heading\">2 &#8211; China suspende compra de carne de unidades de JBS, Marfrig e Naturafrig por uma semana<\/h2>\n\n\n\n<p>A Administra\u00e7\u00e3o Geral de Aduanas da China (GACC) suspendeu por uma semana as importa\u00e7\u00f5es de tr\u00eas exportadores brasileiros de carne bovina &#8211; <strong>JBS SA<\/strong> (<a href=\"https:\/\/investnews.com.br\/cotacao\/jbss3-jbs\/\" class=\"rank-math-link\">JBSS3<\/a>), <strong>Marfrig<\/strong> (<a href=\"https:\/\/investnews.com.br\/cotacao\/mrfg3-marfrig\/\" class=\"rank-math-link\">MRFG3<\/a>) e <strong>Naturafrig<\/strong> -, informou o jornal Valor Econ\u00f4mico, citando uma comunicado enviado \u00e0 embaixada do Brasil em Pequim.<\/p>\n\n\n\n<p>A decis\u00e3o afeta quatro unidades localizadas no Mato Grosso e em S\u00e3o Paulo e entrar\u00e1 em vigor no s\u00e1bado.<\/p>\n\n\n\n<p>De acordo com o comunicado, os t\u00e9cnicos identificaram a presen\u00e7a de \u00e1cido nucleico do novo coronav\u00edrus na embalagem externa de quatro lotes de produtos congelados dessas empresas enviados para a China.<\/p>\n\n\n\n<p>A decis\u00e3o afeta o frigor\u00edfico da JBS em Barra do Gar\u00e7as, no Mato Grosso, e as unidades da Marfrig em V\u00e1rzea Grande, no Mato Grosso, e Promiss\u00e3o, em S\u00e3o Paulo, e o frigor\u00edfico da Naturafrig em Pirapozinho, tamb\u00e9m no Estado de S\u00e3o Paulo.<\/p>\n\n\n\n<p>As empresas n\u00e3o responderam imediatamente aos pedidos de coment\u00e1rios.<\/p>\n\n\n\n<p>Na semana passada, a GACC suspendeu as importa\u00e7\u00f5es de duas unidades brasileiras de carne bovina e uma produtora de aves, tamb\u00e9m por uma semana, a partir de 8 de abril. Essa proibi\u00e7\u00e3o envolveu unidades de carne bovina da JBS em Goi\u00e1s e da Marfrig no Mato Grosso e uma unidade de frango em S\u00e3o Paulo de propriedade da Zanchetta.<\/p>\n\n\n\n<h2 class=\"wp-block-heading\">3 &#8211; Queiroga anuncia fim da emerg\u00eancia de sa\u00fade p\u00fablica sobre a pandemia<\/h2>\n\n\n\n<p>O Brasil tem condi\u00e7\u00f5es de anunciar o fim da Emerg\u00eancia de Sa\u00fade P\u00fablica de Import\u00e2ncia Nacional (Espin) relacionada \u00e0 pandemia de Covid-19, disse neste domingo (17) o ministro da Sa\u00fade, Marcelo Queiroga, ressaltando que o governo editar\u00e1 um ato normativo para disciplinar essa decis\u00e3o.<\/p>\n\n\n\n<p>Em pronunciamento feito em cadeia nacional de televis\u00e3o, Queiroga afirmou que a medida ser\u00e1 poss\u00edvel gra\u00e7as \u00e0 melhora do cen\u00e1rio epidemiol\u00f3gico, \u00e0 ampla cobertura vacinal da popula\u00e7\u00e3o e \u00e0 capacidade de assist\u00eancia do Sistema \u00danico de Sa\u00fade (SUS).<\/p>\n\n\n\n<p>\u201cEsta medida, no entanto, n\u00e3o significa o fim da Covid-19. Continuaremos a conviver com o v\u00edrus. O Minist\u00e9rio da Sa\u00fade permanece vigilante e preparado para adotar todas as a\u00e7\u00f5es necess\u00e1rias para garantir a sa\u00fade dos brasileiros, em total respeito \u00e0 Constitui\u00e7\u00e3o Federal\u201d, disse.<\/p>\n\n\n\n<p>O Estado de Emerg\u00eancia em Sa\u00fade P\u00fablica de Import\u00e2ncia Nacional d\u00e1 maior liberdade aos gestores p\u00fablicos para tomar decis\u00f5es relacionadas ao enfrentamento \u00e0 crise sanit\u00e1ria.<\/p>\n\n\n\n<p>No fim de mar\u00e7o, ap\u00f3s o presidente Jair Bolsonaro ter dito publicamente que Queiroga estudava reclassificar a crise sanit\u00e1ria para endemia, o ministro disse que n\u00e3o decretaria o fim da pandemia de Covid-19 no Brasil.<\/p>\n\n\n\n<p>Na ocasi\u00e3o, Queiroga explicou que o minist\u00e9rio avaliava encerrar o Estado de Emerg\u00eancia em Sa\u00fade P\u00fablica em vig\u00eancia h\u00e1 mais de dois anos, argumentando que mesmo essa decis\u00e3o dependeria de uma \u201cs\u00e9rie de an\u00e1lises\u201d.<\/p>\n\n\n\n<p>A pasta justificou, naquele momento, que n\u00e3o estava sob sua al\u00e7ada &#8220;rebaixar&#8221; o n\u00edvel da pandemia para endemia.<\/p>\n\n\n\n<p>Apesar das explica\u00e7\u00f5es do minist\u00e9rio, Bolsonaro voltou a dizer, na \u00faltima quarta-feira, que o Minist\u00e9rio da Sa\u00fade rebaixaria em breve o status de pandemia para endemia de Covid-19.<\/p>\n\n\n\n<p>&#8220;Nos pr\u00f3ximos dias, pelo que tenho conhecimento por parte do minist\u00e9rio da nossa Sa\u00fade, deixaremos a pandemia e entraremos na endemia, mudar\u00e1 esse status no Brasil&#8221;, afirmou o presidente, em entrevista divulgada dia 13 de abril.<\/p>\n\n\n\n<h2 class=\"wp-block-heading\">4 &#8211; Guedes vai aos EUA para convencer investidores que Brasil \u00e9 &#8216;porto seguro&#8217;<\/h2>\n\n\n\n<p>Pressionado pelo presidente Jair Bolsonaro (PL) a aumentar os gastos p\u00fablicos em ano eleitoral, o ministro da Economia, Paulo Guedes, inicia neste domingo (17) uma s\u00e9rie de compromissos em Washington, nos Estados Unidos, para vender a ideia de que o Brasil \u00e9 um &#8220;porto seguro&#8221; para receber investimentos.<\/p>\n\n\n\n<p>Guedes participar\u00e1 das reuni\u00f5es de ministros de finan\u00e7as no G20, no Fundo Monet\u00e1rio Internacional (FMI) e no Banco Mundial at\u00e9 o pr\u00f3ximo s\u00e1bado (23). Al\u00e9m disso, ele deve conciliar a agenda para se encontrar com investidores privados, banqueiros e empres\u00e1rios.<\/p>\n\n\n\n<p>&#8220;O Brasil vai estar l\u00e1 se posicionando como uma solu\u00e7\u00e3o. O ministro tem dito claramente nas ultimas oportunidades que o Brasil \u00e9 um porto seguro. Fizemos o dever de casa com as reformas dom\u00e9sticas e isso nos torna mais resilientes ao ambiente mais adverso e turbulento&#8221;, disse um t\u00e9cnico da equipe econ\u00f4mica.<\/p>\n\n\n\n<p>No G20, os riscos para a economia global ser\u00e3o o principal tema de discuss\u00e3o entre os ministros. Os efeitos econ\u00f4micos da guerra da Ucr\u00e2nia e da pandemia de Covid-19, com a interrup\u00e7\u00e3o das cadeias globais, estar\u00e3o em debate.<\/p>\n\n\n\n<p>Os representantes das maiores economias do mundo tamb\u00e9m discutir\u00e3o a seguran\u00e7a energ\u00e9tica e alimentar dos pa\u00edses, a crise de d\u00edvida e a falta de recursos das na\u00e7\u00f5es para identifica\u00e7\u00e3o, enfrentamento e tratamento de potenciais futuras pandemias.<\/p>\n\n\n\n<p>A cria\u00e7\u00e3o de um fundo para apoiar pa\u00edses em situa\u00e7\u00e3o de vulnerabilidade estar\u00e1 em debate no FMI. Os pa\u00edses membros do organismo internacional fizeram um aporte adicional de recursos recentemente e como usar esse dinheiro para ajudar as na\u00e7\u00f5es mais pobres estar\u00e1 em discuss\u00e3o.<\/p>\n\n\n\n<p>As finan\u00e7as sustent\u00e1veis tamb\u00e9m ser\u00e3o debatidas no FMI. Guedes aproveitar\u00e1 para apresentar os programas lan\u00e7ados pelo Brasil para alavancar o crescimento sustent\u00e1vel. O ministro quer mudar a percep\u00e7\u00e3o dos estrangeiros em rela\u00e7\u00e3o ao compromisso do Pa\u00eds com a preserva\u00e7\u00e3o ambiental.<\/p>\n\n\n\n<p>O processo de digitaliza\u00e7\u00e3o dos pa\u00edses ser\u00e1 o debate central do Banco Mundial e Guedes apresentar\u00e1 os avan\u00e7os do Brasil na \u00e1rea. As diferen\u00e7as entre as economias desenvolvidas e em desenvolvimento no avan\u00e7o dessa pauta tamb\u00e9m ser\u00e3o discutidas.<\/p>\n\n\n\n<p>Guedes e os integrantes da comitiva tamb\u00e9m devem se posicionar reservadamente pela manuten\u00e7\u00e3o da R\u00fassia como membro do G20, do FMI e do Banco Mundial. &#8220;Vamos aproveitar as reuni\u00f5es em todos os f\u00f3runs para levar a mensagem de que romper os canais de comunica\u00e7\u00e3o n\u00e3o \u00e9 a melhor estrat\u00e9gia para buscar solu\u00e7\u00f5es para os problemas&#8221;, disse outro t\u00e9cnico da equipe econ\u00f4mica.<\/p>\n\n\n\n<h2 class=\"wp-block-heading\">5 &#8211; Exporta\u00e7\u00f5es agro batem recorde em mar\u00e7o <\/h2>\n\n\n\n<p>As <a href=\"https:\/\/investnews.com.br\/cafeina\/commodities-devem-continuar-em-alta-o-impacto-da-guerra-na-ucrania\/\" class=\"rank-math-link\">exporta\u00e7\u00f5es do agroneg\u00f3cio<\/a> atingiram em mar\u00e7o US$ 14,53 bilh\u00f5es, valor recorde para o m\u00eas e 29,4% superior a mar\u00e7o de 2021. &#8220;O aumento foi motivado pela eleva\u00e7\u00e3o de 27,6% nos pre\u00e7os dos produtos exportados&#8221;, disse o Minist\u00e9rio da Agricultura. O volume foi 1,4% maior. J\u00e1 as importa\u00e7\u00f5es do setor somaram US$ 1,42 bilh\u00e3o, alta de 5,9%.<\/p>\n\n\n\n<p>&#8220;O complexo soja (gr\u00e3o, farelo e \u00f3leo) permanece liderando as exporta\u00e7\u00f5es, com a cifra recorde de US$ 7,56 bilh\u00f5es, respondendo por mais da metade do valor exportado de produtos do agroneg\u00f3cio em mar\u00e7o&#8221;, destacou a pasta.<\/p>\n\n\n\n<p>De janeiro a mar\u00e7o de 2022, as exporta\u00e7\u00f5es do agroneg\u00f3cio somam US$ 33,82 bilh\u00f5es (alta de 45,9%), e a importa\u00e7\u00e3o US$ 3,78 bilh\u00f5es (recuo de 2,1%). No caso das exporta\u00e7\u00f5es, houve varia\u00e7\u00e3o positiva em pre\u00e7os (24,9%) e em volumes (16,8%).<\/p>\n\n\n\n<p><em>* Com informa\u00e7\u00f5es da Reuters, Estad\u00e3o Conte\u00fado e Ag\u00eancia Brasil<\/em><\/p>\n\n\n\n<p><strong>Veja tamb\u00e9m<\/strong><\/p>\n\n\n\n<ul class=\"wp-block-list\"><li>Quais <a href=\"https:\/\/investnews.com.br\/colunistas\/conexao-b3\/quais-produtos-relacionados-ao-metaverso-o-investidor-pode-encontrar-na-b3\/\" class=\"rank-math-link\">produtos relacionados ao metaverso<\/a> o investidor pode encontrar na B3?<\/li><li><a href=\"https:\/\/investnews.com.br\/cafeina\/dolar-em-queda-bolsa-em-alta-qual-a-correlacao-e-como-investir-neste-cenario\/\" class=\"rank-math-link\">D\u00f3lar em queda, bolsa em alta<\/a>: qual a correla\u00e7\u00e3o e como investir neste cen\u00e1rio?<\/li><li>Em 5 anos, <a href=\"https:\/\/investnews.com.br\/economia\/em-5-anos-preco-da-gasolina-subiu-66-e-o-salario-minimo-27\/\" class=\"rank-math-link\">pre\u00e7o da gasolina subiu 66% e o sal\u00e1rio m\u00ednimo, 27%<\/a><\/li><li><a href=\"https:\/\/investnews.com.br\/guias\/imposto-de-renda-o-que-e\/\">Imposto de Renda<\/a> 2022: veja <a href=\"https:\/\/investnews.com.br\/economia\/imposto-de-renda-2022-veja-como-evitar-cair-na-malha-fina\/\" class=\"rank-math-link\">como evitar cair na malha fina<\/a><\/li><li>\u2018Como explicar para o negro da periferia <a href=\"https:\/\/investnews.com.br\/esg\/como-explicar-para-o-negro-da-periferia-o-que-e-goldman-sachs-e-morgan-stanley\/\" class=\"rank-math-link\">o que \u00e9 Goldman Sachs e Morgan Stanley<\/a>?\u2019<\/li><li><a href=\"https:\/\/investnews.com.br\/criptonews\/3-criptomoedas-que-mais-valorizaram-no-1o-trimestre-de-2022\/\" class=\"rank-math-link\">3 criptomoedas que mais valorizaram<\/a> no 1\u00ba trimestre de 2022<\/li><\/ul>\n","protected":false},"excerpt":{"rendered":"<p>Segundo o ministro da sa\u00fade, o Brasil tem condi\u00e7\u00f5es de anunciar o fim da Emerg\u00eancia de Sa\u00fade P\u00fablica de Import\u00e2ncia Nacional (Espin) relacionada \u00e0 pandemia de Covid-19.<\/p>\n","protected":false},"author":7,"featured_media":235056,"comment_status":"closed","ping_status":"open","sticky":false,"template":"","format":"standard","meta":{"_acf_changed":false,"inline_featured_image":false,"footnotes":""},"categories":[5],"tags":[780,244,2428,1352,191],"autor-wsj":[],"coauthors":[1494],"class_list":["post-320541","post","type-post","status-publish","format-standard","has-post-thumbnail","hentry","category-economia","tag-agronegocio","tag-china","tag-banco-pan","tag-jbs","tag-marfrig"],"acf":[],"amp_enabled":true,"_links":{"self":[{"href":"https:\/\/investnews.com.br\/inv-api\/wp\/v2\/posts\/320541","targetHints":{"allow":["GET"]}}],"collection":[{"href":"https:\/\/investnews.com.br\/inv-api\/wp\/v2\/posts"}],"about":[{"href":"https:\/\/investnews.com.br\/inv-api\/wp\/v2\/types\/post"}],"author":[{"embeddable":true,"href":"https:\/\/investnews.com.br\/inv-api\/wp\/v2\/users\/7"}],"replies":[{"embeddable":true,"href":"https:\/\/investnews.com.br\/inv-api\/wp\/v2\/comments?post=320541"}],"version-history":[{"count":4,"href":"https:\/\/investnews.com.br\/inv-api\/wp\/v2\/posts\/320541\/revisions"}],"predecessor-version":[{"id":320579,"href":"https:\/\/investnews.com.br\/inv-api\/wp\/v2\/posts\/320541\/revisions\/320579"}],"wp:featuredmedia":[{"embeddable":true,"href":"https:\/\/investnews.com.br\/inv-api\/wp\/v2\/media\/235056"}],"wp:attachment":[{"href":"https:\/\/investnews.com.br\/inv-api\/wp\/v2\/media?parent=320541"}],"wp:term":[{"taxonomy":"category","embeddable":true,"href":"https:\/\/investnews.com.br\/inv-api\/wp\/v2\/categories?post=320541"},{"taxonomy":"post_tag","embeddable":true,"href":"https:\/\/investnews.com.br\/inv-api\/wp\/v2\/tags?post=320541"},{"taxonomy":"autor-wsj","embeddable":true,"href":"https:\/\/investnews.com.br\/inv-api\/wp\/v2\/autor-wsj?post=320541"},{"taxonomy":"author","embeddable":true,"href":"https:\/\/investnews.com.br\/inv-api\/wp\/v2\/coauthors?post=320541"}],"curies":[{"name":"wp","href":"https:\/\/api.w.org\/{rel}","templated":true}]}}