{"id":3224,"date":"2020-02-12T18:49:12","date_gmt":"2020-02-12T21:49:12","guid":{"rendered":"https:\/\/investnews.com.br\/?p=3224"},"modified":"2024-06-24T15:13:20","modified_gmt":"2024-06-24T18:13:20","slug":"5-coisas-que-voce-nao-sabia-sobre-a-apple","status":"publish","type":"post","link":"https:\/\/investnews.com.br\/financas\/5-coisas-que-voce-nao-sabia-sobre-a-apple\/","title":{"rendered":"5 coisas que voc\u00ea n\u00e3o sabia sobre a Apple"},"content":{"rendered":"\n<figure class=\"wp-block-embed is-type-video is-provider-youtube wp-block-embed-youtube wp-embed-aspect-16-9 wp-has-aspect-ratio\"><div class=\"wp-block-embed__wrapper\">\n<iframe loading=\"lazy\" title=\"Dony De Nuccio: 5 fatos que voc\u00ea ainda n\u00e3o sabe sobre a Apple\" width=\"500\" height=\"281\" src=\"https:\/\/www.youtube.com\/embed\/MKGd7sMnr2Y?feature=oembed\" frameborder=\"0\" allow=\"accelerometer; autoplay; clipboard-write; encrypted-media; gyroscope; picture-in-picture; web-share\" referrerpolicy=\"strict-origin-when-cross-origin\" allowfullscreen><\/iframe>\n<\/div><\/figure>\n\n\n\n<p> A <a href=\"https:\/\/investnews.com.br\/negocios\/historia-da-apple\/\">Apple<\/a>, multinacional fundada por Steve Jobs, \u00e9 uma das empresas mais populares do mundo. Por todos os cantos, \u00e9 poss\u00edvel encontrar f\u00e3s de aparelhos como o Iphone, Ipad e MacBook. <\/p>\n\n\n\n<ul class=\"wp-block-list\">\n<li><strong><em>Descubra a hist\u00f3ria de <\/em><\/strong><a href=\"https:\/\/investnews.com.br\/perfis\/steve-jobs\/\" target=\"_blank\" rel=\"noreferrer noopener\">Steve Jobs<\/a><strong><em>: o homem que mudou o mundo com a Apple<\/em><\/strong><\/li>\n<\/ul>\n\n\n\n<p>Mas voc\u00ea sabia que a empresa teve um fundador que vendeu sua parte por US$ 800? E que o primeiro computador pessoal lan\u00e7ado pela Apple era praticamente um &#8220;fa\u00e7a voc\u00ea mesmo&#8221;? No quadro Cinco+, Dony de Nuccio selecionou cinco curiosidades pouco conhecidas sobre essa empresa. <\/p>\n","protected":false},"excerpt":{"rendered":"<p>Voc\u00ea sabia que a empresa teve um fundador que vendeu sua parte por US$ 800? <\/p>\n","protected":false},"author":7,"featured_media":3227,"comment_status":"open","ping_status":"open","sticky":false,"template":"","format":"video","meta":{"_acf_changed":false,"inline_featured_image":false,"footnotes":""},"categories":[4],"tags":[329],"autor-wsj":[],"coauthors":[1494],"class_list":["post-3224","post","type-post","status-publish","format-video","has-post-thumbnail","hentry","category-financas","tag-apple","post_format-post-format-video"],"acf":[],"amp_enabled":true,"_links":{"self":[{"href":"https:\/\/investnews.com.br\/inv-api\/wp\/v2\/posts\/3224","targetHints":{"allow":["GET"]}}],"collection":[{"href":"https:\/\/investnews.com.br\/inv-api\/wp\/v2\/posts"}],"about":[{"href":"https:\/\/investnews.com.br\/inv-api\/wp\/v2\/types\/post"}],"author":[{"embeddable":true,"href":"https:\/\/investnews.com.br\/inv-api\/wp\/v2\/users\/7"}],"replies":[{"embeddable":true,"href":"https:\/\/investnews.com.br\/inv-api\/wp\/v2\/comments?post=3224"}],"version-history":[{"count":3,"href":"https:\/\/investnews.com.br\/inv-api\/wp\/v2\/posts\/3224\/revisions"}],"predecessor-version":[{"id":557176,"href":"https:\/\/investnews.com.br\/inv-api\/wp\/v2\/posts\/3224\/revisions\/557176"}],"wp:featuredmedia":[{"embeddable":true,"href":"https:\/\/investnews.com.br\/inv-api\/wp\/v2\/media\/3227"}],"wp:attachment":[{"href":"https:\/\/investnews.com.br\/inv-api\/wp\/v2\/media?parent=3224"}],"wp:term":[{"taxonomy":"category","embeddable":true,"href":"https:\/\/investnews.com.br\/inv-api\/wp\/v2\/categories?post=3224"},{"taxonomy":"post_tag","embeddable":true,"href":"https:\/\/investnews.com.br\/inv-api\/wp\/v2\/tags?post=3224"},{"taxonomy":"autor-wsj","embeddable":true,"href":"https:\/\/investnews.com.br\/inv-api\/wp\/v2\/autor-wsj?post=3224"},{"taxonomy":"author","embeddable":true,"href":"https:\/\/investnews.com.br\/inv-api\/wp\/v2\/coauthors?post=3224"}],"curies":[{"name":"wp","href":"https:\/\/api.w.org\/{rel}","templated":true}]}}