{"id":322429,"date":"2022-04-25T17:59:34","date_gmt":"2022-04-25T20:59:34","guid":{"rendered":"https:\/\/investnews.com.br\/?p=322429"},"modified":"2025-09-05T15:14:46","modified_gmt":"2025-09-05T18:14:46","slug":"venda-do-twitter-gera-memes-e-especulacoes-na-rede-social","status":"publish","type":"post","link":"https:\/\/investnews.com.br\/economia\/venda-do-twitter-gera-memes-e-especulacoes-na-rede-social\/","title":{"rendered":"Venda do Twitter: os memes e especula\u00e7\u00f5es sobre futuro da rede social"},"content":{"rendered":"\n<p>Logo ap\u00f3s o an\u00fancio oficial da venda do <strong>Twitter<\/strong> (<a rel=\"noreferrer noopener\" href=\"https:\/\/investnews.com.br\/cotacao\/twtr34\/\" target=\"_blank\">TWTR34<\/a>)\u00a0para o bilion\u00e1rio <strong>Elon Musk <\/strong>nesta segunda-feira (25), a rede social, <a href=\"https:\/\/investnews.com.br\/negocios\/twitter-aceita-oferta-de-elon-musk-acao-dispara-em-ny\/\" class=\"rank-math-link\">rec\u00e9m-adquirida pelo homem mais rico do mundo<\/a> em um acordo de mais de US$ 43 bilh\u00f5es, ficou repleta de mensagens ir\u00f4nicas e especula\u00e7\u00f5es sobre as poss\u00edveis consequ\u00eancias da aquisi\u00e7\u00e3o e mudan\u00e7as na pol\u00edtica da plataforma, como a recupera\u00e7\u00e3o de contas suspensas.<\/p>\n\n\n\n<p><em>Confira abaixo a rea\u00e7\u00e3o dos usu\u00e1rios do Twitter ao neg\u00f3cio anunciado mais cedo:<\/em><\/p>\n\n\n\n<p>A quest\u00e3o de qual conta banida restabelecer era um ponto \u00f3bvio para os usu\u00e1rios do Twitter come\u00e7arem a fazer especula\u00e7\u00f5es. &#8220;Qual conta proibida voc\u00ea quer que seja restaurada assim que Elon Musk tiver o controle?&#8221;, postou o colunista pol\u00edtico Benny Johnson nesta tarde.<\/p>\n\n\n\n<figure class=\"wp-block-embed-twitter wp-block-embed is-type-rich is-provider-twitter\"><div class=\"wp-block-embed__wrapper\">\n<blockquote class=\"twitter-tweet\" data-width=\"500\" data-dnt=\"true\"><p lang=\"en\" dir=\"ltr\">Which banned account do you want to be restored most once <a href=\"https:\/\/twitter.com\/elonmusk?ref_src=twsrc%5Etfw\" target=\"_blank\" rel=\"noopener\">@ElonMusk<\/a> takes control?<\/p>&mdash; Benny Johnson (@bennyjohnson) <a href=\"https:\/\/twitter.com\/bennyjohnson\/status\/1518650674485108741?ref_src=twsrc%5Etfw\" target=\"_blank\" rel=\"noopener\">April 25, 2022<\/a><\/blockquote><script async src=\"https:\/\/platform.twitter.com\/widgets.js\" charset=\"utf-8\"><\/script>\n<\/div><\/figure>\n\n\n\n<p>Muitas mensagens referiam-se ao suposto retorno do ex-presidente americano Donald Trump \u00e0 plataforma, ap\u00f3s ter sido banido por violar as regras da rede social. &#8220;Muitas das respostas \u00e0 consulta pedem a reintegra\u00e7\u00e3o do ex-presidente Donald Trump \u00e0 plataforma, mas a Fox News informou que a pessoa banida de mais alto perfil n\u00e3o retornar\u00e1 ao Twitter&#8221;, escreveu Johnson em outra mensagem.<\/p>\n\n\n\n<p>Nem todos concordam que Trump deve ser autorizado a voltar. Kyle Griffin, produtor executivo da  MSNBC, tuitou: &#8220;Declara\u00e7\u00e3o da NAACP: &#8216;Sr. Musk: a liberdade de express\u00e3o \u00e9 maravilhosa, o discurso de \u00f3dio \u00e9 inaceit\u00e1vel. Desinforma\u00e7\u00e3o, desinforma\u00e7\u00e3o e discurso de \u00f3dio N\u00c3O TEM LUGAR no Twitter. N\u00e3o permita que 45 retornem \u00e0 plataforma. N\u00e3o permita que o Twitter se torne uma placa de Petri para discurso de \u00f3dio.&#8221;&#8216;.<\/p>\n\n\n\n<figure class=\"wp-block-embed-twitter wp-block-embed is-type-rich is-provider-twitter\"><div class=\"wp-block-embed__wrapper\">\n<blockquote class=\"twitter-tweet\" data-width=\"500\" data-dnt=\"true\"><p lang=\"en\" dir=\"ltr\">NAACP statement: &quot;Mr. Musk: free speech is wonderful, hate speech is unacceptable. Disinformation, misinformation and hate speech have\u00a0NO PLACE\u00a0on Twitter. Do not allow 45 to return to the platform. Do not allow Twitter to become a petri dish for hate speech.&quot;<\/p>&mdash; Kyle Griffin (@kylegriffin1) <a href=\"https:\/\/twitter.com\/kylegriffin1\/status\/1518671318127886338?ref_src=twsrc%5Etfw\" target=\"_blank\" rel=\"noopener\">April 25, 2022<\/a><\/blockquote><script async src=\"https:\/\/platform.twitter.com\/widgets.js\" charset=\"utf-8\"><\/script>\n<\/div><\/figure>\n\n\n\n<p><br> H\u00e1 tamb\u00e9m o chamado para restabelecer o The Babylon Bee, site de s\u00e1tira que Musk retweetou em muitas ocasi\u00f5es. Ele entrou em contato com a empresa depois que ela foi banida, e foi durante essa conversa que ele pensou que talvez precisasse comprar o Twitter.<\/p>\n\n\n\n<p>Muitas das outras respostas listam figuras controversas que foram expulsas da plataforma, como Milo Yiannopoulos e Laura Loomer.<\/p>\n\n\n\n<p>Alguns usu\u00e1rios anteciparam um \u00eaxodo da equipe do Twitter, como Emily Freeman, chefe de engajamento da comunidade da Amazon Web Services. &#8221; Se algu\u00e9m do Twitter quiser uma nova fun\u00e7\u00e3o\u2026 estamos contratando&#8221;, escreveu ela.<\/p>\n\n\n\n<figure class=\"wp-block-embed-twitter wp-block-embed is-type-rich is-provider-twitter\"><div class=\"wp-block-embed__wrapper\">\n<blockquote class=\"twitter-tweet\" data-width=\"500\" data-dnt=\"true\"><p lang=\"en\" dir=\"ltr\">If anyone <a href=\"https:\/\/twitter.com\/twitter?ref_src=twsrc%5Etfw\" target=\"_blank\" rel=\"noopener\">@Twitter<\/a> wants a new role\u2026 we\u2019re hiring.<\/p>&mdash; emily freeman (@editingemily) <a href=\"https:\/\/twitter.com\/editingemily\/status\/1518678319885176832?ref_src=twsrc%5Etfw\" target=\"_blank\" rel=\"noopener\">April 25, 2022<\/a><\/blockquote><script async src=\"https:\/\/platform.twitter.com\/widgets.js\" charset=\"utf-8\"><\/script>\n<\/div><\/figure>\n\n\n\n<p>Marc Andreessen, investidor e co-autor do primeiro navegador amplamente utilizado na internet, tem se divertido com os memes desde o momento em que a oferta foi feita.<\/p>\n\n\n\n<figure class=\"wp-block-embed-twitter wp-block-embed is-type-rich is-provider-twitter\"><div class=\"wp-block-embed__wrapper\">\n<blockquote class=\"twitter-tweet\" data-width=\"500\" data-dnt=\"true\"><p lang=\"en\" dir=\"ltr\">WHO DID THIS <a href=\"https:\/\/t.co\/M7mIOr1hLm\">pic.twitter.com\/M7mIOr1hLm<\/a><\/p>&mdash; Marc Andreessen \ud83c\uddfa\ud83c\uddf8 (@pmarca) <a href=\"https:\/\/twitter.com\/pmarca\/status\/1518667992661250048?ref_src=twsrc%5Etfw\" target=\"_blank\" rel=\"noopener\">April 25, 2022<\/a><\/blockquote><script async src=\"https:\/\/platform.twitter.com\/widgets.js\" charset=\"utf-8\"><\/script>\n<\/div><\/figure>\n\n\n\n<figure class=\"wp-block-embed-twitter wp-block-embed is-type-rich is-provider-twitter\"><div class=\"wp-block-embed__wrapper\">\n<blockquote class=\"twitter-tweet\" data-width=\"500\" data-dnt=\"true\"><p lang=\"en\" dir=\"ltr\">WHO DID THIS <a href=\"https:\/\/t.co\/2FwQNrcChg\">pic.twitter.com\/2FwQNrcChg<\/a><\/p>&mdash; Marc Andreessen \ud83c\uddfa\ud83c\uddf8 (@pmarca) <a href=\"https:\/\/twitter.com\/pmarca\/status\/1518676124888301568?ref_src=twsrc%5Etfw\" target=\"_blank\" rel=\"noopener\">April 25, 2022<\/a><\/blockquote><script async src=\"https:\/\/platform.twitter.com\/widgets.js\" charset=\"utf-8\"><\/script>\n<\/div><\/figure>\n\n\n\n<p>Usu\u00e1rios brasileiros comentaram com humor a rea\u00e7\u00e3o \u00e0 compra da rede social:<\/p>\n\n\n\n<figure class=\"wp-block-embed-twitter wp-block-embed is-type-rich is-provider-twitter\"><div class=\"wp-block-embed__wrapper\">\n<blockquote class=\"twitter-tweet\" data-width=\"500\" data-dnt=\"true\"><p lang=\"pt\" dir=\"ltr\">A express\u00e3o do brasileiro quando abriu o Twitter e viu R$13,99 nos trend: <a href=\"https:\/\/t.co\/ICVNQPvMA3\">pic.twitter.com\/ICVNQPvMA3<\/a><\/p>&mdash; Ferdynando (@Ferdynandoooo) <a href=\"https:\/\/twitter.com\/Ferdynandoooo\/status\/1518632388410200065?ref_src=twsrc%5Etfw\" target=\"_blank\" rel=\"noopener\">April 25, 2022<\/a><\/blockquote><script async src=\"https:\/\/platform.twitter.com\/widgets.js\" charset=\"utf-8\"><\/script>\n<\/div><\/figure>\n\n\n\n<figure class=\"wp-block-embed-twitter wp-block-embed is-type-rich is-provider-twitter\"><div class=\"wp-block-embed__wrapper\">\nhttps:\/\/twitter.com\/RainhaIncel\/status\/1518685618737496066\n<\/div><\/figure>\n\n\n\n<figure class=\"wp-block-embed-twitter wp-block-embed is-type-rich is-provider-twitter\"><div class=\"wp-block-embed__wrapper\">\n<blockquote class=\"twitter-tweet\" data-width=\"500\" data-dnt=\"true\"><p lang=\"pt\" dir=\"ltr\">RIP Twitter&#8230; Tudo voltando a s\u00e9rie como deve ser <a href=\"https:\/\/t.co\/A7QsoNkShM\">pic.twitter.com\/A7QsoNkShM<\/a><\/p>&mdash; Moonhaven \ud83c\udf11 (@Moonhaven22) <a href=\"https:\/\/twitter.com\/Moonhaven22\/status\/1518645602304892931?ref_src=twsrc%5Etfw\" target=\"_blank\" rel=\"noopener\">April 25, 2022<\/a><\/blockquote><script async src=\"https:\/\/platform.twitter.com\/widgets.js\" charset=\"utf-8\"><\/script>\n<\/div><\/figure>\n\n\n\n<figure class=\"wp-block-embed-twitter wp-block-embed is-type-rich is-provider-twitter\"><div class=\"wp-block-embed__wrapper\">\nhttps:\/\/twitter.com\/herbellaa\/status\/1518687636696748033\n<\/div><\/figure>\n\n\n\n<p>At\u00e9 o perfil da influenciadora de finan\u00e7as pessoais para pessoas de baixa renda, Nath Finan\u00e7as, entrou na brincadeira:<\/p>\n\n\n\n<figure class=\"wp-block-embed-twitter wp-block-embed is-type-rich is-provider-twitter\"><div class=\"wp-block-embed__wrapper\">\nhttps:\/\/twitter.com\/nathfinancas\/status\/1518671501700091904\n<\/div><\/figure>\n\n\n\n<figure class=\"wp-block-embed-twitter wp-block-embed is-type-rich is-provider-twitter\"><div class=\"wp-block-embed__wrapper\">\n<blockquote class=\"twitter-tweet\" data-width=\"500\" data-dnt=\"true\"><p lang=\"pt\" dir=\"ltr\">N\u00f3s aqui do twitter quando o Elon Musk assumir o comando <a href=\"https:\/\/t.co\/qDVooqhkKQ\">pic.twitter.com\/qDVooqhkKQ<\/a><\/p>&mdash; RAQUEL REAL OFICIAL (@raquelrealofc) <a href=\"https:\/\/twitter.com\/raquelrealofc\/status\/1518692065076563968?ref_src=twsrc%5Etfw\" target=\"_blank\" rel=\"noopener\">April 25, 2022<\/a><\/blockquote><script async src=\"https:\/\/platform.twitter.com\/widgets.js\" charset=\"utf-8\"><\/script>\n<\/div><\/figure>\n\n\n\n<p><em>*Com ag\u00eancia<\/em> <em>Bloomberg e Twitter<\/em><\/p>\n\n\n\n<p><strong>Veja tamb\u00e9m<\/strong><\/p>\n\n\n\n<ul class=\"wp-block-list\"><li>Como o homem mais rico do mundo comprou o Twitter? Veja a <a href=\"https:\/\/investnews.com.br\/negocios\/o-que-fez-o-homem-mais-rico-do-mundo-comprar-o-twitter-veja-na-linha-do-tempo\/\" class=\"rank-math-link\">linha do tempo<\/a><\/li><\/ul>\n","protected":false},"excerpt":{"rendered":"<p>Usu\u00e1rios da rede social reagiram com mensagens sobre poss\u00edveis mudan\u00e7as na pol\u00edtica da plataforma ap\u00f3s aquisi\u00e7\u00e3o de Elon Musk.<\/p>\n","protected":false},"author":7,"featured_media":318435,"comment_status":"closed","ping_status":"open","sticky":false,"template":"","format":"standard","meta":{"_acf_changed":false,"inline_featured_image":false,"footnotes":""},"categories":[5],"tags":[110168,1529],"autor-wsj":[],"coauthors":[1494],"class_list":["post-322429","post","type-post","status-publish","format-standard","has-post-thumbnail","hentry","category-economia","tag-elon-musk","tag-twitter"],"acf":[],"amp_enabled":true,"_links":{"self":[{"href":"https:\/\/investnews.com.br\/inv-api\/wp\/v2\/posts\/322429","targetHints":{"allow":["GET"]}}],"collection":[{"href":"https:\/\/investnews.com.br\/inv-api\/wp\/v2\/posts"}],"about":[{"href":"https:\/\/investnews.com.br\/inv-api\/wp\/v2\/types\/post"}],"author":[{"embeddable":true,"href":"https:\/\/investnews.com.br\/inv-api\/wp\/v2\/users\/7"}],"replies":[{"embeddable":true,"href":"https:\/\/investnews.com.br\/inv-api\/wp\/v2\/comments?post=322429"}],"version-history":[{"count":10,"href":"https:\/\/investnews.com.br\/inv-api\/wp\/v2\/posts\/322429\/revisions"}],"predecessor-version":[{"id":322470,"href":"https:\/\/investnews.com.br\/inv-api\/wp\/v2\/posts\/322429\/revisions\/322470"}],"wp:featuredmedia":[{"embeddable":true,"href":"https:\/\/investnews.com.br\/inv-api\/wp\/v2\/media\/318435"}],"wp:attachment":[{"href":"https:\/\/investnews.com.br\/inv-api\/wp\/v2\/media?parent=322429"}],"wp:term":[{"taxonomy":"category","embeddable":true,"href":"https:\/\/investnews.com.br\/inv-api\/wp\/v2\/categories?post=322429"},{"taxonomy":"post_tag","embeddable":true,"href":"https:\/\/investnews.com.br\/inv-api\/wp\/v2\/tags?post=322429"},{"taxonomy":"autor-wsj","embeddable":true,"href":"https:\/\/investnews.com.br\/inv-api\/wp\/v2\/autor-wsj?post=322429"},{"taxonomy":"author","embeddable":true,"href":"https:\/\/investnews.com.br\/inv-api\/wp\/v2\/coauthors?post=322429"}],"curies":[{"name":"wp","href":"https:\/\/api.w.org\/{rel}","templated":true}]}}