{"id":324488,"date":"2022-05-04T06:30:00","date_gmt":"2022-05-04T09:30:00","guid":{"rendered":"https:\/\/investnews.com.br\/?p=324488"},"modified":"2024-06-24T15:01:05","modified_gmt":"2024-06-24T18:01:05","slug":"marcas-trocam-carros-de-volume-por-modelos-premium-para-lucrar-mais","status":"publish","type":"post","link":"https:\/\/investnews.com.br\/colunistas\/marcas-trocam-carros-de-volume-por-modelos-premium-para-lucrar-mais\/","title":{"rendered":"Marcas trocam carros de volume por modelos premium para lucrar mais"},"content":{"rendered":"\n<p>Faz um tempo que o segmento de carros populares est\u00e1 encolhendo no Brasil. Esse fen\u00f4meno, inclusive, foi at\u00e9 abordado por aqui algumas colunas atr\u00e1s.<\/p>\n\n\n\n<p>S\u00f3 que nunca houve uma migra\u00e7\u00e3o t\u00e3o clara para as categorias mais luxuosas como agora.<\/p>\n\n\n\n<p>Hoje n\u00e3o \u00e9 s\u00f3 a Ford que aposta em modelos mais caros que evidentemente vender\u00e3o menos, mas resultam em margens de lucro mais generosas.<\/p>\n\n\n\n<h2 class=\"wp-block-heading\">Mudan\u00e7a na estrat\u00e9gia<\/h2>\n\n\n\n<p>A Honda \u00e9 o exemplo mais recente. Ap\u00f3s descontinuar seus grandes sucessos Fit e Civic, a empresa revelou novos detalhes de sua ousada estrat\u00e9gia para o mercado brasileiro.<\/p>\n\n\n\n<p>A ofensiva come\u00e7a j\u00e1 no segundo semestre deste ano, com a confirma\u00e7\u00e3o do novo HR-V. O modelo estreia em agosto em nova gera\u00e7\u00e3o e com duas motoriza\u00e7\u00f5es: a revigorada 1.5 i-VTEC da linha City e um in\u00e9dito 1.5 turboflex, desenvolvido especialmente para o Brasil.<\/p>\n\n\n\n<p>No \u00faltimo trimestre deste ano \u00e9 a vez do novo Civic desmarcar por aqui. Ao inv\u00e9s de ser produzido no pa\u00eds, o modelo ser\u00e1 trazido dos Estados Unidos apenas na vers\u00e3o h\u00edbrida, com conjunto semelhante ao Accord Hybrid.<\/p>\n\n\n\n<h2 class=\"wp-block-heading\">Grandes novidades vem a\u00ed<\/h2>\n\n\n\n<p>Falando em Civic, a Honda tamb\u00e9m apostar\u00e1 nos esportivos com o novo Civic Type R. O carro sequer foi apresentado oficialmente, mas j\u00e1 est\u00e1 confirmado para o Brasil em 2023. N\u00e3o por acaso, a vinda do modelo ocorreu poucas semanas ap\u00f3s a arquirrival Toyota ter confirmado o lan\u00e7amento do GR Corolla no Brasil. Coincid\u00eancia? Eu diria que n\u00e3o.<\/p>\n\n\n\n<p>No ano que vem tamb\u00e9m chega o CR-V h\u00edbrido e uma grande novidade no segmento de SUVs m\u00e9dios. A expectativa \u00e9 que a Honda lance o HR-V vendido nos Estados Unidos, que, apesar do nome, \u00e9 bem diferente do HR-V que debuta por aqui ainda em 2022.<\/p>\n\n\n\n<figure class=\"wp-block-image size-large\"><img loading=\"lazy\" decoding=\"async\" width=\"1024\" height=\"576\" src=\"https:\/\/media.investnews.com.br\/uploads\/2022\/05\/hondahrv_eua-1024x576.jpg\" alt=\"\" class=\"wp-image-324510\" srcset=\"https:\/\/media.investnews.com.br\/uploads\/2022\/05\/hondahrv_eua-1024x576.jpg 1024w, https:\/\/media.investnews.com.br\/uploads\/2022\/05\/hondahrv_eua-300x169.jpg 300w, https:\/\/media.investnews.com.br\/uploads\/2022\/05\/hondahrv_eua-768x432.jpg 768w, https:\/\/media.investnews.com.br\/uploads\/2022\/05\/hondahrv_eua-1256x707.jpg 1256w, https:\/\/media.investnews.com.br\/uploads\/2022\/05\/hondahrv_eua-172x97.jpg 172w, https:\/\/media.investnews.com.br\/uploads\/2022\/05\/hondahrv_eua-150x84.jpg 150w, https:\/\/media.investnews.com.br\/uploads\/2022\/05\/hondahrv_eua.jpg 1280w\" sizes=\"auto, (max-width: 1024px) 100vw, 1024px\" \/><\/figure>\n\n\n\n<p>Para evitar confus\u00f5es, a Honda escolher\u00e1 outro nome para batizar o modelo, que, por ser maior, deve encarar Jeep Compass e Toyota Corolla Cross.<\/p>\n\n\n\n<h2 class=\"wp-block-heading\">Franceses seguem mesmo rumo<\/h2>\n\n\n\n<p>Antes da Honda, a Renault j\u00e1 havia indicado uma mudan\u00e7a na rota. Como parte de seu plano &#8216;Renaulution&#8217;, a empresa abriu m\u00e3o de alguns de seus modelos mais populares no Brasil.<\/p>\n\n\n\n<p>A dupla Logan e Sandero ser\u00e1 aposentada sem deixar sucessor. Apenas o pequenino Kwid segue como op\u00e7\u00e3o de entrada na gama, mas n\u00e3o sem ganhar uma vers\u00e3o el\u00e9trica. O Kwid E-Tech sai por R$ 142.990 e se tornou o carro el\u00e9trico mais barato do mercado brasileiro.<\/p>\n\n\n\n<p>A ideia foi abrir uma porta de entrada para a linha de ve\u00edculos el\u00e9tricos da Renault. Al\u00e9m do Kwid, a gama eletrificada ainda conta com o hatch Zoe (que custa mais de R$ 200 mil) e o furg\u00e3o Kangoo, hoje dispon\u00edvel apenas para vendas diretas.<\/p>\n\n\n\n<p>At\u00e9 o ano que vem, a &#8216;fam\u00edlia&#8217; ganhar\u00e1 o refor\u00e7o do M\u00e9gane E-Tech. Agora um SUV, o modelo entrega 218 cv em sua vers\u00e3o mais potente e um n\u00edvel de sofistica\u00e7\u00e3o capaz de fazer com que muitos mudem a percep\u00e7\u00e3o que t\u00eam da Renault hoje em dia.<\/p>\n\n\n\n<figure class=\"wp-block-image size-large\"><img loading=\"lazy\" decoding=\"async\" width=\"1024\" height=\"641\" src=\"https:\/\/media.investnews.com.br\/uploads\/2022\/05\/meganee-tech-1024x641.jpg\" alt=\"\" class=\"wp-image-324518\" srcset=\"https:\/\/media.investnews.com.br\/uploads\/2022\/05\/meganee-tech-1024x641.jpg 1024w, https:\/\/media.investnews.com.br\/uploads\/2022\/05\/meganee-tech-300x188.jpg 300w, https:\/\/media.investnews.com.br\/uploads\/2022\/05\/meganee-tech-768x481.jpg 768w, https:\/\/media.investnews.com.br\/uploads\/2022\/05\/meganee-tech-1536x962.jpg 1536w, https:\/\/media.investnews.com.br\/uploads\/2022\/05\/meganee-tech-1256x786.jpg 1256w, https:\/\/media.investnews.com.br\/uploads\/2022\/05\/meganee-tech-172x108.jpg 172w, https:\/\/media.investnews.com.br\/uploads\/2022\/05\/meganee-tech-150x94.jpg 150w, https:\/\/media.investnews.com.br\/uploads\/2022\/05\/meganee-tech.jpg 2048w\" sizes=\"auto, (max-width: 1024px) 100vw, 1024px\" \/><figcaption>FORMAT 4-3<\/figcaption><\/figure>\n\n\n\n<h2 class=\"wp-block-heading\">SUVs ainda em alta<\/h2>\n\n\n\n<p>Para n\u00e3o dizer que a Renault abandonou de vez os segmentos mais populares, a empresa prepara o lan\u00e7amento de um in\u00e9dito SUV compacto.<\/p>\n\n\n\n<p>Feito sob a base modular CMF-B, que ser\u00e1 fabricada em S\u00e3o Jos\u00e9 dos Pinhais (PR)<strong>, <\/strong>ele j\u00e1 est\u00e1 sendo testado debaixo de uma carroceria de Stepway europeu. A tend\u00eancia, por\u00e9m, \u00e9 que ele tenha personalidade pr\u00f3pria.<\/p>\n\n\n\n<p>Essa plataforma, ali\u00e1s, deve ser aproveitada em v\u00e1rios modelos da Renault nos pr\u00f3ximos anos. Um deles poder\u00e1 ser a vers\u00e3o final do Bigster, um SUV de sete lugares que j\u00e1 havia sido confirmado para a Am\u00e9rica do Sul.<\/p>\n\n\n\n<p>Como se v\u00ea, vender mais deixou de ser fundamental para algumas montadoras. At\u00e9 porque elas descobriram que \u00e9 poss\u00edvel fazer dinheiro vendendo menos &#8211; e lucrando mais.<\/p>\n\n\n\n<figure class=\"wp-block-table\"><table class=\"has-subtle-light-gray-background-color has-background\"><tbody><tr><td><em>*<strong>Vitor Matsubara<\/strong>&nbsp;\u00e9 jornalista automotivo e editor do Primeira Marcha. Tem passagens por Quatro Rodas, de 2008 a 2018, e UOL Carros, de 2018 a 2020.<\/em><\/td><\/tr><\/tbody><\/table><\/figure>\n\n\n\n<p><em>As informa\u00e7\u00f5es desta coluna s\u00e3o de inteira responsabilidade do autor e n\u00e3o do InvestNews e das institui\u00e7\u00f5es com as quais ele possui liga\u00e7\u00e3o.&nbsp;<\/em><\/p>\n\n\n\n<h4 class=\"wp-block-heading\">Veja tamb\u00e9m<\/h4>\n\n\n\n<ul class=\"wp-block-list\"><li>Por que as <a href=\"https:\/\/investnews.com.br\/colunistas\/primeira-marcha\/por-que-as-picapes-podem-roubar-o-protagonismo-dos-suvs-no-brasil\/\" class=\"rank-math-link\">picapes podem \u2018roubar\u2019 o protagonismo dos SUVs<\/a> no Brasil?<\/li><li>Jeep se rende \u00e0\u00a0<a rel=\"noreferrer noopener\" href=\"https:\/\/investnews.com.br\/colunistas\/primeira-marcha\/jeep-se-rende-a-eletrificacao-e-abre-era-hibrida-com-compass\/\" target=\"_blank\">eletrifica\u00e7\u00e3o<\/a>\u00a0e abre era h\u00edbrida com Compass<\/li><li><a rel=\"noreferrer noopener\" href=\"https:\/\/investnews.com.br\/colunistas\/primeira-marcha\/c40-e-arma-da-volvo-para-manter-vice-lideranca-premium-em-2022\/\" target=\"_blank\">C40<\/a>\u00a0\u00e9 arma da Volvo para manter vice-lideran\u00e7a premium em 2022<\/li><li>Com vendas em baixa,\u00a0<a rel=\"noreferrer noopener\" href=\"https:\/\/investnews.com.br\/colunistas\/primeira-marcha\/com-vendas-em-baixa-anfavea-aposta-em-ipi-menor-para-alavancar-setor-em-2022\/\" target=\"_blank\">Anfavea aposta em IPI\u00a0<\/a>menor para alavancar setor em 2022<\/li><li><a rel=\"noreferrer noopener\" href=\"https:\/\/investnews.com.br\/colunistas\/primeira-marcha\/maverick-reencarna-em-picape-para-incrementar-vendas-da-importadora-ford\/\" target=\"_blank\">Maverick<\/a>\u00a0reencarna em picape para incrementar vendas da importadora Ford<\/li><li>Novo\u00a0<a rel=\"noreferrer noopener\" href=\"https:\/\/investnews.com.br\/colunistas\/primeira-marcha\/novo-renault-kwid-carro-popular-e-rara-novidade-em-segmento-com-dias-contados\/\" target=\"_blank\">Renault Kwid<\/a>: carro \u2018popular\u2019 \u00e9 rara novidade em segmento com dias contados<\/li><\/ul>\n","protected":false},"excerpt":{"rendered":"<p>Estrat\u00e9gia est\u00e1 no foco em segmentos com maior valor agregado, mesmo que vendas n\u00e3o sejam como antes.<\/p>\n","protected":false},"author":55,"featured_media":324490,"comment_status":"closed","ping_status":"open","sticky":false,"template":"","format":"standard","meta":{"_acf_changed":false,"inline_featured_image":false,"footnotes":""},"categories":[2063],"tags":[297,66,817],"autor-wsj":[],"coauthors":[2456],"class_list":["post-324488","post","type-post","status-publish","format-standard","has-post-thumbnail","hentry","category-colunistas","tag-carros","tag-negocios","tag-producao-industrial"],"acf":[],"amp_enabled":true,"_links":{"self":[{"href":"https:\/\/investnews.com.br\/inv-api\/wp\/v2\/posts\/324488","targetHints":{"allow":["GET"]}}],"collection":[{"href":"https:\/\/investnews.com.br\/inv-api\/wp\/v2\/posts"}],"about":[{"href":"https:\/\/investnews.com.br\/inv-api\/wp\/v2\/types\/post"}],"author":[{"embeddable":true,"href":"https:\/\/investnews.com.br\/inv-api\/wp\/v2\/users\/55"}],"replies":[{"embeddable":true,"href":"https:\/\/investnews.com.br\/inv-api\/wp\/v2\/comments?post=324488"}],"version-history":[{"count":5,"href":"https:\/\/investnews.com.br\/inv-api\/wp\/v2\/posts\/324488\/revisions"}],"predecessor-version":[{"id":324526,"href":"https:\/\/investnews.com.br\/inv-api\/wp\/v2\/posts\/324488\/revisions\/324526"}],"wp:featuredmedia":[{"embeddable":true,"href":"https:\/\/investnews.com.br\/inv-api\/wp\/v2\/media\/324490"}],"wp:attachment":[{"href":"https:\/\/investnews.com.br\/inv-api\/wp\/v2\/media?parent=324488"}],"wp:term":[{"taxonomy":"category","embeddable":true,"href":"https:\/\/investnews.com.br\/inv-api\/wp\/v2\/categories?post=324488"},{"taxonomy":"post_tag","embeddable":true,"href":"https:\/\/investnews.com.br\/inv-api\/wp\/v2\/tags?post=324488"},{"taxonomy":"autor-wsj","embeddable":true,"href":"https:\/\/investnews.com.br\/inv-api\/wp\/v2\/autor-wsj?post=324488"},{"taxonomy":"author","embeddable":true,"href":"https:\/\/investnews.com.br\/inv-api\/wp\/v2\/coauthors?post=324488"}],"curies":[{"name":"wp","href":"https:\/\/api.w.org\/{rel}","templated":true}]}}