{"id":324723,"date":"2022-05-04T09:03:32","date_gmt":"2022-05-04T12:03:32","guid":{"rendered":"https:\/\/investnews.com.br\/?p=324723"},"modified":"2024-06-26T11:31:36","modified_gmt":"2024-06-26T14:31:36","slug":"tse-cancela-convite-para-ue-observar-eleicoes-apos-objecao-do-governo","status":"publish","type":"post","link":"https:\/\/investnews.com.br\/economia\/tse-cancela-convite-para-ue-observar-eleicoes-apos-objecao-do-governo\/","title":{"rendered":"TSE cancela convite para UE observar elei\u00e7\u00f5es ap\u00f3s obje\u00e7\u00e3o do governo"},"content":{"rendered":"\n<p>O Tribunal Superior Eleitoral (TSE) retirou o convite que havia feito para que <a href=\"https:\/\/investnews.com.br\/geral\/cessao-de-credito-ao-inter-ue-e-eleicoes-no-brasil\/\" class=\"rank-math-link\">representantes da Uni\u00e3o Europeia acompanhassem como observadores as elei\u00e7\u00f5es de outubro<\/a>, ap\u00f3s reclama\u00e7\u00f5es do governo do presidente Jair Bolsonaro sobre a presen\u00e7a desse tipo de miss\u00e3o diplom\u00e1tica durante o pleito.<\/p>\n\n\n\n<p>O TSE afirmou, em nota, que em conversas preliminares com representantes da UE &#8220;constatou que n\u00e3o estavam presentes todas as condi\u00e7\u00f5es necess\u00e1rias para viabilizar uma miss\u00e3o integral de observa\u00e7\u00e3o eleitoral&#8221;<\/p>\n\n\n\n<p>A corte eleitoral explicou que uma miss\u00e3o europeia acarretaria na visita de dezenas de t\u00e9cnicos e trataria de diversos temas relacionados ao sistema eleitoral.<\/p>\n\n\n\n<p>&#8220;Nos pr\u00f3ximos meses, se for verificada a necessidade e o interesse de ambos os lados, poder\u00e1 haver uma participa\u00e7\u00e3o mais reduzida e de car\u00e1ter t\u00e9cnico de membros da UE no per\u00edodo eleitoral&#8221;, acrescentou o tribunal.<\/p>\n\n\n\n<p>O porta-voz de Rela\u00e7\u00f5es Exteriores da Comiss\u00e3o Europeia, Peter Stano, por sua vez, informou que a UE havia recebido inicialmente uma carta-convite do TSE no in\u00edcio de mar\u00e7o para implantar uma Miss\u00e3o Explorat\u00f3ria, medida que demandaria o exame da utilidade, oportunidade e viabilidade de ela ser efetivada.<\/p>\n\n\n\n<p>&#8220;No entanto, o TSE nos informou que n\u00e3o prosseguir\u00e1 com seu pedido de mar\u00e7o, devido a reservas expressas pelo governo brasileiro&#8221;, afirmou Stano em um comunicado. &#8220;Nessas circunst\u00e2ncias, n\u00e3o enviaremos uma miss\u00e3o explorat\u00f3ria ao Brasil para avaliar uma poss\u00edvel Miss\u00e3o de Observa\u00e7\u00e3o Eleitoral da UE&#8221;, acrescentou.<\/p>\n\n\n\n<p>O porta-voz explicou que, em geral, o envio de &#8220;miss\u00f5es eleitorais para um pa\u00eds anfitri\u00e3o sempre exige uma carta convite formal e um consenso geral entre as institui\u00e7\u00f5es sobre a possibilidade de convidar uma miss\u00e3o, o que n\u00e3o ocorre atualmente no Brasil&#8221;.<\/p>\n\n\n\n<p>A informa\u00e7\u00e3o do recuo do TSE e do cancelamento do convite \u00e0 UE foi divulgada primeiramente pelo site Nexo e confirmada posteriormente por fontes \u00e0 Reuters.<\/p>\n\n\n\n<p>No m\u00eas passado, a Reuters havia revelado que em mar\u00e7o o TSE tinha feito pela primeira vez um convite para a Uni\u00e3o Europeia ser observadora das elei\u00e7\u00f5es deste ano.<\/p>\n\n\n\n<p>Posteriormente, o Itamaraty divulgou um comunicado em que mostrou desagrado do governo com o convite feito pelo TSE.<\/p>\n\n\n\n<p>&#8220;No que toca a eventual convite para miss\u00e3o da Uni\u00e3o Europeia, o Minist\u00e9rio das Rela\u00e7\u00f5es Exteriores recorda n\u00e3o ser da tradi\u00e7\u00e3o do Brasil ser avaliado por organiza\u00e7\u00e3o internacional da qual n\u00e3o faz parte. Note-se que a Uni\u00e3o Europeia, ao contr\u00e1rio da OEA e da OSCE, por exemplo, n\u00e3o envia miss\u00f5es eleitorais a seus pr\u00f3prios Estados-membros&#8221;, disse a nota distribu\u00edda pelo Itamaraty, na ocasi\u00e3o.<\/p>\n\n\n\n<p>Segundo uma fonte do TSE, n\u00e3o tinha como a miss\u00e3o ocorrer sem o apoio do Itamaraty. Ela disse que a UE recebeu obje\u00e7\u00f5es da chancelaria brasileira e as transmitiu ao tribunal eleitoral.<\/p>\n\n\n\n<p>No in\u00edcio de abril, o presidente do TSE, Luiz Edson Fachin, e Alexandre de Moraes, que presidir\u00e1 o tribunal durante as elei\u00e7\u00f5es, fizeram uma visita institucional ao chanceler Carlos Fran\u00e7a, para conversar sobre o assunto. Segundo a fonte, as obje\u00e7\u00f5es do governo foram reiteradas por Fran\u00e7a aos dois magistrados.<\/p>\n\n\n\n<p>Na nota divulgada nesta ter\u00e7a-feira, o TSE ressaltou que o presidente do tribunal mobilizou os principais organismos internacionais de observa\u00e7\u00e3o eleitoral do mundo para acompanhar as elei\u00e7\u00f5es gerais deste ano &#8220;com o intuito de aumentar a transpar\u00eancia, promover o fortalecimento institucional e defender a democracia brasileira&#8221;.<\/p>\n\n\n\n<p>Segundo o TSE, est\u00e1 confirmada at\u00e9 agora a participa\u00e7\u00e3o de representantes das miss\u00f5es de observa\u00e7\u00e3o eleitoral da Organiza\u00e7\u00e3o dos Estados Americanos (OEA), do Parlamento do Mercosul (Parlasul) e da Rede Eleitoral da Comunidade dos Pa\u00edses de L\u00edngua Portuguesa (CPLP).<\/p>\n\n\n\n<p>&#8220;Al\u00e9m dessas tr\u00eas miss\u00f5es internacionais, o TSE tamb\u00e9m negocia a vinda de representantes das organiza\u00e7\u00f5es norte-americanas Carter Center e International Foundation for Electoral Systems (Ifes), da Uni\u00f3n Interamericana de Organismos Electorales (Uniore) e da Rede Mundial de Justi\u00e7a Eleitoral.&#8221;<\/p>\n\n\n\n<p>Na semana passada, em tom de ironia e ap\u00f3s fazer novos ataques ao sistema de vota\u00e7\u00e3o, Bolsonaro disse que se quer dar &#8220;ar de legalidade&#8221; ao processo eleitoral ao convidar observadores internacionais, que, segundo ele, ficariam apenas olhando.<\/p>\n\n\n\n<p><strong>Veja tamb\u00e9m<\/strong><\/p>\n\n\n\n<ul class=\"wp-block-list\"><li><a target=\"_blank\" href=\"https:\/\/investnews.com.br\/colunistas\/primeira-marcha\/marcas-trocam-carros-de-volume-por-modelos-premium-para-lucrar-mais\/\" rel=\"noreferrer noopener\">Marcas trocam carros de volume por modelos premium para lucrar mais<\/a><\/li><li>Cen\u00e1rio ainda \u00e9 desafiador para as&nbsp;<a target=\"_blank\" href=\"https:\/\/investnews.com.br\/cafeina\/cenario-ainda-e-desafiador-para-as-acoes-de-cogna-ser-yduqs-e-anima-educacao\/\" rel=\"noreferrer noopener\">a\u00e7\u00f5es de Cogna, Ser, Yduqs e \u00c2nima Educa\u00e7\u00e3o<\/a><\/li><li>Mercado espera&nbsp;<a target=\"_blank\" href=\"https:\/\/investnews.com.br\/economia\/projecoes-para-a-selic\/\" rel=\"noreferrer noopener\">alta de 1 ponto da Selic<\/a>&nbsp;e se divide sobre pr\u00f3ximos passos do BC<\/li><li><a target=\"_blank\" href=\"https:\/\/investnews.com.br\/geral\/titulo-de-eleitor-prazo-para-emitir-ou-regularizar-termina-nesta-quarta\/\" rel=\"noreferrer noopener\">T\u00edtulo de eleitor<\/a>: prazo para emitir ou regularizar termina nesta quarta<\/li><li><a target=\"_blank\" href=\"https:\/\/investnews.com.br\/financas\/aumento-de-juros-no-brasil-e-nos-eua-quais-acoes-podem-sair-ganhando\/\" rel=\"noreferrer noopener\">Aumento de juros no Brasil e nos EUA: quais a\u00e7\u00f5es podem sair ganhando<\/a>?<\/li><li><a target=\"_blank\" href=\"https:\/\/investnews.com.br\/negocios\/balancos-do-1-trimestre-de-2022-veja-o-calendario-completo\/\" rel=\"noreferrer noopener\">Balan\u00e7os do 1\u00b0 trimestre de 2022<\/a>: veja o calend\u00e1rio completo<\/li><\/ul>\n","protected":false},"excerpt":{"rendered":"<p>Corte eleitoral explicou que uma miss\u00e3o europeia acarretaria na visita de dezenas de t\u00e9cnicos e trataria de diversos temas relacionados ao sistema eleitoral.<\/p>\n","protected":false},"author":61,"featured_media":324580,"comment_status":"closed","ping_status":"open","sticky":false,"template":"","format":"standard","meta":{"_acf_changed":false,"inline_featured_image":false,"footnotes":""},"categories":[5],"tags":[763,504],"autor-wsj":[],"coauthors":[2494],"class_list":["post-324723","post","type-post","status-publish","format-standard","has-post-thumbnail","hentry","category-economia","tag-eleicoes","tag-uniao-europeia"],"acf":[],"amp_enabled":true,"_links":{"self":[{"href":"https:\/\/investnews.com.br\/inv-api\/wp\/v2\/posts\/324723","targetHints":{"allow":["GET"]}}],"collection":[{"href":"https:\/\/investnews.com.br\/inv-api\/wp\/v2\/posts"}],"about":[{"href":"https:\/\/investnews.com.br\/inv-api\/wp\/v2\/types\/post"}],"author":[{"embeddable":true,"href":"https:\/\/investnews.com.br\/inv-api\/wp\/v2\/users\/61"}],"replies":[{"embeddable":true,"href":"https:\/\/investnews.com.br\/inv-api\/wp\/v2\/comments?post=324723"}],"version-history":[{"count":1,"href":"https:\/\/investnews.com.br\/inv-api\/wp\/v2\/posts\/324723\/revisions"}],"predecessor-version":[{"id":324725,"href":"https:\/\/investnews.com.br\/inv-api\/wp\/v2\/posts\/324723\/revisions\/324725"}],"wp:featuredmedia":[{"embeddable":true,"href":"https:\/\/investnews.com.br\/inv-api\/wp\/v2\/media\/324580"}],"wp:attachment":[{"href":"https:\/\/investnews.com.br\/inv-api\/wp\/v2\/media?parent=324723"}],"wp:term":[{"taxonomy":"category","embeddable":true,"href":"https:\/\/investnews.com.br\/inv-api\/wp\/v2\/categories?post=324723"},{"taxonomy":"post_tag","embeddable":true,"href":"https:\/\/investnews.com.br\/inv-api\/wp\/v2\/tags?post=324723"},{"taxonomy":"autor-wsj","embeddable":true,"href":"https:\/\/investnews.com.br\/inv-api\/wp\/v2\/autor-wsj?post=324723"},{"taxonomy":"author","embeddable":true,"href":"https:\/\/investnews.com.br\/inv-api\/wp\/v2\/coauthors?post=324723"}],"curies":[{"name":"wp","href":"https:\/\/api.w.org\/{rel}","templated":true}]}}