{"id":325037,"date":"2022-05-04T18:20:12","date_gmt":"2022-05-04T21:20:12","guid":{"rendered":"https:\/\/investnews.com.br\/?p=325037"},"modified":"2026-03-10T14:31:22","modified_gmt":"2026-03-10T17:31:22","slug":"presidente-entendeu-a-questao-do-preco-diz-novo-ceo-da-petrobras","status":"publish","type":"post","link":"https:\/\/investnews.com.br\/negocios\/presidente-entendeu-a-questao-do-preco-diz-novo-ceo-da-petrobras\/","title":{"rendered":"&#8216;Presidente entendeu a quest\u00e3o do pre\u00e7o&#8217;, diz novo CEO da Petrobras"},"content":{"rendered":"\n<p>Terceiro a assumir o comando da <strong>Petrobras<\/strong> (<a href=\"https:\/\/investnews.com.br\/cotacao\/petr3-petr4-petrobras\/\" class=\"rank-math-link\">PETR3 e PETR4<\/a>) no governo atual, o engenheiro <strong><a href=\"https:\/\/investnews.com.br\/negocios\/conselho-da-petrobras-elege-jose-mauro-coelho-para-a-presidencia-da-estatal\/\" class=\"rank-math-link\">Jos\u00e9 Mauro Coelho<\/a><\/strong> defende a <a href=\"https:\/\/investnews.com.br\/investnews-entrevista\/petrobras-entrevista-precos-da-gasolina\/\" class=\"rank-math-link\">pol\u00edtica de pre\u00e7os<\/a> da estatal e nega qualquer press\u00e3o de <strong>Jair Bolsonaro<\/strong> para alterar essa rota. &#8220;O presidente n\u00e3o me pediu absolutamente nada espec\u00edfico. S\u00f3 pediu para eu conduzir a companhia&#8221;, disse Coelho ao&nbsp;<strong>Estad\u00e3o<\/strong>.<\/p>\n\n\n\n<p>Em sua primeira entrevista exclusiva, Coelho deixa claro que enxerga como pacificadas as discuss\u00f5es em torno dos <strong>reajustes de combust\u00edveis<\/strong>. &#8220;Acho que o presidente j\u00e1 entendeu muito bem a quest\u00e3o de <strong>pre\u00e7o de mercado<\/strong>&#8220;, diz. Segundo ele, \u00e9 injusto culpar a estatal pela <a href=\"https:\/\/investnews.com.br\/economia\/preco-da-gasolina-2020-a-2022\/\" class=\"rank-math-link\">alta nos postos<\/a>. No cargo h\u00e1 menos de 20 dias, o executivo j\u00e1 identificou que o principal desafio \u00e0 frente da estatal ser\u00e1 melhorar a <strong>comunica\u00e7\u00e3o da empresa com a sociedade<\/strong>. A seguir, os principais pontos da entrevista:<\/p>\n\n\n\n<h4 class=\"wp-block-heading\"><strong>Como \u00e9 chegar \u00e0 Petrobras com o mercado de petr\u00f3leo bastante vol\u00e1til e os pre\u00e7os dos combust\u00edveis em alta?<\/strong><\/h4>\n\n\n\n<p>Esse cen\u00e1rio internacional \u00e9 bastante desafiador. Ainda temos dois fatos que afetam bastante o mercado de energia, (um deles) que \u00e9 a quest\u00e3o da pr\u00f3pria pandemia da covid, com a gente vendo <a href=\"https:\/\/investnews.com.br\/financas\/covid-19-na-china-mercado\/\" class=\"rank-math-link\">lockdown na China<\/a> que est\u00e1 aumentando. \u00c0s vezes, a gente tende a dizer que a covid j\u00e1 passou, mas ainda tem uma participa\u00e7\u00e3o importante da pandemia e, claro, tem outro fator muito importante, o <a href=\"https:\/\/investnews.com.br\/boletim-investnews\/quais-podem-ser-as-consequencias-da-guerra-na-ucrania-professor-explica\/\" class=\"rank-math-link\">conflito entre R\u00fassia e Ucr\u00e2nia<\/a>.<\/p>\n\n\n\n<p><strong>Como esses fatos atingem o mercado brasileiro?<\/strong><\/p>\n\n\n\n<p>Esses conflitos para o mercado de energia s\u00e3o muito importantes. A R\u00fassia era uma das principais fornecedoras de petr\u00f3leo, g\u00e1s natural e diesel para a Europa, e essas san\u00e7\u00f5es impostas \u00e0 R\u00fassia afetam muito o mercado internacional, afetam o mercado de diesel.<\/p>\n\n\n\n<p><strong>Ex-presidentes da Petrobras receberam mensagens de Bolsonaro reclamando dos pre\u00e7os dos combust\u00edveis. O sr. j\u00e1 recebeu mensagem relacionada a pre\u00e7os?<\/strong><\/p>\n\n\n\n<p>O presidente Bolsonaro n\u00e3o me pediu absolutamente nada espec\u00edfico. S\u00f3 pediu para eu conduzir a companhia. \u00c9 o que estamos fazendo. N\u00e3o tem uma quest\u00e3o relacionada a <a href=\"https:\/\/investnews.com.br\/economia\/preco-da-gasolina-no-mundo\/\" class=\"rank-math-link\">pre\u00e7o dos combust\u00edveis<\/a>, nada disso. Claro que tem uma quest\u00e3o que eu diria que \u00e9 minha mesmo, de melhorar a comunica\u00e7\u00e3o. Acho que isso \u00e9 fundamental. A popula\u00e7\u00e3o tem de entender que, da mesma maneira que o p\u00e3ozinho aumenta, o <a href=\"https:\/\/investnews.com.br\/economia\/aumento-do-oleo-de-soja-qual-a-relacao-com-a-guerra-da-ucrania\/\" class=\"rank-math-link\">\u00f3leo de soja bateu quase R$ 16 o litro<\/a>, o tomate e a cenoura&#8230; nem se fala, assim \u00e9 o petr\u00f3leo.<\/p>\n\n\n\n<p><strong>Mas eles receberam mensagens de WhatsApp quando reajustavam o pre\u00e7o.<\/strong><\/p>\n\n\n\n<p>O presidente j\u00e1 entendeu muito bem a quest\u00e3o de pre\u00e7o de mercado. Li uma reportagem recente em que o presidente fala claramente assim: \u2018O governo tem de ter solu\u00e7\u00f5es para os pre\u00e7os dos derivados\u2019. Ele colocou perfeitamente ali. O governo precisa criar os mecanismos e instrumentos para (minimizar os efeitos de) casos de aumento de pre\u00e7o dos combust\u00edveis em momentos at\u00edpicos como este que vivemos.<\/p>\n\n\n\n<p><strong>O sr. chega com o planejamento estrat\u00e9gico j\u00e1 feito. Ele vai ao encontro do que o sr. acredita?<\/strong><\/p>\n\n\n\n<p>O planejamento estrat\u00e9gico 2022-2026 est\u00e1 em linha com o que acreditamos. Primeiro, acreditamos no livre mercado, na livre concorr\u00eancia. Isso \u00e9 um ponto importante.<\/p>\n\n\n\n<p><strong>Estamos h\u00e1 mais de 50 dias sem reajuste de pre\u00e7o. Isso inibe a atratividade do refino brasileiro?<\/strong><\/p>\n\n\n\n<p>N\u00e3o, essa quest\u00e3o est\u00e1 relacionada ao pre\u00e7o dos combust\u00edveis, estamos em um momento de extrema <a href=\"https:\/\/investnews.com.br\/guias\/volatilidade-o-que-e\/\">volatilidade<\/a>. O pre\u00e7o do (<strong>petr\u00f3leo<\/strong>) Brent vai a US$ 130, depois abaixa para US$ 100, fica altamente vol\u00e1til, e o <strong>c\u00e2mbio<\/strong> tamb\u00e9m est\u00e1 vol\u00e1til. Acompanhamos a quest\u00e3o do pre\u00e7o dos combust\u00edveis diariamente e, claro, dentro da nossa <strong>pol\u00edtica de pre\u00e7os<\/strong>. Entendendo que n\u00e3o podemos ficar passando essas volatilidades, conjunturais, acompanhamos tudo isso e, no momento certo, faremos o reajuste.<\/p>\n\n\n\n<p><strong>H\u00e1 necessidade de reajustar o diesel e a gasolina por esses dias?<\/strong><\/p>\n\n\n\n<p>A gente est\u00e1 analisando, a gente trabalha diariamente olhando isso. Estamos preocupados com a quest\u00e3o da volatilidade dos pre\u00e7os e, no momento correto da companhia, vamos fazer o reajuste sem nenhum tipo de problema, para cima ou para baixo.<\/p>\n\n\n\n<p><strong>Os \u00faltimos presidentes da Petrobras foram criticados exatamente por fazer reajustes. Isso o preocupa?<\/strong><\/p>\n\n\n\n<p>\u00c9 muito claro para a Petrobras e para o governo que, como empresa de capital aberto, listada em Bolsa, e por conta de toda legisla\u00e7\u00e3o existente interna e externamente, a Petrobras deve praticar pre\u00e7os de mercado. A Petrobras hoje \u00e9 uma empresa extremamente saud\u00e1vel do ponto de vista financeiro. Nem sempre foi assim. Em 2014, tinha uma d\u00edvida de US$ 160 bilh\u00f5es por causa de uma pol\u00edtica equivocada, uma pol\u00edtica relacionada a pre\u00e7os de combust\u00edveis. A empresa foi saneada e hoje \u00e9 robusta e resiliente financeiramente.<\/p>\n\n\n\n<p><strong>A preocupa\u00e7\u00e3o do governo com o rumo dos pre\u00e7os n\u00e3o pode interferir na pol\u00edtica da Petrobras?<\/strong><\/p>\n\n\n\n<p>A Petrobras tem de praticar os pre\u00e7os de mercado e, por outro lado, \u00e9 leg\u00edtimo o governo federal se preocupar com os pre\u00e7os elevados de combust\u00edveis. Isso acontece em todo o mundo. Vemos os Estados Unidos e a Europa preocupados com o pre\u00e7o elevado. \u00c9 leg\u00edtimo. E por qu\u00ea? Porque o pre\u00e7o elevado dos combust\u00edveis afeta toda a economia. Um ponto que quero deixar claro \u00e9 relacionado ao pre\u00e7o, dando o exemplo da gasolina. O pre\u00e7o m\u00e9dio da gasolina hoje \u00e9 de R$ 7,27 por litro, e note que a parte da Petrobras nesse total \u00e9 de R$ 2,84, ou 39% do pre\u00e7o da gasolina para o consumidor.<\/p>\n\n\n\n<p><strong>Quais os outros fatores que comp\u00f5em o pre\u00e7o?<\/strong><\/p>\n\n\n\n<p>Existem v\u00e1rias outras parcelas que comp\u00f5em a gasolina, no caso o etanol anidro, que \u00e9 adicionado, os tributos federais, as margens de distribui\u00e7\u00e3o e revenda e uma das parcelas mais importantes \u00e9 a do tributo estadual (<a href=\"https:\/\/investnews.com.br\/guias\/o-que-e-icms\/\">ICMS<\/a>), que na m\u00e9dia do Brasil significa R$ 1,73 por litro, ou 24% do pre\u00e7o que chega para o consumidor. E isso \u00e9 uma m\u00e9dia, pode chegar a 34%. No caso do imposto federal, est\u00e1 zerado no diesel at\u00e9 31 de dezembro e no G\u00e1s Liquefeito de Petr\u00f3leo (GLP), zerado indefinidamente.<\/p>\n\n\n\n<p><strong>Seu antecessor fez v\u00eddeos tentando explicar, mas a popula\u00e7\u00e3o n\u00e3o absorvia, e o governo tamb\u00e9m n\u00e3o.<\/strong><\/p>\n\n\n\n<p>O governo, como o <a href=\"https:\/\/investnews.com.br\/guias\/acionista-o-que-e-e-como-funciona\/\">acionista<\/a> majorit\u00e1rio, faz as mudan\u00e7as no momento em que acha necess\u00e1rio, quando precisa de outro perfil. A minha vis\u00e3o \u00e9 de que \u00e9 leg\u00edtima a preocupa\u00e7\u00e3o com os pre\u00e7os elevados de combust\u00edveis. A Petrobras vai praticar pre\u00e7o de mercado, e o governo est\u00e1 buscando alternativas para que esses aumentos de pre\u00e7os impactem menos o cidad\u00e3o brasileiro.<\/p>\n\n\n\n<p><strong>O sr. foi indicado pelo atual governo, e estamos a poucos meses das elei\u00e7\u00f5es presidenciais. Se o sr. sa\u00edsse em 2023, o que gostaria de deixar como legado de sua gest\u00e3o?<\/strong><\/p>\n\n\n\n<p>H\u00e1 alguns pontos importantes. N\u00e3o \u00e9 uma cr\u00edtica a nada, \u00e9 perfil, cada um tem seu perfil. Em termos de planejamento estrat\u00e9gico, estou muito alinhado (com a antiga gest\u00e3o). Um legado importante que temos de deixar \u00e9 a quest\u00e3o da comunica\u00e7\u00e3o.(&#8230;) O povo brasileiro tem de entender esse assunto complexo do petr\u00f3leo at\u00e9 pela import\u00e2ncia que a Petrobras tem. Essa comunica\u00e7\u00e3o \u00e9 fundamental.<\/p>\n\n\n\n<p><strong>V\u00e3o ampliar a publicidade?<\/strong><\/p>\n\n\n\n<p>Claro que a grande m\u00eddia \u00e9 importante. (&#8230;.) Mas tenho incentivado muito o nosso pessoal aqui a trabalhar com redes sociais. O pessoal j\u00e1 falou que estou muito ativo na rede social. Esse \u00e9 um movimento importante. \u00c9 onde a popula\u00e7\u00e3o est\u00e1 hoje, ela entende essa m\u00eddia. Temos de nos comunicar nessa m\u00eddia. Tenho incentivado. Quer se comunicar com a popula\u00e7\u00e3o? Tem de estar no LinkedIn, no Instagram, no Twitter.<\/p>\n\n\n\n<p><strong>O discurso de que o petr\u00f3leo estava no fim do ciclo ficou mais distante? Ou n\u00e3o est\u00e1 com os seus dias contados?<\/strong><\/p>\n\n\n\n<p>Continuo acreditando que ainda por muito tempo vamos continuar precisando do petr\u00f3leo na matriz energ\u00e9tica mundial. At\u00e9 porque petr\u00f3leo n\u00e3o \u00e9 s\u00f3 combust\u00edvel, petr\u00f3leo tem uma utiliza\u00e7\u00e3o vast\u00edssima em toda a economia mundial. Ficou muito claro no conflito entre a R\u00fassia e a Ucr\u00e2nia que a transi\u00e7\u00e3o energ\u00e9tica deve ser feita com seguran\u00e7a energ\u00e9tica.<\/p>\n","protected":false},"excerpt":{"rendered":"<p>Jos\u00e9 Mauro Coelho defendeu pre\u00e7o de mercado e se disse alinhado ao plano da gest\u00e3o anterior.<\/p>\n","protected":false},"author":62,"featured_media":320346,"comment_status":"closed","ping_status":"open","sticky":false,"template":"","format":"standard","meta":{"_acf_changed":false,"inline_featured_image":false,"footnotes":""},"categories":[6],"tags":[234,21],"autor-wsj":[],"coauthors":[2499],"class_list":["post-325037","post","type-post","status-publish","format-standard","has-post-thumbnail","hentry","category-negocios","tag-jair-bolsonaro","tag-petrobras"],"acf":[],"amp_enabled":true,"_links":{"self":[{"href":"https:\/\/investnews.com.br\/inv-api\/wp\/v2\/posts\/325037","targetHints":{"allow":["GET"]}}],"collection":[{"href":"https:\/\/investnews.com.br\/inv-api\/wp\/v2\/posts"}],"about":[{"href":"https:\/\/investnews.com.br\/inv-api\/wp\/v2\/types\/post"}],"author":[{"embeddable":true,"href":"https:\/\/investnews.com.br\/inv-api\/wp\/v2\/users\/62"}],"replies":[{"embeddable":true,"href":"https:\/\/investnews.com.br\/inv-api\/wp\/v2\/comments?post=325037"}],"version-history":[{"count":2,"href":"https:\/\/investnews.com.br\/inv-api\/wp\/v2\/posts\/325037\/revisions"}],"predecessor-version":[{"id":768285,"href":"https:\/\/investnews.com.br\/inv-api\/wp\/v2\/posts\/325037\/revisions\/768285"}],"wp:featuredmedia":[{"embeddable":true,"href":"https:\/\/investnews.com.br\/inv-api\/wp\/v2\/media\/320346"}],"wp:attachment":[{"href":"https:\/\/investnews.com.br\/inv-api\/wp\/v2\/media?parent=325037"}],"wp:term":[{"taxonomy":"category","embeddable":true,"href":"https:\/\/investnews.com.br\/inv-api\/wp\/v2\/categories?post=325037"},{"taxonomy":"post_tag","embeddable":true,"href":"https:\/\/investnews.com.br\/inv-api\/wp\/v2\/tags?post=325037"},{"taxonomy":"autor-wsj","embeddable":true,"href":"https:\/\/investnews.com.br\/inv-api\/wp\/v2\/autor-wsj?post=325037"},{"taxonomy":"author","embeddable":true,"href":"https:\/\/investnews.com.br\/inv-api\/wp\/v2\/coauthors?post=325037"}],"curies":[{"name":"wp","href":"https:\/\/api.w.org\/{rel}","templated":true}]}}