{"id":326459,"date":"2022-05-10T16:56:00","date_gmt":"2022-05-10T19:56:00","guid":{"rendered":"https:\/\/investnews.com.br\/?p=326459"},"modified":"2022-05-10T16:56:11","modified_gmt":"2022-05-10T19:56:11","slug":"siderurgicas-tentam-convencer-governo-a-descartar-corte-em-imposto-de-importacao","status":"publish","type":"post","link":"https:\/\/investnews.com.br\/economia\/siderurgicas-tentam-convencer-governo-a-descartar-corte-em-imposto-de-importacao\/","title":{"rendered":"Sider\u00fargicas tentam convencer governo a descartar corte em imposto de importa\u00e7\u00e3o"},"content":{"rendered":"\n<p><strong>Produtores de a\u00e7o<\/strong> reuniram-se nesta ter\u00e7a-feira (10) com o ministro da Economia, <strong>Paulo Guedes<\/strong>, para tentar convencer o governo a ignorar pleito do setor da constru\u00e7\u00e3o civil para redu\u00e7\u00e3o do imposto de importa\u00e7\u00e3o de vergalh\u00f5es, disse a entidade que representa as sider\u00fargicas do pa\u00eds, <strong>A\u00e7o Brasil<\/strong>.<\/p>\n\n\n\n<p>Na v\u00e9spera, fonte com conhecimento do assunto afirmou que o governo federal avaliava <strong>zerar o imposto de importa\u00e7\u00e3o <\/strong>que incide sobre onze produtos aliment\u00edcios e do setor de constru\u00e7\u00e3o, &#8220;incluindo o a\u00e7o&#8221;.<\/p>\n\n\n\n<p>Mas na tarde desta ter\u00e7a-feira, executivos do A\u00e7o Brasil afirmaram, ap\u00f3s reuni\u00e3o com Guedes, que a discuss\u00e3o no governo sobre o Imposto de Importa\u00e7\u00e3o envolve apenas o vergalh\u00e3o e que se trata de <strong>redu\u00e7\u00e3o de 10,8% para 4%<\/strong> at\u00e9 o final deste ano.<\/p>\n\n\n\n<p>Segundo a entidade, o Brasil \u00e9 um dos pa\u00edses que menos reajustaram o pre\u00e7o do vergalh\u00e3o no mercado interno nos \u00faltimos 12 meses e que os consumidores do produto, notadamente empresas do setor da constru\u00e7\u00e3o civil, est\u00e3o plenamente abastecidos desde meados do ano passado.<\/p>\n\n\n\n<p>O presidente do A\u00e7o Brasil, Marcos Eduardo Faraco, que tamb\u00e9m \u00e9 executivo da <strong>Gerdau<\/strong> (<a href=\"https:\/\/investnews.com.br\/cotacao\/ggbr3-ggbr4-gerdau-sa\/\" class=\"rank-math-link\">GGBR3 e GGBR4<\/a>), afirmou que a decis\u00e3o sobre o imposto \u00e9 esperada para a quarta-feira (11).<\/p>\n\n\n\n<p>&#8220;A expectativa \u00e9 que o governo n\u00e3o acolha o pleito (pela redu\u00e7\u00e3o do imposto) e que reverta essa orienta\u00e7\u00e3o&#8221;, disse Faraco, a jornalistas.<\/p>\n","protected":false},"excerpt":{"rendered":"<p>Representantes de entidade do setor se reuniram com o ministro Paulo Guedes.<\/p>\n","protected":false},"author":61,"featured_media":326460,"comment_status":"closed","ping_status":"open","sticky":false,"template":"","format":"standard","meta":{"_acf_changed":false,"inline_featured_image":false,"footnotes":""},"categories":[5],"tags":[434,347],"autor-wsj":[],"coauthors":[2494],"class_list":["post-326459","post","type-post","status-publish","format-standard","has-post-thumbnail","hentry","category-economia","tag-impostos","tag-paulo-guedes"],"acf":[],"amp_enabled":true,"_links":{"self":[{"href":"https:\/\/investnews.com.br\/inv-api\/wp\/v2\/posts\/326459","targetHints":{"allow":["GET"]}}],"collection":[{"href":"https:\/\/investnews.com.br\/inv-api\/wp\/v2\/posts"}],"about":[{"href":"https:\/\/investnews.com.br\/inv-api\/wp\/v2\/types\/post"}],"author":[{"embeddable":true,"href":"https:\/\/investnews.com.br\/inv-api\/wp\/v2\/users\/61"}],"replies":[{"embeddable":true,"href":"https:\/\/investnews.com.br\/inv-api\/wp\/v2\/comments?post=326459"}],"version-history":[{"count":2,"href":"https:\/\/investnews.com.br\/inv-api\/wp\/v2\/posts\/326459\/revisions"}],"predecessor-version":[{"id":326462,"href":"https:\/\/investnews.com.br\/inv-api\/wp\/v2\/posts\/326459\/revisions\/326462"}],"wp:featuredmedia":[{"embeddable":true,"href":"https:\/\/investnews.com.br\/inv-api\/wp\/v2\/media\/326460"}],"wp:attachment":[{"href":"https:\/\/investnews.com.br\/inv-api\/wp\/v2\/media?parent=326459"}],"wp:term":[{"taxonomy":"category","embeddable":true,"href":"https:\/\/investnews.com.br\/inv-api\/wp\/v2\/categories?post=326459"},{"taxonomy":"post_tag","embeddable":true,"href":"https:\/\/investnews.com.br\/inv-api\/wp\/v2\/tags?post=326459"},{"taxonomy":"autor-wsj","embeddable":true,"href":"https:\/\/investnews.com.br\/inv-api\/wp\/v2\/autor-wsj?post=326459"},{"taxonomy":"author","embeddable":true,"href":"https:\/\/investnews.com.br\/inv-api\/wp\/v2\/coauthors?post=326459"}],"curies":[{"name":"wp","href":"https:\/\/api.w.org\/{rel}","templated":true}]}}