{"id":326506,"date":"2022-05-10T19:12:06","date_gmt":"2022-05-10T22:12:06","guid":{"rendered":"https:\/\/investnews.com.br\/?p=326506"},"modified":"2024-02-15T16:36:59","modified_gmt":"2024-02-15T19:36:59","slug":"servidores-do-bc-aprovam-continuidade-da-greve-por-tempo-indeterminado","status":"publish","type":"post","link":"https:\/\/investnews.com.br\/economia\/servidores-do-bc-aprovam-continuidade-da-greve-por-tempo-indeterminado\/","title":{"rendered":"Servidores do BC aprovam continuidade da greve por tempo indeterminado"},"content":{"rendered":"\n<p>Os servidores do Banco Central (BC) decidiram manter a <a href=\"https:\/\/investnews.com.br\/economia\/greve-no-bc-analises\/\" class=\"rank-math-link\">greve<\/a> por tempo indeterminado em assembleia na tarde desta ter\u00e7a-feira, 10. Segundo o presidente do Sindicato Nacional de Funcion\u00e1rios do BC (Sinal), F\u00e1bio Faiad, a manuten\u00e7\u00e3o da paralisa\u00e7\u00e3o foi aprovada por ampla maioria e deve-se \u00e0 aus\u00eancia de mesa de negocia\u00e7\u00e3o com o governo.<\/p>\n\n\n\n<p>Conforme apurou o&nbsp;<em>Broadcast<\/em>, sistema de not\u00edcias em tempo real do Grupo Estado, o governo deve decidir sobre o <strong>reajuste dos funcion\u00e1rios p\u00fablicos<\/strong> federais at\u00e9 o dia 22 e a tend\u00eancia \u00e9 dar um <a href=\"https:\/\/investnews.com.br\/economia\/governo-decide-por-reajuste-de-5-a-todos-os-servidores-federais-em-julho\/\" class=\"rank-math-link\">aumento linear de 5%<\/a>, o que os sindicatos, inclusive o Sinal, consideram insuficiente. A categoria pede <strong>recomposi\u00e7\u00e3o salarial de 27%<\/strong>, al\u00e9m de pautas de reestrutura\u00e7\u00e3o de carreira.<\/p>\n\n\n\n<p>&#8220;At\u00e9 o momento, n\u00e3o h\u00e1 nenhuma reuni\u00e3o marcada com o governo ou com o <strong>Roberto Campos Neto<\/strong> (presidente do BC), apesar de nossos diversos pleitos nesse sentido&#8221;, disse Faiad.<\/p>\n\n\n\n<p>Na opini\u00e3o do Sinal, o Comit\u00ea de Estabilidade Financeira (Comef) n\u00e3o \u00e9 atividade essencial pela lei da greve. O Comef est\u00e1 marcado para o dia 26 de maio. &#8220;Logo, vamos batalhar para que n\u00e3o haja a realiza\u00e7\u00e3o do Comef. Ou, se houver, que seja adiado e com escopo bastante reduzido.&#8221;<\/p>\n\n\n\n<p>A greve dos servidores do BC foi iniciada no dia 1\u00ba de abril. De 20 de abril a 2 de maio, a categoria fez uma tr\u00e9gua, como um &#8220;<a href=\"https:\/\/investnews.com.br\/economia\/servidores-do-bc-interrompem-greve-por-2-semanas-por-voto-de-confianca\/\" class=\"rank-math-link\">voto de confian\u00e7a<\/a>&#8221; no presidente do BC e na tentativa de avan\u00e7ar nas negocia\u00e7\u00f5es do governo. Mas, sem novidades, retomou a paralisa\u00e7\u00e3o no dia 3 de maio.<\/p>\n\n\n\n<p>Com a greve, est\u00e3o suspensos os <strong>boletins e divulga\u00e7\u00f5es regulares do BC, <\/strong>como o <strong><a href=\"https:\/\/investnews.com.br\/guias\/boletim-focus-entenda-o-que-e\/\" class=\"rank-math-link\">Boletim Focus<\/a><\/strong>, os dados do<strong> fluxo cambial <\/strong>e as <strong>estat\u00edsticas fiscais, de cr\u00e9dito e do setor externo<\/strong>. H\u00e1 tamb\u00e9m atrasos na divulga\u00e7\u00e3o da taxa <a href=\"https:\/\/investnews.com.br\/guias\/dolar-ptax-o-que-e\/\" class=\"rank-math-link\">Ptax<\/a> di\u00e1ria, o que deixa o <a href=\"https:\/\/investnews.com.br\/guias\/como-funciona-o-mercado-financeiro\/\">mercado financeiro<\/a> em constante aten\u00e7\u00e3o. J\u00e1 o<strong> <a href=\"https:\/\/investnews.com.br\/guias\/pix\/\">Pix<\/a><\/strong> e o Sistema de Pagamentos Brasileiro (<strong>SPB<\/strong>) est\u00e3o em opera\u00e7\u00e3o.<\/p>\n\n\n\n<h2 class=\"wp-block-heading\"><strong>Pix<\/strong><\/h2>\n\n\n\n<p>O Sinal ainda repudiou nesta ter\u00e7a-feira o que classificou como &#8220;uso eleitoral do Pix&#8221;. O presidente <strong>Jair Bolsonaro <\/strong>tem destacado a ferramenta como um dos projetos de seu governo.<\/p>\n\n\n\n<p>&#8220;Tal sistema de pagamento instant\u00e2neo foi criado e implementado pelos Analistas e T\u00e9cnicos do Banco Central do Brasil &#8211; ou seja, por servidores concursados de Estado, n\u00e3o pelo atual governante ou por qualquer outro governo.&#8221;<\/p>\n\n\n\n<p>O sindicato destaca que a portaria que instituiu o grupo de trabalho para desenvolver a ferramenta \u00e9 de maio de 2018, anterior \u00e0 elei\u00e7\u00e3o do presidente Jair Bolsonaro. &#8220;Outra coisa: n\u00e3o se tem not\u00edcia de qualquer refer\u00eancia ao Pix no programa eleitoral entregue em 2018 pelo ent\u00e3o candidato Jair Bolsonaro ao Tribunal Superior Eleitoral.&#8221;<\/p>\n\n\n\n<p>Al\u00e9m disso, o presidente do Sinal ainda destacou que governos anteriores j\u00e1 atuaram contra a autonomia t\u00e9cnica do BC e que a administra\u00e7\u00e3o atual &#8220;criou obst\u00e1culos&#8221; para implementa\u00e7\u00e3o do Pix e de outros projetos com a redu\u00e7\u00e3o do or\u00e7amento da autarquia, por exemplo.<\/p>\n\n\n\n<ul class=\"wp-block-list\">\n<li><strong>Descubra <a href=\"https:\/\/investnews.com.br\/financas\/pix-com-carta-de-credito\/\" target=\"_blank\" rel=\"noreferrer noopener\">como fazer como fazer Pix com cart\u00e3o de cr\u00e9dito<\/a><\/strong><\/li>\n<\/ul>\n","protected":false},"excerpt":{"rendered":"<p>Categoria pede recomposi\u00e7\u00e3o salarial de 27%, mas governo ofereceu reajuste de 5%.<\/p>\n","protected":false},"author":62,"featured_media":314974,"comment_status":"closed","ping_status":"open","sticky":false,"template":"","format":"standard","meta":{"_acf_changed":false,"inline_featured_image":false,"footnotes":""},"categories":[5],"tags":[56,234,1744],"autor-wsj":[],"coauthors":[2499],"class_list":["post-326506","post","type-post","status-publish","format-standard","has-post-thumbnail","hentry","category-economia","tag-banco-central","tag-jair-bolsonaro","tag-pix"],"acf":[],"amp_enabled":true,"_links":{"self":[{"href":"https:\/\/investnews.com.br\/inv-api\/wp\/v2\/posts\/326506","targetHints":{"allow":["GET"]}}],"collection":[{"href":"https:\/\/investnews.com.br\/inv-api\/wp\/v2\/posts"}],"about":[{"href":"https:\/\/investnews.com.br\/inv-api\/wp\/v2\/types\/post"}],"author":[{"embeddable":true,"href":"https:\/\/investnews.com.br\/inv-api\/wp\/v2\/users\/62"}],"replies":[{"embeddable":true,"href":"https:\/\/investnews.com.br\/inv-api\/wp\/v2\/comments?post=326506"}],"version-history":[{"count":6,"href":"https:\/\/investnews.com.br\/inv-api\/wp\/v2\/posts\/326506\/revisions"}],"predecessor-version":[{"id":556821,"href":"https:\/\/investnews.com.br\/inv-api\/wp\/v2\/posts\/326506\/revisions\/556821"}],"wp:featuredmedia":[{"embeddable":true,"href":"https:\/\/investnews.com.br\/inv-api\/wp\/v2\/media\/314974"}],"wp:attachment":[{"href":"https:\/\/investnews.com.br\/inv-api\/wp\/v2\/media?parent=326506"}],"wp:term":[{"taxonomy":"category","embeddable":true,"href":"https:\/\/investnews.com.br\/inv-api\/wp\/v2\/categories?post=326506"},{"taxonomy":"post_tag","embeddable":true,"href":"https:\/\/investnews.com.br\/inv-api\/wp\/v2\/tags?post=326506"},{"taxonomy":"autor-wsj","embeddable":true,"href":"https:\/\/investnews.com.br\/inv-api\/wp\/v2\/autor-wsj?post=326506"},{"taxonomy":"author","embeddable":true,"href":"https:\/\/investnews.com.br\/inv-api\/wp\/v2\/coauthors?post=326506"}],"curies":[{"name":"wp","href":"https:\/\/api.w.org\/{rel}","templated":true}]}}