{"id":326663,"date":"2022-05-11T10:17:58","date_gmt":"2022-05-11T13:17:58","guid":{"rendered":"https:\/\/investnews.com.br\/?p=326663"},"modified":"2022-05-11T10:24:21","modified_gmt":"2022-05-11T13:24:21","slug":"bolsonaro-troca-ministro-de-minas-e-energia-adolfo-sachsida-assume-cargo","status":"publish","type":"post","link":"https:\/\/investnews.com.br\/economia\/bolsonaro-troca-ministro-de-minas-e-energia-adolfo-sachsida-assume-cargo\/","title":{"rendered":"Bolsonaro troca ministro de Minas e Energia; Adolfo Sachsida assume cargo"},"content":{"rendered":"\n<p><strong>Bento Albuquerque<\/strong> n\u00e3o \u00e9 mais o <strong>ministro de Minas e Energia<\/strong>. O decreto com a exonera\u00e7\u00e3o do cargo, a pedido, assinado pelo presidente Jair Bolsonaro, est\u00e1 publicado no\u00a0<a rel=\"noreferrer noopener\" class=\"rank-math-link\" href=\"http:\/\/in.gov.br\/web\/dou\/-\/decretos-de-10-de-maio-de-2022-398974472\" target=\"_blank\">Di\u00e1rio Oficial da Uni\u00e3o\u00a0<\/a>\u00a0desta\u00a0quarta-feira (11).<\/p>\n\n\n\n<p>Para o lugar de Bento Albuquerque, Bolsonaro nomeou <strong>Adolfo Sachsida<\/strong>, servidor de carreira do Instituto de Pesquisa Econ\u00f4mica Aplicada (Ipea). Ele ocupava a chefia da Assessoria Especial de Assuntos Estrat\u00e9gicos do Minist\u00e9rio da Economia.<\/p>\n\n\n\n<p> A sa\u00edda do Almirante da Marinha, que estava no cargo desde o in\u00edcio do governo Bolsonaro, ocorre em meio \u00e0 <a href=\"https:\/\/investnews.com.br\/geral\/bolsonaro-diz-que-lucro-da-petrobras-e-estupro-reclama-sobre-reajuste\/\" class=\"rank-math-link\">insatisfa\u00e7\u00e3o declarada de Bolsonaro<\/a> contra reajustes de <strong>pre\u00e7os de combust\u00edveis<\/strong> pela Petrobras, al\u00e9m de um cen\u00e1rio de tarifas de energia el\u00e9trica pressionadas por reajustes na casa de dois d\u00edgitos para 2022. <\/p>\n\n\n\n<p>Na segunda-feira, a <strong>Petrobras<\/strong> (<a href=\"https:\/\/investnews.com.br\/cotacao\/petr3-petr4-petrobras\/\" class=\"rank-math-link\">PETR3; PETR4<\/a>) anunciou um <a href=\"https:\/\/investnews.com.br\/negocios\/petrobras-eleva-preco-do-diesel\/\" class=\"rank-math-link\">reajuste de 8,87% do pre\u00e7o m\u00e9dio do diesel<\/a> em suas refinarias, apesar de na semana passada Bolsonaro ter apelado diretamente a Albuquerque e ao presidente da estatal, Jos\u00e9 Mauro Coelho, para que n\u00e3o houvesse novos aumentos sob o risco de uma &#8220;convuls\u00e3o&#8221; no pa\u00eds. <\/p>\n\n\n\n<h2 class=\"wp-block-heading\">Quem \u00e9 Adolfo Sachsida<\/h2>\n\n\n\n<p>Nome pr\u00f3ximo do ministro da Economia, Paulo Guedes, Sachsida \u00e9 doutor em Economia pela Universidade de Bras\u00edlia (UnB) com p\u00f3s-doutorado pela Universidade do Alabama, nos Estados Unidos. Ele tamb\u00e9m \u00e9 advogado, especializado em Direito tribut\u00e1rio.<\/p>\n\n\n\n<p>Na rede social Twitter, Sachsida comentou sobre sua nomea\u00e7\u00e3o e agradeceu Bolsonaro, Albuquerque e Guedes. &#8220;Com muito trabalho e dedica\u00e7\u00e3o espero estar \u00e0 altura desse que \u00e9 o maior desafio profissional de minha carreira. Com a gra\u00e7a de Deus vamos ajudar o Brasil&#8221;, escreveu. <\/p>\n\n\n\n<p><em>*Com Reuters e Ag\u00eancia Brasil<\/em><\/p>\n","protected":false},"excerpt":{"rendered":"<p>Decreto com a exonera\u00e7\u00e3o de Bento Albuquerque foi assinado pelo presidente nesta quarta-feira (11).<\/p>\n","protected":false},"author":7,"featured_media":326666,"comment_status":"closed","ping_status":"open","sticky":false,"template":"","format":"standard","meta":{"_acf_changed":false,"inline_featured_image":false,"footnotes":""},"categories":[5],"tags":[653,824,234,1520],"autor-wsj":[],"coauthors":[1494],"class_list":["post-326663","post","type-post","status-publish","format-standard","has-post-thumbnail","hentry","category-economia","tag-combustiveis","tag-energia","tag-jair-bolsonaro","tag-ministerio-de-minas-e-energia"],"acf":[],"amp_enabled":true,"_links":{"self":[{"href":"https:\/\/investnews.com.br\/inv-api\/wp\/v2\/posts\/326663","targetHints":{"allow":["GET"]}}],"collection":[{"href":"https:\/\/investnews.com.br\/inv-api\/wp\/v2\/posts"}],"about":[{"href":"https:\/\/investnews.com.br\/inv-api\/wp\/v2\/types\/post"}],"author":[{"embeddable":true,"href":"https:\/\/investnews.com.br\/inv-api\/wp\/v2\/users\/7"}],"replies":[{"embeddable":true,"href":"https:\/\/investnews.com.br\/inv-api\/wp\/v2\/comments?post=326663"}],"version-history":[{"count":6,"href":"https:\/\/investnews.com.br\/inv-api\/wp\/v2\/posts\/326663\/revisions"}],"predecessor-version":[{"id":326673,"href":"https:\/\/investnews.com.br\/inv-api\/wp\/v2\/posts\/326663\/revisions\/326673"}],"wp:featuredmedia":[{"embeddable":true,"href":"https:\/\/investnews.com.br\/inv-api\/wp\/v2\/media\/326666"}],"wp:attachment":[{"href":"https:\/\/investnews.com.br\/inv-api\/wp\/v2\/media?parent=326663"}],"wp:term":[{"taxonomy":"category","embeddable":true,"href":"https:\/\/investnews.com.br\/inv-api\/wp\/v2\/categories?post=326663"},{"taxonomy":"post_tag","embeddable":true,"href":"https:\/\/investnews.com.br\/inv-api\/wp\/v2\/tags?post=326663"},{"taxonomy":"autor-wsj","embeddable":true,"href":"https:\/\/investnews.com.br\/inv-api\/wp\/v2\/autor-wsj?post=326663"},{"taxonomy":"author","embeddable":true,"href":"https:\/\/investnews.com.br\/inv-api\/wp\/v2\/coauthors?post=326663"}],"curies":[{"name":"wp","href":"https:\/\/api.w.org\/{rel}","templated":true}]}}