{"id":326989,"date":"2022-05-11T18:52:17","date_gmt":"2022-05-11T21:52:17","guid":{"rendered":"https:\/\/investnews.com.br\/?p=326989"},"modified":"2022-05-11T18:57:59","modified_gmt":"2022-05-11T21:57:59","slug":"governo-zera-imposto-de-importacao-de-alimentos","status":"publish","type":"post","link":"https:\/\/investnews.com.br\/economia\/governo-zera-imposto-de-importacao-de-alimentos\/","title":{"rendered":"Governo zera imposto de importa\u00e7\u00e3o de alimentos"},"content":{"rendered":"\n<p>O governo federal anunciou nesta quarta-feira (11) que vai zerar a al\u00edquota do <strong>imposto de importa\u00e7\u00e3o <\/strong>de sete categorias de <strong>produtos aliment\u00edcios<\/strong>. A decis\u00e3o foi tomada pelo Comit\u00ea-executivo de Gest\u00e3o da C\u00e2mara de Com\u00e9rcio Exterior (Gecex\/Camex), do Minist\u00e9rio da Economia.<\/p>\n\n\n\n<p>Em coletiva de imprensa para detalhar as medidas, o secret\u00e1rio-executivo da pasta, Marcelo Guaranys, disse que o objetivo da medida \u00e9 conter o avan\u00e7o da infla\u00e7\u00e3o no pa\u00eds. &#8220;Sabemos que essas medidas n\u00e3o revertem a <a href=\"https:\/\/investnews.com.br\/economia\/inflacao-tendencia-riscos\/\" class=\"rank-math-link\">infla\u00e7\u00e3o<\/a>, mas aumentam a contestabilidade dos mercados. Ent\u00e3o, o produto que est\u00e1 come\u00e7ando a crescer muito de pre\u00e7o, diante da possibilidade maior de importa\u00e7\u00e3o, os empres\u00e1rios pensam duas vezes antes de aumentar tanto o produto. Essa \u00e9 a nossa l\u00f3gica com esse instrumento&#8221;.<\/p>\n\n\n\n<p>Em abril, o \u00cdndice Nacional de Pre\u00e7os ao Consumidor Amplo (<a href=\"https:\/\/investnews.com.br\/guias\/o-que-e-ipca\/\" class=\"rank-math-link\">IPCA<\/a>), que mede a infla\u00e7\u00e3o oficial,&nbsp;<a href=\"https:\/\/investnews.com.br\/flash\/brasil-tem-maior-inflacao-para-abril\/\" class=\"rank-math-link\">fechou em 1,06%<\/a>. Foi o \u00edndice mais alto para um m\u00eas de abril desde 1996 (1,26%). Segundo o Instituto Brasileiro de Geografia e Estat\u00edstica (IBGE), que calcula o <a href=\"https:\/\/investnews.com.br\/guias\/o-que-e-ipca\/\">IPCA<\/a>, a infla\u00e7\u00e3o acumulada em 12 meses est\u00e1 em 12,13%.<\/p>\n\n\n\n<figure class=\"wp-block-image size-large\"><img loading=\"lazy\" decoding=\"async\" width=\"895\" height=\"540\" src=\"https:\/\/media.investnews.com.br\/uploads\/2022\/05\/out_853.png\" alt=\"\" class=\"wp-image-326944\" srcset=\"https:\/\/media.investnews.com.br\/uploads\/2022\/05\/out_853.png 895w, https:\/\/media.investnews.com.br\/uploads\/2022\/05\/out_853-300x181.png 300w, https:\/\/media.investnews.com.br\/uploads\/2022\/05\/out_853-768x463.png 768w, https:\/\/media.investnews.com.br\/uploads\/2022\/05\/out_853-172x104.png 172w, https:\/\/media.investnews.com.br\/uploads\/2022\/05\/out_853-150x91.png 150w\" sizes=\"auto, (max-width: 895px) 100vw, 895px\" \/><figcaption>IPCA acumulado em 12 meses. (Elabora\u00e7\u00e3o: Samy Dana)<\/figcaption><\/figure>\n\n\n\n<p>Segundo secret\u00e1ria da C\u00e2mara de Com\u00e9rcio Exterior, Ana Paula Repezza, a <strong>redu\u00e7\u00e3o de impostos <\/strong>entram em vigor a partir de quinta-feira (12) e vale at\u00e9 o dia 31 de dezembro deste ano.<\/p>\n\n\n\n<p>Os produtos aliment\u00edcios que tiveram a al\u00edquota de importa\u00e7\u00e3o totalmente zeradas s\u00e3o:<\/p>\n\n\n\n<ul class=\"wp-block-list\"><li><strong>carnes<\/strong> desossadas de bovino, congeladas (imposto era de 10,8%);<\/li><li>peda\u00e7os de miudezas, comest\u00edveis de galos\/galinhas, congelados (imposto era de 9%);<\/li><li><strong>farinha de trigo<\/strong> (imposto era de 10,8%);<\/li><li>outros trigos e misturas de trigo com centeio, exceto para semeadura (imposto era de 9%);<\/li><li>bolachas e biscoitos, adicionados de edulcorante (imposto era de 16,2%);<\/li><li>outros produtos de padaria, pastelaria, ind\u00fastria de biscoitos, etc. (imposto era de 16,2%) e<\/li><li><strong>milho<\/strong> em gr\u00e3o, exceto para semeadura (imposto era de 7,2%).<\/li><\/ul>\n\n\n\n<p>O Minist\u00e9rio da Economia informou que o impacto com <strong>a<\/strong> <strong>ren\u00fancia tribut\u00e1ria pode chegar a R$ 700 milh\u00f5es at\u00e9 o final do ano<\/strong>. N\u00e3o h\u00e1 necessidade de compensa\u00e7\u00e3o fiscal, por se tratar de um imposto regulat\u00f3rio, e n\u00e3o arrecadat\u00f3rio.<\/p>\n\n\n\n<p>&#8220;O imposto de importa\u00e7\u00e3o tem uma fun\u00e7\u00e3o que n\u00e3o \u00e9 arrecadat\u00f3ria, a fun\u00e7\u00e3o dele \u00e9 de regula\u00e7\u00e3o de mercado. O motivo por tr\u00e1s \u00e9 a regula\u00e7\u00e3o do mercado, seja para um lado, seja para o outro&#8221;, explicou o secret\u00e1rio-executivo adjunto da Camex, Leonardo Diniz Lahud.<\/p>\n\n\n\n<h2 class=\"wp-block-heading\">Outras redu\u00e7\u00f5es<\/h2>\n\n\n\n<p>Al\u00e9m de zerar a al\u00edquota de importa\u00e7\u00e3o de produtos aliment\u00edcios, a Camex tamb\u00e9m reduziu ou zerou o imposto sobre outros <strong>produtos importados<\/strong>. Dois deles s\u00e3o insumos usados na <strong>produ\u00e7\u00e3o agr\u00edcola<\/strong>.<\/p>\n\n\n\n<p>O \u00e1cido sulf\u00farico, utilizado na cadeia de <strong>fertilizantes<\/strong>, teve al\u00edquota de 3,6% de imposto zerada. J\u00e1 o mancozebe, um tipo de fungicida, teve o imposto de 12,6% para 4%.<\/p>\n\n\n\n<p>Foram reduzidos ainda os impostos de dois tipos de <strong>vergalh\u00e3o de a\u00e7o<\/strong>, atendendo a um pleito do setor de <strong>constru\u00e7\u00e3o civil<\/strong>, e que j\u00e1 estava sob <a href=\"https:\/\/investnews.com.br\/boletim-investnews\/siderurgicas-desabam-com-possivel-reducao-de-tarifa-na-importacao-do-aco\/\" class=\"rank-math-link\">an\u00e1lise no Minist\u00e9rio da Economia<\/a>. Esses vergalh\u00f5es, que tinham imposto de importa\u00e7\u00e3o de 10,8%, agora v\u00e3o pagar 4%.<\/p>\n\n\n\n<p>&#8220;A caracter\u00edstica mais importante desses pleitos e que os diferenciam dos pleitos relacionados a alimentos, \u00e9 que este \u00e9 um pleito que vinha sendo analisado tecnicamente no minist\u00e9rio h\u00e1 pelo menos oito meses&#8221;, justificou Ana Paula Repezza, sobre a redu\u00e7\u00e3o na tarifa de importa\u00e7\u00e3o dos vergalh\u00f5es de a\u00e7o.<\/p>\n\n\n\n<figure class=\"wp-block-embed-youtube wp-block-embed is-type-video is-provider-youtube wp-embed-aspect-16-9 wp-has-aspect-ratio\"><div class=\"wp-block-embed__wrapper\">\n<iframe loading=\"lazy\" title=\"Brasil tem maior infla\u00e7\u00e3o para abril em 26 anos; Bolsonaro troca ministro de Minas e Energia\" width=\"500\" height=\"281\" src=\"https:\/\/www.youtube.com\/embed\/WD33wTRB9Hw?feature=oembed\" frameborder=\"0\" allow=\"accelerometer; autoplay; clipboard-write; encrypted-media; gyroscope; picture-in-picture; web-share\" referrerpolicy=\"strict-origin-when-cross-origin\" allowfullscreen><\/iframe>\n<\/div><\/figure>\n","protected":false},"excerpt":{"rendered":"<p>Medida vem em meio a alta da infla\u00e7\u00e3o; ren\u00fancia tribut\u00e1ria pode chegar a R$ 700 milh\u00f5es at\u00e9 o final do ano.<\/p>\n","protected":false},"author":63,"featured_media":326991,"comment_status":"closed","ping_status":"open","sticky":false,"template":"","format":"standard","meta":{"_acf_changed":false,"inline_featured_image":false,"footnotes":""},"categories":[5],"tags":[283,434,52],"autor-wsj":[],"coauthors":[2490],"class_list":["post-326989","post","type-post","status-publish","format-standard","has-post-thumbnail","hentry","category-economia","tag-governo-federal","tag-impostos","tag-inflacao"],"acf":[],"amp_enabled":true,"_links":{"self":[{"href":"https:\/\/investnews.com.br\/inv-api\/wp\/v2\/posts\/326989","targetHints":{"allow":["GET"]}}],"collection":[{"href":"https:\/\/investnews.com.br\/inv-api\/wp\/v2\/posts"}],"about":[{"href":"https:\/\/investnews.com.br\/inv-api\/wp\/v2\/types\/post"}],"author":[{"embeddable":true,"href":"https:\/\/investnews.com.br\/inv-api\/wp\/v2\/users\/63"}],"replies":[{"embeddable":true,"href":"https:\/\/investnews.com.br\/inv-api\/wp\/v2\/comments?post=326989"}],"version-history":[{"count":3,"href":"https:\/\/investnews.com.br\/inv-api\/wp\/v2\/posts\/326989\/revisions"}],"predecessor-version":[{"id":327002,"href":"https:\/\/investnews.com.br\/inv-api\/wp\/v2\/posts\/326989\/revisions\/327002"}],"wp:featuredmedia":[{"embeddable":true,"href":"https:\/\/investnews.com.br\/inv-api\/wp\/v2\/media\/326991"}],"wp:attachment":[{"href":"https:\/\/investnews.com.br\/inv-api\/wp\/v2\/media?parent=326989"}],"wp:term":[{"taxonomy":"category","embeddable":true,"href":"https:\/\/investnews.com.br\/inv-api\/wp\/v2\/categories?post=326989"},{"taxonomy":"post_tag","embeddable":true,"href":"https:\/\/investnews.com.br\/inv-api\/wp\/v2\/tags?post=326989"},{"taxonomy":"autor-wsj","embeddable":true,"href":"https:\/\/investnews.com.br\/inv-api\/wp\/v2\/autor-wsj?post=326989"},{"taxonomy":"author","embeddable":true,"href":"https:\/\/investnews.com.br\/inv-api\/wp\/v2\/coauthors?post=326989"}],"curies":[{"name":"wp","href":"https:\/\/api.w.org\/{rel}","templated":true}]}}