{"id":327970,"date":"2022-05-16T08:06:22","date_gmt":"2022-05-16T11:06:22","guid":{"rendered":"https:\/\/investnews.com.br\/?p=327970"},"modified":"2025-10-23T08:37:25","modified_gmt":"2025-10-23T11:37:25","slug":"5-fatos-para-hoje-lucros-de-raizen-e-cosan-resultados-da-cyrela","status":"publish","type":"post","link":"https:\/\/investnews.com.br\/economia\/5-fatos-para-hoje-lucros-de-raizen-e-cosan-resultados-da-cyrela\/","title":{"rendered":"5 fatos para hoje: lucros de Ra\u00edzen, Cosan e Cyrela; nova pol\u00eamica de Elon Musk"},"content":{"rendered":"\n<h2 class=\"wp-block-heading\">1 &#8211; Ra\u00edzen tem lucro 48% menor no trimestre, mas sinaliza melhora para 2022\/23<\/h2>\n\n\n\n<p>A <strong>Ra\u00edzen<\/strong> (<a class=\"rank-math-link\" href=\"https:\/\/investnews.com.br\/cotacao\/raiz4-raizen\/\">RAIZ4) <\/a>informou na noite de sexta-feira (13) que registrou uma queda de 48% do lucro em seu quarto trimestre fiscal, mas projetou crescimento para o atual ano safra.<\/p>\n\n\n\n<p>A companhia reportou <a href=\"https:\/\/investnews.com.br\/guias\/lucro-liquido\/\">lucro l\u00edquido<\/a> ajustado de R$ 209,7 milh\u00f5es no per\u00edodo, bastante abaixo da estimativa de analistas compilada pela Refinitiv de R$ 708,2 milh\u00f5es.<\/p>\n\n\n\n<p>J\u00e1 a receita operacional l\u00edquida cresceu 50,1% na compara\u00e7\u00e3o anual, indo a R$ 53,5 bilh\u00f5es e superando a expectativa de R$ 46,9 bilh\u00f5es.<\/p>\n\n\n\n<p>A Ra\u00edzen tamb\u00e9m informou que espera atingir lucro ajustado antes de juros, impostos, deprecia\u00e7\u00e3o e amortiza\u00e7\u00e3o (Ebitda, na sigla em ingl\u00eas) na faixa de R$ 13 bi a R$ 14 bilh\u00f5es durante o ano safra 2022\/23, iniciado em abril.<\/p>\n\n\n\n<p>A proje\u00e7\u00e3o, que \u00e9 superior aos R$ 10,7 bilh\u00f5es reportados no ano anterior, \u00e9 embasada no &#8220;aumento dos volumes de venda de todos os produtos&#8221;, al\u00e9m de pre\u00e7os melhores para etanol, bioenergia e a\u00e7\u00facar.<\/p>\n\n\n\n<p>Os investimentos previstos para o per\u00edodo devem ficar entre 10,5 e R$ 12 bilh\u00f5es. A maior parte deste valor &#8211;entre 8,5 e R$ 9 bilh\u00f5es&#8211; deve ser alocado em sua divis\u00e3o de renov\u00e1veis e a\u00e7\u00facar.<\/p>\n\n\n\n<p>&#8220;Os maiores disp\u00eandios est\u00e3o alinhados ao ciclo de expans\u00e3o da companhia, com projetos majoritariamente focados na expans\u00e3o do portf\u00f3lio de renov\u00e1veis,&#8221; disse a Ra\u00edzen em comunicado ao mercado.<\/p>\n\n\n\n<h2 class=\"wp-block-heading\">2 &#8211; Lucro da Cosan cai 38% no 1\u00ba tri com efeito de alta dos juros sobre despesas<\/h2>\n\n\n\n<p><strong>&nbsp;Cosan<\/strong> (<a href=\"https:\/\/investnews.com.br\/cotacao\/csan3-cosan\/\" class=\"rank-math-link\">CSAN3<\/a>)reportou lucro l\u00edquido de R$ 510,2 milh\u00f5es no primeiro trimestre, uma queda de 38,4% ante o mesmo per\u00edodo do ano anterior, em fun\u00e7\u00e3o do aumento nas despesas financeiras em todos os neg\u00f3cios do grupo, seguindo a alta da taxa de juros, disse a empresa nesta sexta-feira (13).<\/p>\n\n\n\n<p>O lucro ajustado antes de juros, impostos, deprecia\u00e7\u00e3o e amortiza\u00e7\u00e3o (Ebitda, na sigla em ingl\u00eas) cresceu 4,8% no trimestre, para R$ 2,7 bilh\u00f5es.<\/p>\n\n\n\n<p>Segundo a companhia, o melhor desempenho operacional da Rumo, impulsionado pela expans\u00e3o dos volumes transportados, e da Compass, sustentado pela cont\u00ednua evolu\u00e7\u00e3o da Comg\u00e1s e pelo in\u00edcio da consolida\u00e7\u00e3o da Sulg\u00e1s, compensaram a menor concentra\u00e7\u00e3o de vendas de renov\u00e1veis e a\u00e7\u00facar no trimestre que encerrou a safra 2021\/22 para a Ra\u00edzen.<\/p>\n\n\n\n<p>&#8220;Vale destacar que a execu\u00e7\u00e3o consistente frente aos desafios enfrentados levou a Ra\u00edzen a alcan\u00e7ar Ebitda ajustado recorde de R$ 10,7 bilh\u00f5es no ano-safra (+20% em base pr\u00f3-forma)&#8221;, disse a Cosan no balan\u00e7o.<\/p>\n\n\n\n<p>A Ra\u00edzen, joint venture entre a Shell e Cosan listada na B3, atingiu no primeiro trimestre deste ano um Ebitda ajustado pr\u00f3-forma de R$ 1,8 bilh\u00e3o (-30%), reflexo principalmente do menor volume vendido na \u00e1rea de Renov\u00e1veis e A\u00e7\u00facar.<\/p>\n\n\n\n<p>&#8220;Este efeito foi resultado da combina\u00e7\u00e3o de estrat\u00e9gia comercial, que deslocou parte dos estoques para o ano seguinte, e menor disponibilidade de produtos em decorr\u00eancia dos severos impactos clim\u00e1ticos que afetaram os canaviais&#8221;, afirmou a Cosan.<\/p>\n\n\n\n<p>As vendas de a\u00e7\u00facar recuaram 14,2% de janeiro a mar\u00e7o, para 1,95 milh\u00e3o de toneladas, enquanto a comercializa\u00e7\u00e3o de etanol subiu 2,7% para 1,66 bilh\u00e3o de litros.<\/p>\n\n\n\n<h2 class=\"wp-block-heading\">3 &#8211; Cyrela tem lucro l\u00edquido de R$ 161,7 mi no 1\u00ba tri de 2022<\/h2>\n\n\n\n<p>A <strong>Cyrela<\/strong> (<a href=\"https:\/\/investnews.com.br\/cotacao\/cyre3-cyrela-brazil-realty\/\" class=\"rank-math-link\">CYRE3<\/a>) registrou lucro l\u00edquido de R$ 161,7 milh\u00f5es no primeiro trimestre de 2022, queda de 16%% em rela\u00e7\u00e3o ao mesmo per\u00edodo do ano passado. A <a href=\"https:\/\/investnews.com.br\/guias\/receita-liquida-o-que-e\/\">receita l\u00edquida<\/a> da construtora chegou a R$ 1,231 bilh\u00e3o entre janeiro e mar\u00e7o, representando um crescimento anual de 22,7%.<\/p>\n\n\n\n<p>A companhia lan\u00e7ou seis empreendimentos no trimestre totalizando um Valor Geral de Vendas (VGV) lan\u00e7ado de R$ 1,038 bilh\u00e3o, 146,3% superior na compara\u00e7\u00e3o com os tr\u00eas primeiros meses do ano passado.<\/p>\n\n\n\n<p>As vendas l\u00edquidas contratadas somaram R$ 1,3 bilh\u00e3o no per\u00edodo, alta de 27% na mesma base comparativa.<\/p>\n\n\n\n<p>As despesas gerais e administrativas foram de R$ 136,2 milh\u00f5es, alta de 14%. O resultado financeiro ficou positivo em R$ 9,3 milh\u00f5es, queda de 14,3%.<\/p>\n\n\n\n<p>A Cyrela encerrou mar\u00e7o com d\u00edvida l\u00edquida de R$ 334,3 milh\u00f5es, aumento de 18,7% ante dezembro. A alavancagem (medida pela rela\u00e7\u00e3o entre d\u00edvida l\u00edquida e <a href=\"https:\/\/investnews.com.br\/guias\/patrimonio-liquido\/\">patrim\u00f4nio l\u00edquido<\/a>) ficou em 4,8%.<\/p>\n\n\n\n<h2 class=\"wp-block-heading\">4 &#8211; Vale p\u00f5e \u00e0 venda \u00e1reas invadidas no Par\u00e1<\/h2>\n\n\n\n<p>No in\u00edcio de abril, empres\u00e1rios do setor de minera\u00e7\u00e3o receberam uma proposta de neg\u00f3cio da <strong>Vale<\/strong> (<a href=\"https:\/\/investnews.com.br\/cotacao\/vale3-vale\/\" class=\"rank-math-link\">VALE3<\/a>). Em termos sigilosos, a oferta comercial detalhava a venda de seus direitos miner\u00e1rios para explorar oito \u00e1reas gigantescas de mangan\u00eas na regi\u00e3o de Marab\u00e1, no Par\u00e1. Na carta enviada por e-mail, a empresa narra o potencial de explora\u00e7\u00e3o de mais de 12 mil hectares com abund\u00e2ncia do min\u00e9rio que \u00e9 usado para produ\u00e7\u00e3o de a\u00e7o. Mas deixa claro: o comprador ter\u00e1 de assumir todo e qualquer passivo ambiental da \u00e1rea, sejam estes danos &#8220;existentes e futuros, conhecidos ou n\u00e3o&#8221;.<\/p>\n\n\n\n<p>A Vale defendeu as &#8220;mineraliza\u00e7\u00f5es promissoras&#8221; do que batizou de &#8220;Projeto Buriti&#8221;, mas tratou de incluir em suas explica\u00e7\u00f5es que &#8220;a \u00e1rea foi invadida por terceiros&#8221;. Imagens dessas \u00e1reas, obtidas via sat\u00e9lite, mostram que, apesar de a mineradora nunca as ter explorado, mantendo apenas a exclusividade desse direito, a extra\u00e7\u00e3o ilegal do mangan\u00eas \u00e9 grande. S\u00e3o atividades sustentadas por maquin\u00e1rio pesado e por centenas de caminh\u00f5es, que retiram milhares de toneladas de min\u00e9rio, em plena luz do dia, sem nenhum embara\u00e7o.<\/p>\n\n\n\n<h3 class=\"wp-block-heading\"><strong>Virou passivo<\/strong><\/h3>\n\n\n\n<p>Dona desses direitos de explora\u00e7\u00e3o h\u00e1 mais de 20 anos, a Vale viu o projeto se transformar, na pr\u00e1tica, em um enorme passivo financeiro. Agora, decidiu vender esses ativos, que podem gerar uma conta ambiental dif\u00edcil de calcular.<\/p>\n\n\n\n<p>Segundo apurou o&nbsp;<strong>Estad\u00e3o<\/strong>, a companhia confirma que a \u00e1rea foi invadida e que &#8220;vem sendo objeto de lavra clandestina desde 2014&#8221;. Em rela\u00e7\u00e3o \u00e0s a\u00e7\u00f5es criminosas, a empresa diz que, &#8220;ao longo dos \u00faltimos anos, tomou conhecimento da exist\u00eancia de lavra ilegal em \u00e1rea de direitos miner\u00e1rios da empresa&#8221;. E informou que tem feito den\u00fancias \u00e0 Ag\u00eancia Nacional de Minera\u00e7\u00e3o (ANM) e \u00e0 Pol\u00edcia Federal h\u00e1 oito anos, mas sem obter \u00eaxito na desocupa\u00e7\u00e3o. Por n\u00e3o ser a dona da terra, mas s\u00f3 do direito de extra\u00e7\u00e3o, disse que &#8220;sequer tem acesso ao local ou legitimidade para retirar eventuais invasores&#8221;.<\/p>\n\n\n\n<p>Questionada sobre que medidas tomou, a ANM declarou que &#8220;tem trabalhado no combate \u00e0 lavra ilegal nas \u00e1reas de Vila Uni\u00e3o e Sereno&#8221;, seja por &#8220;opera\u00e7\u00f5es de fiscaliza\u00e7\u00e3o nas minas, seja na comercializa\u00e7\u00e3o do min\u00e9rio de mangan\u00eas, nos portos e \u00e1reas lindeiras&#8221;.<\/p>\n\n\n\n<p>Reportagem publicada pelo&nbsp;<strong>Estad\u00e3o<\/strong>&nbsp;em abril mostrou que a exporta\u00e7\u00e3o de mangan\u00eas tem sido marcada ao longo dos anos por esquemas fraudulentos montados para driblar \u00f3rg\u00e3os de controle.<\/p>\n\n\n\n<h3 class=\"wp-block-heading\"><strong>Empresa desencoraja visitas de interessados por causa da viol\u00eancia<\/strong><\/h3>\n\n\n\n<p>A viol\u00eancia e as amea\u00e7as que cercam a extra\u00e7\u00e3o de mangan\u00eas na regi\u00e3o de Marab\u00e1, no Par\u00e1, levaram a mineradora Vale a declarar aos interessados em adquirir os direitos de minera\u00e7\u00e3o que, caso queiram visitar as oito \u00e1reas em oferta, que fiquem \u00e0 vontade, mas que o fa\u00e7am por conta pr\u00f3pria.<\/p>\n\n\n\n<p>\u00c9 comum, em propostas comerciais de minera\u00e7\u00e3o, que o propriet\u00e1rio organize visitas t\u00e9cnicas com os potenciais compradores &#8211; para que conhe\u00e7am presencialmente a regi\u00e3o que poder\u00e3o adquirir e atestem aquilo que est\u00e1 demonstrado em documentos. N\u00e3o foi o que ocorreu nessa oferta, conforme carta a que a reportagem teve acesso.<\/p>\n\n\n\n<p>&#8220;Em virtude das atividades de lavra clandestina que v\u00eam sendo desenvolvidas por terceiros na \u00e1rea do Projeto Buriti, a Vale n\u00e3o patrocinar\u00e1 visitas ao local&#8221;, disse a mineradora, no documento. E acrescentou: &#8220;As empresas interessadas em enviar oferta dever\u00e3o faz\u00ea-lo, por sua conta e risco, com base nos dados contidos no VDR (banco de dados digital) e em informa\u00e7\u00f5es obtidas diretamente com representantes da Vale&#8221;.<\/p>\n\n\n\n<p>Diversas a\u00e7\u00f5es contra o crime organizado j\u00e1 aconteceram na regi\u00e3o, mas os invasores sempre retornam, e municiados por equipamentos pesados. A lavra do mangan\u00eas feita na regi\u00e3o tem caracter\u00edstica de ser a c\u00e9u aberto, porque se trata de um min\u00e9rio encontrado na superf\u00edcie. As cavas abertas pelos exploradores s\u00e3o de grande dimens\u00e3o porque o neg\u00f3cio s\u00f3 se justifica se realizado em larga escala.<\/p>\n\n\n\n<p>Outra condi\u00e7\u00e3o imposta pela Vale \u00e9 que o comprador fa\u00e7a, prioritariamente, &#8220;pagamentos \u00e0 vista e em dinheiro&#8221;. A companhia n\u00e3o detalha valores e diz que vai se basear na melhor proposta que receber. A venda depende tamb\u00e9m de um aval do Banco Nacional de Desenvolvimento Econ\u00f4mico e Social (BNDES).<\/p>\n\n\n\n<h2 class=\"wp-block-heading\">5 &#8211; Elon Musk diz que equipe jur\u00eddica do Twitter acusou-o de violar acordo de confidencialidade<\/h2>\n\n\n\n<p>Elon Musk disse no s\u00e1bado (14) que a equipe jur\u00eddica do <strong>Twitter<\/strong> (<a href=\"https:\/\/investnews.com.br\/cotacao\/twtr34\/\" class=\"rank-math-link\">TWTR34<\/a>) o acusou de violar um acordo de confidencialidade ao revelar que o tamanho da amostra para as verifica\u00e7\u00f5es da plataforma sobre bots (contas automatizadas) e contas falsas era de 100 perfis.<\/p>\n\n\n\n<p>&#8220;O departamento jur\u00eddico do Twitter acabou de me ligar para reclamar que eu violei seu acordo de confidencialidade ao revelar que o tamanho da amostra de verifica\u00e7\u00e3o de bots \u00e9 de 100 perfis!&#8221;, tuitou Musk, executivo-chefe da fabricante de carros el\u00e9tricos Tesla.<\/p>\n\n\n\n<p>Na sexta-feira, Musk escreveu que seu acordo de 44 bilh\u00f5es de d\u00f3lares para tornar o Twitter uma empresa fechada estava &#8220;temporariamente suspenso&#8221; enquanto ele aguardava dados sobre o tamanho das contas falsas na plataforma.<\/p>\n\n\n\n<p>Ele disse que sua equipe testaria &#8220;uma amostra aleat\u00f3ria de 100 seguidores&#8221; do Twitter para identificar os bots. Sua resposta a uma pergunta motivou a acusa\u00e7\u00e3o do Twitter.<\/p>\n\n\n\n<p>Quando um usu\u00e1rio pediu a Musk para \u201cdar detalhes sobre o processo de filtragem de contas de bots\u201d, ele respondeu: \u201cEu escolhi 100 como o n\u00famero do tamanho da amostra, porque \u00e9 isso que o Twitter usa para calcular &lt;5% falso\/spam\/duplicado&#8221;.<\/p>\n\n\n\n<p>Musk tuitou na madrugada deste domingo que ainda n\u00e3o viu &#8220;qualquer&#8221; an\u00e1lise que mostre que a empresa de m\u00eddia social tem menos de 5% de contas falsas.<\/p>\n\n\n\n<p>Mais tarde, ele disse que &#8220;h\u00e1 alguma chance de ser mais de 90% dos usu\u00e1rios ativos di\u00e1rios&#8221;.<\/p>\n\n\n\n<p><em>* Com informa\u00e7\u00f5es da Reuters e Estad\u00e3o Conte\u00fado.<\/em><br><\/p>\n\n\n\n<p><strong>Veja tamb\u00e9m <\/strong><\/p>\n\n\n\n<ul class=\"wp-block-list\"><li><a href=\"https:\/\/investnews.com.br\/negocios\/cashback-alivia-crise-de-varejistas-mas-requer-estrategia-financeira\/\" class=\"rank-math-link\">Cashback<\/a> alivia crise de varejistas, mas requer estrat\u00e9gia financeira<\/li><li><a href=\"https:\/\/investnews.com.br\/colunistas\/conexao-b3\/como-investir-no-agronegocio-brasileiro\/\" class=\"rank-math-link\">Como investir no agroneg\u00f3cio brasileiro<\/a>?<\/li><li><a href=\"https:\/\/investnews.com.br\/cafeina\/quanto-investir-para-ter-uma-renda-de-r-3-mil-todo-mes\/\" class=\"rank-math-link\">Quanto investir para ter uma renda passiva de R$ 3 mil todo m\u00eas<\/a>?<\/li><li>7 <a href=\"https:\/\/investnews.com.br\/financas\/acoes-que-pagam-dividendos-em-dolar\/\" class=\"rank-math-link\">a\u00e7\u00f5es que pagam dividendos em d\u00f3lar<\/a><\/li><li>Luna virou p\u00f3: <a href=\"https:\/\/investnews.com.br\/criptonews\/luna-virou-po-o-que-acontece-agora-com-as-criptomoedas\/\" class=\"rank-math-link\">o que acontece agora com as criptomoedas<\/a>?<\/li><li><a href=\"https:\/\/investnews.com.br\/financas\/como-declarar-consorcio-no-ir\/\" class=\"rank-math-link\">Como declarar cons\u00f3rcio no Imposto de Renda 2022<\/a>? Veja 3 passos<\/li><li><a rel=\"noreferrer noopener\" target=\"_blank\" href=\"https:\/\/investnews.com.br\/negocios\/balancos-do-1-trimestre-de-2022-veja-o-calendario-completo\/\">Balan\u00e7os do 1\u00b0 trimestre de 2022<\/a>: veja o calend\u00e1rio completo<\/li><\/ul>\n","protected":false},"excerpt":{"rendered":"<p>Ra\u00edzen reportou lucro l\u00edquido ajustado de R$ 209,7 milh\u00f5es no 1\u00ba tri, bastante abaixo da estimativa de analistas compilada pela Refinitiv de R$ 708,2 milh\u00f5es.<\/p>\n","protected":false},"author":7,"featured_media":269276,"comment_status":"closed","ping_status":"open","sticky":false,"template":"","format":"standard","meta":{"_acf_changed":false,"inline_featured_image":false,"footnotes":""},"categories":[5],"tags":[112750,110168,102,2376,1529,208],"autor-wsj":[],"coauthors":[1494],"class_list":["post-327970","post","type-post","status-publish","format-standard","has-post-thumbnail","hentry","category-economia","tag-cyrela","tag-elon-musk","tag-csan3","tag-raizen","tag-twitter","tag-vale"],"acf":[],"amp_enabled":true,"_links":{"self":[{"href":"https:\/\/investnews.com.br\/inv-api\/wp\/v2\/posts\/327970","targetHints":{"allow":["GET"]}}],"collection":[{"href":"https:\/\/investnews.com.br\/inv-api\/wp\/v2\/posts"}],"about":[{"href":"https:\/\/investnews.com.br\/inv-api\/wp\/v2\/types\/post"}],"author":[{"embeddable":true,"href":"https:\/\/investnews.com.br\/inv-api\/wp\/v2\/users\/7"}],"replies":[{"embeddable":true,"href":"https:\/\/investnews.com.br\/inv-api\/wp\/v2\/comments?post=327970"}],"version-history":[{"count":7,"href":"https:\/\/investnews.com.br\/inv-api\/wp\/v2\/posts\/327970\/revisions"}],"predecessor-version":[{"id":719457,"href":"https:\/\/investnews.com.br\/inv-api\/wp\/v2\/posts\/327970\/revisions\/719457"}],"wp:featuredmedia":[{"embeddable":true,"href":"https:\/\/investnews.com.br\/inv-api\/wp\/v2\/media\/269276"}],"wp:attachment":[{"href":"https:\/\/investnews.com.br\/inv-api\/wp\/v2\/media?parent=327970"}],"wp:term":[{"taxonomy":"category","embeddable":true,"href":"https:\/\/investnews.com.br\/inv-api\/wp\/v2\/categories?post=327970"},{"taxonomy":"post_tag","embeddable":true,"href":"https:\/\/investnews.com.br\/inv-api\/wp\/v2\/tags?post=327970"},{"taxonomy":"autor-wsj","embeddable":true,"href":"https:\/\/investnews.com.br\/inv-api\/wp\/v2\/autor-wsj?post=327970"},{"taxonomy":"author","embeddable":true,"href":"https:\/\/investnews.com.br\/inv-api\/wp\/v2\/coauthors?post=327970"}],"curies":[{"name":"wp","href":"https:\/\/api.w.org\/{rel}","templated":true}]}}