{"id":328671,"date":"2022-05-18T08:29:35","date_gmt":"2022-05-18T11:29:35","guid":{"rendered":"https:\/\/investnews.com.br\/?p=328671"},"modified":"2024-06-24T11:06:25","modified_gmt":"2024-06-24T14:06:25","slug":"morning-call-cenario-politico-interno-no-radar-desta-quarta-feira","status":"publish","type":"post","link":"https:\/\/investnews.com.br\/financas\/morning-call-cenario-politico-interno-no-radar-desta-quarta-feira\/","title":{"rendered":"Morning Call: cen\u00e1rio pol\u00edtico interno no radar desta quarta-feira"},"content":{"rendered":"\n<h2 class=\"wp-block-heading\"><strong>Cen\u00e1rio Global e de Bolsa de Valores<\/strong><\/h2>\n\n\n\n<p>As a\u00e7\u00f5es da China ca\u00edram na quarta-feira ap\u00f3s recupera\u00e7\u00e3o recente, pressionadas pelos temores de que as pol\u00edticas anunciadas por Pequim n\u00e3o sejam suficientes para reanimar a economia devastada pelo coronav\u00edrus.<\/p>\n\n\n\n<p>O \u00edndice CSI300, que re\u00fane as maiores companhias listadas em Xangai e Shenzhen, caiu 0,35% no dia, enquanto o \u00edndice de Xangai teve queda de 0,25%.<br><br>Enquanto isso na Europa, a infla\u00e7\u00e3o registrou n\u00edvel recorde em abril de 7,4%, impulsionada pelo aumento dos custos de combust\u00edvel e alimentos, informou nesta quarta-feira a ag\u00eancia de estat\u00edsticas da UE, baixando sua estimativa preliminar de 7,5%.<br><br>Esse resultado da infla\u00e7\u00e3o na zona do euro \u00e9 a principal raz\u00e3o pela qual o BCE deve aumentar as taxas de juros em julho, dando in\u00edcio ao que provavelmente ser\u00e1 uma sequ\u00eancia de movimentos que pode elevar sua taxa de dep\u00f3sito de -0,5% de volta ao territ\u00f3rio positivo antes do final do ano.<br><br>As bolsas americanas encerraram a sess\u00e3o em alta expressiva na ter\u00e7a-feira, impulsionado por <a href=\"https:\/\/investnews.com.br\/negocios\/historia-da-apple\/\">Apple<\/a>, Tesla e outras a\u00e7\u00f5es de megacapitaliza\u00e7\u00e3o depois que fortes vendas no varejo em abril aliviaram preocupa\u00e7\u00f5es com a desacelera\u00e7\u00e3o do crescimento econ\u00f4mico. <br><br>Powell, presidente do Federal Reserve, refor\u00e7ou em seu discurso que o foco do Fed \u00e9 combater a infla\u00e7\u00e3o por meio de aumento dos juros, e que a economia dos EUA est\u00e1 forte o suficiente para suportar o aperto monet\u00e1rio, voltando a ter estabilidade de pre\u00e7os sem enfraquecer demais seu crescimento ou o mercado de trabalho.<br><br>Na abertura, Londres operava em queda de 0,11%; Frankfurt, +0,03%; Paris, -0,13% e Madrid, +0,49%. J\u00e1 os futuros americanos: Dow Jones (-0,28%), S&amp;P 500 (-0,45%), Nasdaq (-0,70%); Petr\u00f3leo: Brent a USD 112,77 (+0,80%); WTI a USD 110,83 (+1,08%); Ouro: -0,16%; USD 1.816,00 a on\u00e7a-<em>troy<\/em>.<\/p>\n\n\n\n<h2 class=\"wp-block-heading\"><strong>Cen\u00e1rio no Brasil e Ibovespa<\/strong><\/h2>\n\n\n\n<p>No Brasil,\u00a0declara\u00e7\u00f5es nesta quarta-feira do ministro da Economia e do presidente do Banco Central entram no radar dos mercados, tanto o ministro Paulo Guedes quanto Roberto Campos Neto participam nesta manh\u00e3 do Congresso &#8220;Mercado Global de Carbono: Descarboniza\u00e7\u00e3o e Investimentos Verdes&#8221;, promovido pelo Banco do Brasil e pela Petrobras no Rio de Janeiro.<br><br>Ainda, o mercado pode repercutir a decis\u00e3o do presidente Jair Bolsonaro de ingressar com a\u00e7\u00e3o no Supremo Tribunal Federal (STF) contra o ministro Alexandre de Moraes, alegando abuso de autoridade, de acordo com nota do presidente distribu\u00edda pelo l\u00edder do governo na C\u00e2mara, Ricardo Barros.<br><br>O d\u00f3lar fechou em queda de 2,14%, nesta ter\u00e7a-feira, encerrando o dia a R$ 4,94.<\/p>\n\n\n\n<p>O Ibovespa encerrou o dia em +0,51%, a 108.789 pontos. O volume financeiro foi de R$ 29,9 bilh\u00f5es.<br><br>Do ponto de vista t\u00e9cnico de longo prazo, com o dom\u00ednio da for\u00e7a compradora da \u00faltima semana, o Ibovespa ensaia a regress\u00e3o \u00e0 m\u00e9dia exponencial de 9 per\u00edodos (MME9), ou o repique que j\u00e1 era aguardado h\u00e1 duas semanas, na regi\u00e3o dos 110.350 pontos. <br><br>No curto prazo o IBOV tem forte resist\u00eancia da regi\u00e3o dos 111.100 at\u00e9 112.000 pontos, intervalo entre as m\u00e9dias m\u00f3veis de 55 e 200 per\u00edodos. Para uma sequ\u00eancia ou retomada altista, se faz necess\u00e1rio o rompimento dessas regi\u00f5es com encerramento acima dessa faixa de valores nas pr\u00f3ximas semanas. <\/p>\n\n\n\n<figure class=\"wp-block-image size-large\"><img decoding=\"async\" src=\"https:\/\/media.investnews.com.br\/uploads\/2022\/05\/image-21-1024x596.png\" alt=\"\" class=\"wp-image-328672\" \/><\/figure>\n\n\n\n<p><strong>Indicadores econ\u00f4micos e eventos<br>BRA<\/strong><br>12:00 &#8211; Fluxo Cambial Estrangeiro<br><br><strong>EUA<\/strong><br>09:30 &#8211; Licen\u00e7as de Constru\u00e7\u00e3o (Abr)<br>11:30 &#8211; Estoques de Petr\u00f3leo Bruto <br><br><strong>EUR<\/strong><br>06:00 &#8211; IPC (Anual) (Abr)<br>12:00 &#8211; Discurso de McCaul, membro do BCE \u00a0<\/p>\n","protected":false},"excerpt":{"rendered":"<p>Os principais fatos que podem impactar os mercados e uma breve an\u00e1lise do nosso \u00edndice Bovespa.<\/p>\n","protected":false},"author":56,"featured_media":314272,"comment_status":"closed","ping_status":"open","sticky":false,"template":"","format":"standard","meta":{"_acf_changed":false,"inline_featured_image":false,"footnotes":""},"categories":[4],"tags":[226,1669,722,1357,721,155,236,479,52],"autor-wsj":[],"coauthors":[2470],"class_list":["post-328671","post","type-post","status-publish","format-standard","has-post-thumbnail","hentry","category-financas","tag-bolsa-de-valores","tag-bolsas-americanas","tag-bolsas-asiaticas","tag-bolsas-de-nova-york","tag-bolsas-europeias","tag-brasil","tag-eua","tag-fed","tag-inflacao"],"acf":[],"amp_enabled":true,"_links":{"self":[{"href":"https:\/\/investnews.com.br\/inv-api\/wp\/v2\/posts\/328671","targetHints":{"allow":["GET"]}}],"collection":[{"href":"https:\/\/investnews.com.br\/inv-api\/wp\/v2\/posts"}],"about":[{"href":"https:\/\/investnews.com.br\/inv-api\/wp\/v2\/types\/post"}],"author":[{"embeddable":true,"href":"https:\/\/investnews.com.br\/inv-api\/wp\/v2\/users\/56"}],"replies":[{"embeddable":true,"href":"https:\/\/investnews.com.br\/inv-api\/wp\/v2\/comments?post=328671"}],"version-history":[{"count":3,"href":"https:\/\/investnews.com.br\/inv-api\/wp\/v2\/posts\/328671\/revisions"}],"predecessor-version":[{"id":328675,"href":"https:\/\/investnews.com.br\/inv-api\/wp\/v2\/posts\/328671\/revisions\/328675"}],"wp:featuredmedia":[{"embeddable":true,"href":"https:\/\/investnews.com.br\/inv-api\/wp\/v2\/media\/314272"}],"wp:attachment":[{"href":"https:\/\/investnews.com.br\/inv-api\/wp\/v2\/media?parent=328671"}],"wp:term":[{"taxonomy":"category","embeddable":true,"href":"https:\/\/investnews.com.br\/inv-api\/wp\/v2\/categories?post=328671"},{"taxonomy":"post_tag","embeddable":true,"href":"https:\/\/investnews.com.br\/inv-api\/wp\/v2\/tags?post=328671"},{"taxonomy":"autor-wsj","embeddable":true,"href":"https:\/\/investnews.com.br\/inv-api\/wp\/v2\/autor-wsj?post=328671"},{"taxonomy":"author","embeddable":true,"href":"https:\/\/investnews.com.br\/inv-api\/wp\/v2\/coauthors?post=328671"}],"curies":[{"name":"wp","href":"https:\/\/api.w.org\/{rel}","templated":true}]}}