{"id":330191,"date":"2022-05-23T20:24:02","date_gmt":"2022-05-23T23:24:02","guid":{"rendered":"https:\/\/investnews.com.br\/?p=330191"},"modified":"2024-06-24T12:03:48","modified_gmt":"2024-06-24T15:03:48","slug":"doria-desiste-de-candidatura-ipca-15-e-icms-dos-combustiveis-o-que-esperar","status":"publish","type":"post","link":"https:\/\/investnews.com.br\/financas\/doria-desiste-de-candidatura-ipca-15-e-icms-dos-combustiveis-o-que-esperar\/","title":{"rendered":"D\u00f3ria desiste de candidatura; IPCA-15 e ICMS dos combust\u00edveis, o que esperar?"},"content":{"rendered":"\n<figure class=\"wp-block-embed-youtube wp-block-embed is-type-video is-provider-youtube wp-embed-aspect-16-9 wp-has-aspect-ratio\"><div class=\"wp-block-embed__wrapper\">\n<iframe loading=\"lazy\" title=\"D\u00f3ria desiste de candidatura; e mais: IPCA-15 e ICMS dos combust\u00edveis, o que esperar?\" width=\"500\" height=\"281\" src=\"https:\/\/www.youtube.com\/embed\/pSqxWB7DH5M?feature=oembed\" frameborder=\"0\" allow=\"accelerometer; autoplay; clipboard-write; encrypted-media; gyroscope; picture-in-picture; web-share\" referrerpolicy=\"strict-origin-when-cross-origin\" allowfullscreen><\/iframe>\n<\/div><\/figure>\n\n\n\n<p>O ex-governador de S\u00e3o Paulo Jo\u00e3o Doria anunciou nesta segunda-feira (23) a desist\u00eancia da sua pr\u00e9-candidatura \u00e0 Presid\u00eancia da Rep\u00fablica pelo PSDB na elei\u00e7\u00e3o de outubro. A expectativa agora \u00e9 que a sigla apoie a candidatura da senadora Simone Tebet (MDB), como op\u00e7\u00e3o para a terceira via. De que forma essa decis\u00e3o pode afetar o mercado? <\/p>\n\n\n\n<p>E mais: a C\u00e2mara dos Deputados pode votar nesta ter\u00e7a-feira (24) o projeto que limita al\u00edquotas de tributos sobre energia e combust\u00edveis. Outro assunto que se mant\u00e9m no radar do mercado \u00e9 a divulga\u00e7\u00e3o do IPCA-15 (pr\u00e9via da infla\u00e7\u00e3o) referente ao m\u00eas de maio. O que esperar? Vem mais infla\u00e7\u00e3o por ai? <\/p>\n\n\n\n<p>O BLTM traz ainda um resumo das not\u00edcias que mexeram com o fechamento do mercado, com a cota\u00e7\u00e3o do d\u00f3lar e do Ibovespa do dia, al\u00e9m das a\u00e7\u00f5es que mais subiram e mais ca\u00edram. <\/p>\n\n\n\n<p>A apresenta\u00e7\u00e3o \u00e9 da jornalista Erica Martin, com coment\u00e1rios de \u00c2ngela Tosatto e Eduardo Perez, analistas de investimentos da NuInvest. <\/p>\n","protected":false},"excerpt":{"rendered":"<p>Programa traz ainda um resumo das not\u00edcias que mexeram com o fechamento do mercado, com a cota\u00e7\u00e3o do d\u00f3lar e do Ibovespa do dia.<\/p>\n","protected":false},"author":53,"featured_media":330195,"comment_status":"closed","ping_status":"open","sticky":false,"template":"","format":"standard","meta":{"_acf_changed":false,"inline_featured_image":false,"footnotes":""},"categories":[4],"tags":[763],"autor-wsj":[],"coauthors":[2433,2470,2364],"class_list":["post-330191","post","type-post","status-publish","format-standard","has-post-thumbnail","hentry","category-financas","tag-eleicoes"],"acf":[],"amp_enabled":true,"_links":{"self":[{"href":"https:\/\/investnews.com.br\/inv-api\/wp\/v2\/posts\/330191","targetHints":{"allow":["GET"]}}],"collection":[{"href":"https:\/\/investnews.com.br\/inv-api\/wp\/v2\/posts"}],"about":[{"href":"https:\/\/investnews.com.br\/inv-api\/wp\/v2\/types\/post"}],"author":[{"embeddable":true,"href":"https:\/\/investnews.com.br\/inv-api\/wp\/v2\/users\/53"}],"replies":[{"embeddable":true,"href":"https:\/\/investnews.com.br\/inv-api\/wp\/v2\/comments?post=330191"}],"version-history":[{"count":6,"href":"https:\/\/investnews.com.br\/inv-api\/wp\/v2\/posts\/330191\/revisions"}],"predecessor-version":[{"id":330203,"href":"https:\/\/investnews.com.br\/inv-api\/wp\/v2\/posts\/330191\/revisions\/330203"}],"wp:featuredmedia":[{"embeddable":true,"href":"https:\/\/investnews.com.br\/inv-api\/wp\/v2\/media\/330195"}],"wp:attachment":[{"href":"https:\/\/investnews.com.br\/inv-api\/wp\/v2\/media?parent=330191"}],"wp:term":[{"taxonomy":"category","embeddable":true,"href":"https:\/\/investnews.com.br\/inv-api\/wp\/v2\/categories?post=330191"},{"taxonomy":"post_tag","embeddable":true,"href":"https:\/\/investnews.com.br\/inv-api\/wp\/v2\/tags?post=330191"},{"taxonomy":"autor-wsj","embeddable":true,"href":"https:\/\/investnews.com.br\/inv-api\/wp\/v2\/autor-wsj?post=330191"},{"taxonomy":"author","embeddable":true,"href":"https:\/\/investnews.com.br\/inv-api\/wp\/v2\/coauthors?post=330191"}],"curies":[{"name":"wp","href":"https:\/\/api.w.org\/{rel}","templated":true}]}}