{"id":330230,"date":"2022-05-23T21:56:17","date_gmt":"2022-05-24T00:56:17","guid":{"rendered":"https:\/\/investnews.com.br\/?p=330230"},"modified":"2022-05-23T22:34:01","modified_gmt":"2022-05-24T01:34:01","slug":"ceo-da-petrobras-e-demitido-do-cargo-dizem-sites","status":"publish","type":"post","link":"https:\/\/investnews.com.br\/economia\/ceo-da-petrobras-e-demitido-do-cargo-dizem-sites\/","title":{"rendered":"Governo demite CEO da Petrobras e indica Caio Paes de Andrade"},"content":{"rendered":"\n<p>O presidente da <strong>Petrobras<\/strong> (<a href=\"https:\/\/investnews.com.br\/cotacao\/petr3-petr4-petrobras\/\" class=\"rank-math-link\">PETR3; PETR4<\/a>), <strong>Jos\u00e9 Mauro Ferreira Coelho<\/strong>, foi dispensado do cargo que assumiu h\u00e1 40 dias, segundo informa\u00e7\u00f5es divulgadas pelo minist\u00e9rio de Minas e Energia na noite desta segunda-feira (23). <\/p>\n\n\n\n<p>\u00c9 a terceira demiss\u00e3o na chefia da estatal desde o in\u00edcio do governo de Jair Bolsonaro, todas motivadas pela tentativa do presidente de resolver a crise causada pelo aumento constante dos pre\u00e7os dos combust\u00edveis. <\/p>\n\n\n\n<p>&#8220;O Governo consigna ao presidente Jos\u00e9 Mauro os agradecimentos pelos resultados alcan\u00e7ados em sua gest\u00e3o, frente \u00e0 Petrobras. O Brasil vive atualmente um momento desafiador, decorrente dos efeitos da extrema <a href=\"https:\/\/investnews.com.br\/guias\/volatilidade-o-que-e\/\">volatilidade<\/a> dos hidrocarbonetos nos mercados internacionais\u201d, diz comunicado do governo.<\/p>\n\n\n\n<p>Mauro Coelho havia sido indicado ao posto em abril, ap\u00f3s o presidente <strong>Jair Bolsonaro<\/strong> ter decidido tirar o general <strong>Joaquim Silva e Luna<\/strong> do comando da empresa, na esteira de uma sequ\u00eancia de reclama\u00e7\u00f5es de Bolsonaro sobre o aumento dos&nbsp;<a rel=\"noreferrer noopener\" href=\"https:\/\/investnews.com.br\/economia\/preco-da-gasolina-no-mundo\/\" target=\"_blank\">pre\u00e7os dos combust\u00edveis<\/a>. <\/p>\n\n\n\n<p>Inicialmente, o economista&nbsp;<a rel=\"noreferrer noopener\" href=\"https:\/\/investnews.com.br\/economia\/quem-e-adriano-pires\/\" target=\"_blank\">Adriano Pires<\/a>&nbsp;havia sido indicado pelo governo para olugar de Silva e Luna, mas ele recusou o convite informando conflito de interesses. Antes do general, Roberto Castello Branco ocupou a presid\u00eancia da estatal na gest\u00e3o de Bolsonaro.<\/p>\n\n\n\n<h2 class=\"wp-block-heading\">Caio Paes de Andrade \u00e9 indicado ao cargo<\/h2>\n\n\n\n<figure class=\"wp-block-image size-large\"><img loading=\"lazy\" decoding=\"async\" width=\"1024\" height=\"683\" src=\"https:\/\/media.investnews.com.br\/uploads\/2022\/05\/Caiomarioccjc.jpg\" alt=\"Caio Paes\" class=\"wp-image-330258\" srcset=\"https:\/\/media.investnews.com.br\/uploads\/2022\/05\/Caiomarioccjc.jpg 1024w, https:\/\/media.investnews.com.br\/uploads\/2022\/05\/Caiomarioccjc-300x200.jpg 300w, https:\/\/media.investnews.com.br\/uploads\/2022\/05\/Caiomarioccjc-768x512.jpg 768w, https:\/\/media.investnews.com.br\/uploads\/2022\/05\/Caiomarioccjc-172x115.jpg 172w, https:\/\/media.investnews.com.br\/uploads\/2022\/05\/Caiomarioccjc-150x100.jpg 150w\" sizes=\"auto, (max-width: 1024px) 100vw, 1024px\" \/><figcaption>Caio Paes de Andrade\/Divulga\u00e7\u00e3o<\/figcaption><\/figure>\n\n\n\n<p>O minist\u00e9rio informou que o governo decidiu convidar <strong>Caio M\u00e1rio Paes de Andrade<\/strong> para exercer o comando da Petrobras. Segundo a pasta, ele \u00e9 formado em Comunica\u00e7\u00e3o Social pela Universidade Paulista, p\u00f3s-graduado em Administra\u00e7\u00e3o e Gest\u00e3o pela Harvard University e mestre em Administra\u00e7\u00e3o pela Duke University. <\/p>\n\n\n\n<p>Andrade \u00e9 hoje secret\u00e1rio especial de Desburocratiza\u00e7\u00e3o, Gest\u00e3o e Governo Digital no Minist\u00e9rio da Economia e pr\u00f3ximo ao ministro Paulo Guedes. Segundo o minist\u00e9rio, ele &#8220;re\u00fane todos as qualifica\u00e7\u00f5es para liderar a companhia a superar os desafios que a presente conjuntura imp\u00f5e&#8221;.<\/p>\n\n\n\n<p>No dia 11 de maio, o governo demitiu o ent\u00e3o ministro de Minas e Energia, <strong>Bento Albuquerque<\/strong>,&nbsp;n\u00e3o \u00e9 mais o&nbsp;<strong>ministro de Minas e Energia<\/strong>, que foi substitu\u00eddo por <strong>Adolfo Sachsida<\/strong>, servidor de carreira do Instituto de Pesquisa Econ\u00f4mica Aplicada (Ipea). Pr\u00f3ximo do ministro Paulo Guedes, ele ocupava a chefia da Assessoria Especial de Assuntos Estrat\u00e9gicos do minist\u00e9rio da Economia. <\/p>\n\n\n\n<h2 class=\"wp-block-heading\">Quem \u00e9 Jos\u00e9 Mauro Coelho<\/h2>\n\n\n\n<p>Jos\u00e9 Mauro Ferreira Coelho ingressou, em 2007, na Empresa de Pesquisa Energ\u00e9tica (EPE), onde permaneceu at\u00e9 2020, quando ocupava o posto de Diretor de Estudos do Petr\u00f3leo, G\u00e1s e Biocombust\u00edveis.<\/p>\n\n\n\n<p>Entre 2020 e 2021, atuou como Secret\u00e1rio de Petr\u00f3leo, G\u00e1s Natural e Biocombust\u00edveis no Minist\u00e9rio de Minas e Energia (MME) e desde 2020 atua como presidente do conselho de administra\u00e7\u00e3o da Empresa Brasileira de Administra\u00e7\u00e3o de Petr\u00f3leo e G\u00e1s Natural (PPSA).<\/p>\n\n\n\n<p>Coelho \u00e9 formado em qu\u00edmica industrial pelas Faculdades Reunidas Professor Nuno Lisboa, tem especializa\u00e7\u00e3o em Ci\u00eancias dos Materiais pelo Instituto Nacional de Tecnologia (INT), mestrado em Engenharia dos Materiais pelo Instituto Militar de Engenharia (IME) e doutorado em Planejamento Energ\u00e9tico pelo Programa de Planejamento Energ\u00e9tico da Universidade Federal do Rio de Janeiro (UFRJ).&nbsp; <\/p>\n","protected":false},"excerpt":{"rendered":"<p>Ele ficou apenas 40 dias comando da estatal; \u00e9 a terceira demiss\u00e3o na chefia da petroleira durante governo Bolsonaro.<\/p>\n","protected":false},"author":7,"featured_media":320346,"comment_status":"closed","ping_status":"open","sticky":false,"template":"","format":"standard","meta":{"_acf_changed":false,"inline_featured_image":false,"footnotes":""},"categories":[5],"tags":[653,234,21],"autor-wsj":[],"coauthors":[1494],"class_list":["post-330230","post","type-post","status-publish","format-standard","has-post-thumbnail","hentry","category-economia","tag-combustiveis","tag-jair-bolsonaro","tag-petrobras"],"acf":[],"amp_enabled":true,"_links":{"self":[{"href":"https:\/\/investnews.com.br\/inv-api\/wp\/v2\/posts\/330230","targetHints":{"allow":["GET"]}}],"collection":[{"href":"https:\/\/investnews.com.br\/inv-api\/wp\/v2\/posts"}],"about":[{"href":"https:\/\/investnews.com.br\/inv-api\/wp\/v2\/types\/post"}],"author":[{"embeddable":true,"href":"https:\/\/investnews.com.br\/inv-api\/wp\/v2\/users\/7"}],"replies":[{"embeddable":true,"href":"https:\/\/investnews.com.br\/inv-api\/wp\/v2\/comments?post=330230"}],"version-history":[{"count":31,"href":"https:\/\/investnews.com.br\/inv-api\/wp\/v2\/posts\/330230\/revisions"}],"predecessor-version":[{"id":330263,"href":"https:\/\/investnews.com.br\/inv-api\/wp\/v2\/posts\/330230\/revisions\/330263"}],"wp:featuredmedia":[{"embeddable":true,"href":"https:\/\/investnews.com.br\/inv-api\/wp\/v2\/media\/320346"}],"wp:attachment":[{"href":"https:\/\/investnews.com.br\/inv-api\/wp\/v2\/media?parent=330230"}],"wp:term":[{"taxonomy":"category","embeddable":true,"href":"https:\/\/investnews.com.br\/inv-api\/wp\/v2\/categories?post=330230"},{"taxonomy":"post_tag","embeddable":true,"href":"https:\/\/investnews.com.br\/inv-api\/wp\/v2\/tags?post=330230"},{"taxonomy":"autor-wsj","embeddable":true,"href":"https:\/\/investnews.com.br\/inv-api\/wp\/v2\/autor-wsj?post=330230"},{"taxonomy":"author","embeddable":true,"href":"https:\/\/investnews.com.br\/inv-api\/wp\/v2\/coauthors?post=330230"}],"curies":[{"name":"wp","href":"https:\/\/api.w.org\/{rel}","templated":true}]}}