{"id":330326,"date":"2022-05-24T10:36:52","date_gmt":"2022-05-24T13:36:52","guid":{"rendered":"https:\/\/investnews.com.br\/?p=330326"},"modified":"2022-05-24T17:53:46","modified_gmt":"2022-05-24T20:53:46","slug":"ibovespa-dolar-cotacao-24-05-2022","status":"publish","type":"post","link":"https:\/\/investnews.com.br\/financas\/ibovespa-dolar-cotacao-24-05-2022\/","title":{"rendered":"Ibovespa fecha em alta mesmo com recuo de Petrobras; d\u00f3lar sobe"},"content":{"rendered":"\n<p>O <strong>Ibovespa<\/strong>, principal \u00edndice da bolsa brasileira, reverteu a queda e encerrou o preg\u00e3o com leve avan\u00e7o nesta ter\u00e7a-feira (24), mesmo com a queda nos pap\u00e9is da<strong> Petrobras<\/strong> (<a rel=\"noreferrer noopener\" href=\"https:\/\/investnews.com.br\/cotacao\/petr3-petr4-petrobras\/\" target=\"_blank\">PETR3; PETR4<\/a>), ap\u00f3s o governo federal ter decidido promover uma <a href=\"https:\/\/investnews.com.br\/economia\/ceo-da-petrobras-e-demitido-do-cargo-dizem-sites\/\" class=\"rank-math-link\">nova troca de comando na da companhia<\/a>. O mercado tamb\u00e9m reagiu ao dado da <a href=\"https:\/\/investnews.com.br\/economia\/ipca-15-sobe-059-em-maio-acima-da-expectativa\/\" class=\"rank-math-link\">infla\u00e7\u00e3o medida pelo IPCA-15<\/a> em maio, que veio acima do estimado pelo mercado, embora com desacelera\u00e7\u00e3o firme ante abril.<\/p>\n\n\n\n<p>O d\u00f3lar oscilou entre perdas e ganhos expressivos e acabou encerrando as opera\u00e7\u00f5es no mercado \u00e0 vista com apenas modesta alta, conforme a moeda manteve sua consolida\u00e7\u00e3o no exterior um dia antes de o banco central norte-americano emitir nova sinaliza\u00e7\u00e3o de pol\u00edtica monet\u00e1ria.<\/p>\n\n\n\n<p>No dia, o Ibovespa subiu <strong>0,21%<\/strong>, aos <strong>110.580 pontos<\/strong>. J\u00e1 o d\u00f3lar <strong>diminuiu o rimo de ganhos e avan\u00e7ou 0,16%<\/strong>, negociado a <strong>R$ 4,8123<\/strong>.<\/p>\n\n\n\n<ul class=\"wp-block-list\"><li><em>Cota\u00e7\u00e3o do&nbsp;<a rel=\"noreferrer noopener\" target=\"_blank\" href=\"https:\/\/investnews.com.br\/cotacao\/\">Ibovespa hoje<\/a><\/em><\/li><li><em>Cota\u00e7\u00e3o do&nbsp;<a rel=\"noreferrer noopener\" target=\"_blank\" href=\"https:\/\/investnews.com.br\/cotacao\/cambio\/\">d\u00f3lar hoje<\/a><\/em><\/li><li><em>Cota\u00e7\u00e3o de&nbsp;<a rel=\"noreferrer noopener\" target=\"_blank\" href=\"https:\/\/investnews.com.br\/cotacao\/criptomoedas\/\">criptomoedas hoje<\/a><\/em><\/li><\/ul>\n\n\n\n<h2 class=\"wp-block-heading\">Petrobras<\/h2>\n\n\n\n<p>O governo brasileiro convidou <strong><a href=\"https:\/\/investnews.com.br\/economia\/quem-e-o-novo-presidente-da-petrobras-caio-paes-de-andrade\/\" class=\"rank-math-link\">Caio Paes de Andrade<\/a><\/strong> para assumir o comando da Petrobras no lugar de Jos\u00e9 Mauro Ferreira Coelho, que foi demitido do cargo na noite desta segunda-feira (23) ap\u00f3s ocupar a posi\u00e7\u00e3o por apenas 40 dias.  <\/p>\n\n\n\n<p>Na abertura dos neg\u00f3cios desta ter\u00e7a-feira, as <strong><a href=\"https:\/\/investnews.com.br\/guias\/acoes-ordinarias-e-preferenciais-entenda\/\">a\u00e7\u00f5es preferenciais<\/a> da petroleira chegaram a cair 3,7%<\/strong>, ap\u00f3s suas ADRs (recibos da a\u00e7\u00e3o negociado em Nova York) chegarem a despencar 11% no pr\u00e9-mercado (negocia\u00e7\u00f5es antes do preg\u00e3o). <\/p>\n\n\n\n<h2 class=\"wp-block-heading\">IPCA-15<\/h2>\n\n\n\n<p>Ainda nesta sess\u00e3o, dados do IBGE mostraram que o IPCA-15, considerado pr\u00e9via da infla\u00e7\u00e3o brasileira, desacelerou a alta a 0,59% em maio, resultado bem acima da expectativa em pesquisa da Reuters, de avan\u00e7o de 0,45%. <\/p>\n\n\n\n<p>Marcelo Boragini, especialista em <a href=\"https:\/\/investnews.com.br\/guias\/renda-variavel-o-que-e-e-como-investir\/\">renda vari\u00e1vel<\/a> da Davos Investimentos, disse que a leitura refor\u00e7a expectativas de que o Banco Central continuar\u00e1 elevando os juros, como evidenciado pelo avan\u00e7o das taxas dos principais DIs no dia.<\/p>\n\n\n\n<h2 class=\"wp-block-heading\">Bolsas mundiais<\/h2>\n\n\n\n<h3 class=\"wp-block-heading\">Wall Street<\/h3>\n\n\n\n<p>Os \u00edndices S&amp;P 500 e Nasdaq fecharam em territ\u00f3rio negativo nesta ter\u00e7a-feira, conforme preocupa\u00e7\u00f5es de que medidas agressivas para conter o crescimento da infla\u00e7\u00e3o recorde possam levar a economia dos Estados Unidos \u00e0 recess\u00e3o diminu\u00edram o apetite por risco de investidores.<\/p>\n\n\n\n<p>Segundo dados preliminares, o Dow Jones subiu 0,16%, para 31.931,06 pontos. O S&amp;P 500 perdeu 0,79%, para 3.942,21 pontos. O \u00edndice de tecnologia Nasdaq caiu 2,35%, para 11.264,45 pontos.<\/p>\n\n\n\n<h2 class=\"wp-block-heading\">Europa <\/h2>\n\n\n\n<p>As a\u00e7\u00f5es europeias fecharam em baixa nesta ter\u00e7a-feira, acompanhando perdas nas bolsas globais ap\u00f3s dados de expans\u00e3o de neg\u00f3cios para maio renovarem preocupa\u00e7\u00f5es dos investidores sobre a desacelera\u00e7\u00e3o do crescimento econ\u00f4mico e o aperto da pol\u00edtica monet\u00e1ria.<\/p>\n\n\n\n<p>O \u00edndice pan-europeu STOXX 600 fechou em queda de 1,14%, a 431,58 pontos, e devolveu quase todos os ganhos de segunda-feira.<\/p>\n\n\n\n<p>O crescimento empresarial na zona do euro desacelerou neste m\u00eas e a escassez de mat\u00e9rias-primas impediu a expans\u00e3o na ind\u00fastria, de acordo com dados preliminares do \u00cdndice de Gerentes de Compras (PMI). Isso aumentou as preocupa\u00e7\u00f5es com o crescimento global.<\/p>\n\n\n\n<p>&#8220;As nuvens est\u00e3o se acumulando acima da economia da zona do euro&#8221;, disse Bert Colijn, economista s\u00eanior para zona do euro do ING. &#8220;E a quest\u00e3o \u00e9 realmente por quanto tempo o setor de servi\u00e7os pode continuar lucrando com os consumidores&#8230; j\u00e1 que tamb\u00e9m vemos que o poder de compra est\u00e1 sob extrema press\u00e3o devido \u00e0 infla\u00e7\u00e3o alta.&#8221;<\/p>\n\n\n\n<p>Todos os principais setores registraram decl\u00ednios amplos, com a\u00e7\u00f5es de luxo e varejistas, que s\u00e3o afetadas quando a renda dispon\u00edvel \u00e9 reduzida, na lanterna.<\/p>\n\n\n\n<p>O STOXX 600 recua mais de 12% em rela\u00e7\u00e3o \u00e0s m\u00e1ximas deste ano, atingidas no in\u00edcio de janeiro.<\/p>\n\n\n\n<ul class=\"wp-block-list\"><li>Em LONDRES, o \u00edndice Financial Times recuou 0,39%, a 7.484,35 pontos.<\/li><li>Em FRANKFURT, o \u00edndice DAX caiu 1,80%, a 13.919,75 pontos.<\/li><li>Em PARIS, o \u00edndice CAC-40 perdeu 1,66%, a 6.253,14 pontos.<\/li><li>Em MIL\u00c3O, o \u00edndice Ftse\/Mib teve desvaloriza\u00e7\u00e3o de 1,08%, a 23.876,08 pontos.<\/li><li>Em MADRI, o \u00edndice Ibex-35 registrou alta de 0,06%, a 8.631,20 pontos.<\/li><li>Em LISBOA, o \u00edndice PSI20 valorizou-se 0,85%, a 6.130,90 pontos.<\/li><\/ul>\n\n\n\n<h3 class=\"wp-block-heading\">\u00c1sia e Pac\u00edfico<\/h3>\n\n\n\n<p>As a\u00e7\u00f5es da China e de Hong Kong ca\u00edram nesta ter\u00e7a-feira j\u00e1 que medidas mais rigorosas contra a Covid-19 em Pequim reacenderam as preocupa\u00e7\u00f5es com a desacelera\u00e7\u00e3o do crescimento, apesar das promessas de mais apoio econ\u00f4mico.<\/p>\n\n\n\n<ul class=\"wp-block-list\"><li>Em T\u00d3QUIO, o \u00edndice Nikkei recuou 0,94%, a 26.748 pontos.<\/li><li>Em HONG KONG, o \u00edndice HANG SENG caiu 1,75%, a 20.112 pontos.<\/li><li>Em XANGAI, o \u00edndice SSEC perdeu 2,41%, a 3.070 pontos.<\/li><li>O \u00edndice CSI300, que re\u00fane as maiores companhias listadas em XANGAI e SHENZHEN, retrocedeu 2,34%, a 3.959 pontos.<\/li><li>Em SEUL, o \u00edndice KOSPI teve desvaloriza\u00e7\u00e3o de 1,57%, a 2.605 pontos.<\/li><li>Em TAIWAN, o \u00edndice TAIEX registrou baixa de 1,19%, a 15.963 pontos.<\/li><li>Em CINGAPURA, o \u00edndice STRAITS TIMES desvalorizou-se 0,58%, a 3.195 pontos.<\/li><li>Em SYDNEY o \u00edndice S&amp;P\/ASX 200 recuou 0,28%, a 7.128 pontos.<\/li><\/ul>\n\n\n\n<p><em>*Com informa\u00e7\u00f5es da Reuters<\/em>.<\/p>\n","protected":false},"excerpt":{"rendered":"<p>Pap\u00e9is da petroleira tiveram desempenho negativo em dia de mudan\u00e7a na sua presid\u00eancia.<\/p>\n","protected":false},"author":7,"featured_media":326009,"comment_status":"closed","ping_status":"open","sticky":false,"template":"","format":"standard","meta":{"_acf_changed":false,"inline_featured_image":false,"footnotes":""},"categories":[4],"tags":[226],"autor-wsj":[],"coauthors":[1494],"class_list":["post-330326","post","type-post","status-publish","format-standard","has-post-thumbnail","hentry","category-financas","tag-bolsa-de-valores"],"acf":[],"amp_enabled":true,"_links":{"self":[{"href":"https:\/\/investnews.com.br\/inv-api\/wp\/v2\/posts\/330326","targetHints":{"allow":["GET"]}}],"collection":[{"href":"https:\/\/investnews.com.br\/inv-api\/wp\/v2\/posts"}],"about":[{"href":"https:\/\/investnews.com.br\/inv-api\/wp\/v2\/types\/post"}],"author":[{"embeddable":true,"href":"https:\/\/investnews.com.br\/inv-api\/wp\/v2\/users\/7"}],"replies":[{"embeddable":true,"href":"https:\/\/investnews.com.br\/inv-api\/wp\/v2\/comments?post=330326"}],"version-history":[{"count":19,"href":"https:\/\/investnews.com.br\/inv-api\/wp\/v2\/posts\/330326\/revisions"}],"predecessor-version":[{"id":330503,"href":"https:\/\/investnews.com.br\/inv-api\/wp\/v2\/posts\/330326\/revisions\/330503"}],"wp:featuredmedia":[{"embeddable":true,"href":"https:\/\/investnews.com.br\/inv-api\/wp\/v2\/media\/326009"}],"wp:attachment":[{"href":"https:\/\/investnews.com.br\/inv-api\/wp\/v2\/media?parent=330326"}],"wp:term":[{"taxonomy":"category","embeddable":true,"href":"https:\/\/investnews.com.br\/inv-api\/wp\/v2\/categories?post=330326"},{"taxonomy":"post_tag","embeddable":true,"href":"https:\/\/investnews.com.br\/inv-api\/wp\/v2\/tags?post=330326"},{"taxonomy":"autor-wsj","embeddable":true,"href":"https:\/\/investnews.com.br\/inv-api\/wp\/v2\/autor-wsj?post=330326"},{"taxonomy":"author","embeddable":true,"href":"https:\/\/investnews.com.br\/inv-api\/wp\/v2\/coauthors?post=330326"}],"curies":[{"name":"wp","href":"https:\/\/api.w.org\/{rel}","templated":true}]}}