{"id":330348,"date":"2022-05-24T10:44:20","date_gmt":"2022-05-24T13:44:20","guid":{"rendered":"https:\/\/investnews.com.br\/?p=330348"},"modified":"2022-05-24T11:23:01","modified_gmt":"2022-05-24T14:23:01","slug":"demissao-na-petrobras-levara-a-mudancas-no-conselho-e-na-politica-de-precos","status":"publish","type":"post","link":"https:\/\/investnews.com.br\/economia\/demissao-na-petrobras-levara-a-mudancas-no-conselho-e-na-politica-de-precos\/","title":{"rendered":"Demiss\u00e3o na Petrobras levar\u00e1 a mudan\u00e7as no conselho e pol\u00edtica de pre\u00e7os"},"content":{"rendered":"\n<p>A <a href=\"https:\/\/investnews.com.br\/economia\/ceo-da-petrobras-e-demitido-do-cargo-dizem-sites\/\" class=\"rank-math-link\">demiss\u00e3o de Jos\u00e9 Mauro Coelho<\/a> do comando da <strong>Petrobras<\/strong> (<a href=\"https:\/\/investnews.com.br\/cotacao\/petr3-petr4-petrobras\/\" class=\"rank-math-link\">PETR4<\/a>) \u00e9 a primeira de uma s\u00e9rie de mudan\u00e7as que o governo vai fazer na petroleira. Al\u00e9m de demitir Coelho, o ministro de Minas Energia, <strong>Adolfo Sachsida<\/strong>, vai fazer mudan\u00e7as no conselho de administra\u00e7\u00e3o da estatal.<\/p>\n\n\n\n<p>O conselho foi montado pelo ex-ministro Bento Albuquerque, almirante de esquadra que foi demitido por Bolsonaro logo ap\u00f3s o <a href=\"https:\/\/investnews.com.br\/economia\/bolsonaro-troca-ministro-de-minas-e-energia-adolfo-sachsida-assume-cargo\/\" class=\"rank-math-link\">an\u00fancio do reajuste do \u00f3leo diesel<\/a>. A sa\u00edda de Coelho abre caminho tamb\u00e9m para mudan\u00e7as na diretoria da empresa. A Petrobras estava perto de anunciar novo reajuste de gasolina e Bolsonaro quer evitar novos aumentos neste momento de alta <a href=\"https:\/\/investnews.com.br\/guias\/volatilidade-o-que-e\/\">volatilidade<\/a> do pre\u00e7o internacional.<\/p>\n\n\n\n<h2 class=\"wp-block-heading\">Pol\u00edtica de pre\u00e7os<\/h2>\n\n\n\n<p>A l\u00f3gica \u00e9 a seguinte: governo n\u00e3o pode mandar diretamente na decis\u00e3o da empresa sobre os pre\u00e7os, mas pode mudar o conselho e o presidente, que mudam a diretoria. O passo seguinte \u00e9 a <strong>mudan\u00e7a na pol\u00edtica de pre\u00e7os<\/strong>, como quer Bolsonaro. Ele quer que os reajustes sejam mais esparsos e que haja uma tr\u00e9gua nos pre\u00e7os enquanto o mercado de petr\u00f3leo estiver vivendo alta volatilidade por conta da crise de energia provocada pela guerra da R\u00fassia com a Ucr\u00e2nia.<\/p>\n\n\n\n<p>Segundo apurou o&nbsp;&#8220;Estad\u00e3o&#8221;, a demiss\u00e3o do terceiro presidente da Petrobras j\u00e1 era dada como certa no c\u00edrculo mais fechado de auxiliares do presidente Bolsonaro desde s\u00e1bado, embora investidores vissem o movimento como &#8220;loucura&#8221; pelo pouco tempo de Coelho \u00e0 frente da petroleira.<\/p>\n\n\n\n<h2 class=\"wp-block-heading\">An\u00fancio da demiss\u00e3o<\/h2>\n\n\n\n<p>O an\u00fancio ocorreu depois do mercado fechado, eram quase 22h desta segunda-feira (23). Fontes da ind\u00fastria de \u00f3leo e g\u00e1s, que n\u00e3o apostavam na sa\u00edda de Coelho em t\u00e3o pouco tempo, avaliam que a troca \u00e9 turbul\u00eancia desnecess\u00e1ria mais uma vez, causada pelo governo. Coelho avia <a href=\"https:\/\/investnews.com.br\/economia\/presidente-da-petrobras-e-demitido-apos-alertar-sobre-crise-do-diesel\/\" class=\"rank-math-link\">alertado para o risco de desabastecimento do diesel<\/a> antes de ser demitido.<\/p>\n\n\n\n<p>A avalia\u00e7\u00e3o \u00e9 de que, se o governo realmente quiser trocar os rumos da empresa, ter\u00e1 que nomear novos conselheiros de administra\u00e7\u00e3o, dispostos a seguir as suas ordens e n\u00e3o a votar de acordo com &#8220;os melhores interesses da empresa&#8221;.<\/p>\n\n\n\n<p>Sachsida ainda quer avan\u00e7ar nas privatiza\u00e7\u00f5es da Petrobras e tamb\u00e9m da PPSA, a estatal respons\u00e1vel pela parte da Uni\u00e3o no pr\u00e9-sal.<\/p>\n\n\n\n<h2 class=\"wp-block-heading\">Sa\u00edda de conselheiros<\/h2>\n\n\n\n<p>A Petrobras informou no final da noite desta segunda-feira que, se a demiss\u00e3o de Jos\u00e9 Mauro Coelho da presid\u00eancia da companhia for aprovada em Assembleia Geral Extraordin\u00e1ria (AGE), ocorrer\u00e1 a destitui\u00e7\u00e3o de todos os membros do Conselho eleitos como ele, por meio do voto m\u00faltiplo. A estatal ter\u00e1, assim, de realizar uma nova elei\u00e7\u00e3o.<\/p>\n\n\n\n<p>Em fato relevante, a Petrobras informou que o Minist\u00e9rio de Minas e Energia enviou of\u00edcio \u00e0 empresa solicitando a convoca\u00e7\u00e3o de uma AGE para destituir Coelho e eleger Caio Paes de Andrade como membro do Conselho de Administra\u00e7\u00e3o da companhia.<\/p>\n\n\n\n<p>Segundo a Petrobras, o minist\u00e9rio solicitou que a avalia\u00e7\u00e3o do nome de Andrade pelo Conselho ocorra ap\u00f3s a realiza\u00e7\u00e3o da AGE.<\/p>\n\n\n\n<p>O minist\u00e9rio anunciou nesta segunda-feira a terceira demiss\u00e3o de um presidente da Petrobras em menos de quatro anos. O nome de Andrade j\u00e1 vinha sendo especulado h\u00e1 algumas semanas e ganhou for\u00e7a ap\u00f3s a substitui\u00e7\u00e3o do ex-ministro de Minas e Energia Bento Albuquerque por Adolfo Sachsida, fiel escudeiro do ministro da Economia, Paulo Guedes.<\/p>\n","protected":false},"excerpt":{"rendered":"<p>Sa\u00edda de Coelho era dada como certa entre pessoas mais pr\u00f3ximas do presidente.<\/p>\n","protected":false},"author":62,"featured_media":320366,"comment_status":"closed","ping_status":"open","sticky":false,"template":"","format":"standard","meta":{"_acf_changed":false,"inline_featured_image":false,"footnotes":""},"categories":[5],"tags":[653,1520,21],"autor-wsj":[],"coauthors":[2499],"class_list":["post-330348","post","type-post","status-publish","format-standard","has-post-thumbnail","hentry","category-economia","tag-combustiveis","tag-ministerio-de-minas-e-energia","tag-petrobras"],"acf":[],"amp_enabled":true,"_links":{"self":[{"href":"https:\/\/investnews.com.br\/inv-api\/wp\/v2\/posts\/330348","targetHints":{"allow":["GET"]}}],"collection":[{"href":"https:\/\/investnews.com.br\/inv-api\/wp\/v2\/posts"}],"about":[{"href":"https:\/\/investnews.com.br\/inv-api\/wp\/v2\/types\/post"}],"author":[{"embeddable":true,"href":"https:\/\/investnews.com.br\/inv-api\/wp\/v2\/users\/62"}],"replies":[{"embeddable":true,"href":"https:\/\/investnews.com.br\/inv-api\/wp\/v2\/comments?post=330348"}],"version-history":[{"count":9,"href":"https:\/\/investnews.com.br\/inv-api\/wp\/v2\/posts\/330348\/revisions"}],"predecessor-version":[{"id":330371,"href":"https:\/\/investnews.com.br\/inv-api\/wp\/v2\/posts\/330348\/revisions\/330371"}],"wp:featuredmedia":[{"embeddable":true,"href":"https:\/\/investnews.com.br\/inv-api\/wp\/v2\/media\/320366"}],"wp:attachment":[{"href":"https:\/\/investnews.com.br\/inv-api\/wp\/v2\/media?parent=330348"}],"wp:term":[{"taxonomy":"category","embeddable":true,"href":"https:\/\/investnews.com.br\/inv-api\/wp\/v2\/categories?post=330348"},{"taxonomy":"post_tag","embeddable":true,"href":"https:\/\/investnews.com.br\/inv-api\/wp\/v2\/tags?post=330348"},{"taxonomy":"autor-wsj","embeddable":true,"href":"https:\/\/investnews.com.br\/inv-api\/wp\/v2\/autor-wsj?post=330348"},{"taxonomy":"author","embeddable":true,"href":"https:\/\/investnews.com.br\/inv-api\/wp\/v2\/coauthors?post=330348"}],"curies":[{"name":"wp","href":"https:\/\/api.w.org\/{rel}","templated":true}]}}