{"id":330361,"date":"2022-05-24T11:21:21","date_gmt":"2022-05-24T14:21:21","guid":{"rendered":"https:\/\/investnews.com.br\/?p=330361"},"modified":"2022-05-24T16:48:01","modified_gmt":"2022-05-24T19:48:01","slug":"quem-e-o-novo-presidente-da-petrobras-caio-paes-de-andrade","status":"publish","type":"post","link":"https:\/\/investnews.com.br\/economia\/quem-e-o-novo-presidente-da-petrobras-caio-paes-de-andrade\/","title":{"rendered":"Quem \u00e9 o novo presidente da Petrobras, Caio Paes de Andrade"},"content":{"rendered":"\n<p>O governo brasileiro convidou <strong>Caio Paes de Andrade<\/strong> para assumir o comando da  &nbsp;<strong>Petrobras<\/strong>&nbsp;(<a rel=\"noreferrer noopener\" href=\"https:\/\/investnews.com.br\/cotacao\/petr3-petr4-petrobras\/\" target=\"_blank\">PETR3; PETR4<\/a>) no lugar de Jos\u00e9 Mauro Ferreira Coelho, que foi <a href=\"https:\/\/investnews.com.br\/economia\/ceo-da-petrobras-e-demitido-do-cargo-dizem-sites\/\" class=\"rank-math-link\">demitido do cargo<\/a> na noite desta segunda-feira (23) ap\u00f3s ocupar a posi\u00e7\u00e3o por apenas 40 dias. <\/p>\n\n\n\n<p>Paes de Andrade \u00e9 o quarto presidente a assumir a estatal no governo de Jair Bolsonaro. Antes dele e de Coelho, foram tamb\u00e9m presidentes da Petrobras Roberto Castelo Branco, o general da reserva do Ex\u00e9rcito, Joaquim Silva e Luna. <\/p>\n\n\n\n<p>Paes de Andrade \u00e9 formado em comunica\u00e7\u00e3o social pela Universidade Paulista, p\u00f3s-graduado em administra\u00e7\u00e3o e gest\u00e3o pela Harvard University e mestre em administra\u00e7\u00e3o de empresas pela Duke University.&nbsp;<\/p>\n\n\n\n<h2 class=\"wp-block-heading\">Atua\u00e7\u00e3o no governo<\/h2>\n\n\n\n<p>No governo federal, atualmente, Paes de Andrade \u00e9 secret\u00e1rio especial de Desburocratiza\u00e7\u00e3o, Gest\u00e3o e Governo Digital do Minist\u00e9rio da Economia, onde \u00e9 respons\u00e1vel pela Plataforma GOV.BR e \u00e9 membro do Conselho de Administra\u00e7\u00e3o da Empresa Brasileira de Pesquisa Agropecu\u00e1ria (Embrapa) e da Pr\u00e9-Sal Petr\u00f3leo S.A (PPSA). <\/p>\n\n\n\n<p>Entre 2019 e 2020, ele foi presidente do Servi\u00e7o Federal de Processamento de Dados (Serpro). Na inciativa privada, ele atuou na \u00e1rea de tecnologia de informa\u00e7\u00f5es e no mercado imobili\u00e1rio, al\u00e9m de ser fundador e conselheiro do Instituto Fazer Acontecer.&nbsp;<\/p>\n\n\n\n<p>O minist\u00e9rio de Minas e Energia declarou, por nota, que acredita que Paes de Andrade re\u00fane as qualifica\u00e7\u00f5es necess\u00e1rias para assumir a presid\u00eancia da Petrobras e superar os desafios da atual conjuntura, \u201cpromovendo o cont\u00ednuo aprimoramento administrativo e o crescente desempenho da empresa, sem descuidar das responsabilidades de governan\u00e7a, ambiental e, especialmente, social da Petrobras.\u201d<\/p>\n\n\n\n<p>A nota diz, ainda, que, com a mudan\u00e7a, o governo federal renova o seu compromisso de respeito com a governan\u00e7a da Petrobras.<\/p>\n\n\n\n<h2 class=\"wp-block-heading\">Vis\u00e3o do mercado<\/h2>\n\n\n\n<p>Em nota ao mercado, o economista-chefe da Necton, Andr\u00e9 Perfeito, afirmou acreditar que, pelo perfil do executivo, &#8220;n\u00e3o nos parece razo\u00e1vel supor que ir\u00e1 mudar a pol\u00edtica de pre\u00e7o da Petrobras, muito pelo contr\u00e1rio&#8221;. &#8220;Da forma que vemos o Minist\u00e9rio da Economia est\u00e1 mais no controle do que nunca da petroleira&#8221;, disse.<\/p>\n\n\n\n<p>Perfeito afirmou que o mercado deve gostar da indica\u00e7\u00e3o, uma vez que, segundo ele, Caio \u00e9 um profissional ligado aos valores liberais e pr\u00f3ximo ao ministro Paulo Guedes. Reportagem publicada pelo &#8220;Estad\u00e3o&#8221; nesta manh\u00e3, no entanto, d\u00e1 conta de que o objetivo da troca de comando \u00e9 <a href=\"https:\/\/investnews.com.br\/economia\/demissao-na-petrobras-levara-a-mudancas-no-conselho-e-na-politica-de-precos\/\" class=\"rank-math-link\">promover mudan\u00e7as na pol\u00edtica de pre\u00e7os<\/a> da estatal.<\/p>\n\n\n\n<p>J\u00e1 o <strong>BTG Pactual<\/strong> escreveu em relat\u00f3rio que Paes tem &#8220;forte&#8221; forma\u00e7\u00e3o educacional e uma forma\u00e7\u00e3o profissional mais associada ao governo e aos servi\u00e7os p\u00fablicos. Por outro lado, a casa pontuou que ainda \u00e9 cedo para dizer sobre o que ele pensa em rela\u00e7\u00e3o \u00e0 Petrobras ou como a v\u00ea posicionada para &#8220;equilibrar seu papel como importante player no mercado local de combust\u00edveis, ao mesmo tempo em que precisa atender aos interesses dos todos os acionistas&#8221;. <\/p>\n\n\n\n<p>Pedro Soares e Thiago Soares, analistas que assinaram o relat\u00f3rio, disseram ainda que not\u00edcias  de que o governo estaria avaliando mudan\u00e7as que v\u00e3o al\u00e9m da presid\u00eancia da companhia est\u00e3o circulando h\u00e1 algumas semanas, mas que, se concretizadas, seriam recebidas negativamente pelos investidores. <\/p>\n\n\n\n<p>&#8220;A preserva\u00e7\u00e3o da maioria da equipe de gest\u00e3o em mudan\u00e7as anteriores de CEOs foi uma medida muito necess\u00e1ria para fornecer algum sentido de continuidade. Qualquer mudan\u00e7a nisso pode corroer ainda mais a percep\u00e7\u00e3o de risco&#8221;, afirmou a dupla. <\/p>\n\n\n\n<p>\u00c9tore Sanchez, da<strong> Ativa Investimentos,<\/strong> escreveu em coment\u00e1rio enviado ao mercado, que politicamente a troca de cadeiras trata-se do fortalecimento da parcela do governo que Paulo Guedes representa. &#8220;Ap\u00f3s Adolfo Sachsida assumir o comando do MME era natural observar esse tipo de atua\u00e7\u00e3o&#8221;, explicou. <\/p>\n\n\n\n<p>Por outro lado, o especialista pontuou que em termos de pol\u00edticas de pre\u00e7os o momento parece &#8220;pouco oportuno&#8221;, visto que a gasolina n\u00e3o tem reajuste h\u00e1 um bom tempo e pratica pre\u00e7os 20% abaixo da cota\u00e7\u00e3o internacional. &#8220;De todo modo, vale ressaltar que a ala econ\u00f4mica do governo, empenhada no <strong>processo de privatiza\u00e7\u00e3o<\/strong> da companhia, vem defendendo que Caio ser\u00e1 pe\u00e7a fundamental dentro da companhia para viabilizar a venda&#8221;, avaliou Sanchez.<\/p>\n\n\n\n<p>Carlos Daltozo e Alexandre Kogake, da <strong>Eleven,<\/strong> enfatizaram em relat\u00f3rio que a demiss\u00e3o \u00e9 a primeira de uma s\u00e9rie de mudan\u00e7as que o governo far\u00e1. &#8220;O ministro de Minas Energia, Adolfo Sachsida, promover\u00e1 altera\u00e7\u00f5es no conselho de administra\u00e7\u00e3o da estatal. O conselho foi montado pelo ex-ministro Bento Albuquerque, demitido por Bolsonaro logo ap\u00f3s reajuste do diesel&#8221;, escreveu a dupla. <\/p>\n\n\n\n<p>As <strong><a href=\"https:\/\/investnews.com.br\/guias\/acoes-ordinarias-e-preferenciais-entenda\/\">a\u00e7\u00f5es preferenciais<\/a> da petroleira chegaram a cair 3,7%<\/strong> na abertura dos neg\u00f3cios desta ter\u00e7a-feira, ap\u00f3s sua <a href=\"https:\/\/investnews.com.br\/guias\/adrs-o-que-sao\/\">ADR<\/a> (recibo da a\u00e7\u00e3o negociado em Nova York) chegar a despencar 11% no pr\u00e9-mercado.<\/p>\n\n\n\n<p><em>*Com ag\u00eancias<\/em><\/p>\n","protected":false},"excerpt":{"rendered":"<p>Indicado no lugar de Mauro Coelho \u00e9 secret\u00e1rio especial de desburocratiza\u00e7\u00e3o e pr\u00f3ximo a Paulo Guedes.<\/p>\n","protected":false},"author":7,"featured_media":330258,"comment_status":"closed","ping_status":"open","sticky":false,"template":"","format":"standard","meta":{"_acf_changed":false,"inline_featured_image":false,"footnotes":""},"categories":[5],"tags":[653,1520,21],"autor-wsj":[],"coauthors":[1494],"class_list":["post-330361","post","type-post","status-publish","format-standard","has-post-thumbnail","hentry","category-economia","tag-combustiveis","tag-ministerio-de-minas-e-energia","tag-petrobras"],"acf":[],"amp_enabled":true,"_links":{"self":[{"href":"https:\/\/investnews.com.br\/inv-api\/wp\/v2\/posts\/330361","targetHints":{"allow":["GET"]}}],"collection":[{"href":"https:\/\/investnews.com.br\/inv-api\/wp\/v2\/posts"}],"about":[{"href":"https:\/\/investnews.com.br\/inv-api\/wp\/v2\/types\/post"}],"author":[{"embeddable":true,"href":"https:\/\/investnews.com.br\/inv-api\/wp\/v2\/users\/7"}],"replies":[{"embeddable":true,"href":"https:\/\/investnews.com.br\/inv-api\/wp\/v2\/comments?post=330361"}],"version-history":[{"count":10,"href":"https:\/\/investnews.com.br\/inv-api\/wp\/v2\/posts\/330361\/revisions"}],"predecessor-version":[{"id":330473,"href":"https:\/\/investnews.com.br\/inv-api\/wp\/v2\/posts\/330361\/revisions\/330473"}],"wp:featuredmedia":[{"embeddable":true,"href":"https:\/\/investnews.com.br\/inv-api\/wp\/v2\/media\/330258"}],"wp:attachment":[{"href":"https:\/\/investnews.com.br\/inv-api\/wp\/v2\/media?parent=330361"}],"wp:term":[{"taxonomy":"category","embeddable":true,"href":"https:\/\/investnews.com.br\/inv-api\/wp\/v2\/categories?post=330361"},{"taxonomy":"post_tag","embeddable":true,"href":"https:\/\/investnews.com.br\/inv-api\/wp\/v2\/tags?post=330361"},{"taxonomy":"autor-wsj","embeddable":true,"href":"https:\/\/investnews.com.br\/inv-api\/wp\/v2\/autor-wsj?post=330361"},{"taxonomy":"author","embeddable":true,"href":"https:\/\/investnews.com.br\/inv-api\/wp\/v2\/coauthors?post=330361"}],"curies":[{"name":"wp","href":"https:\/\/api.w.org\/{rel}","templated":true}]}}