{"id":333189,"date":"2022-06-03T08:23:57","date_gmt":"2022-06-03T11:23:57","guid":{"rendered":"https:\/\/investnews.com.br\/?p=333189"},"modified":"2024-04-30T18:35:19","modified_gmt":"2024-04-30T21:35:19","slug":"prazo-para-aderir-a-parcelamento-especial-do-simples-nacional-acaba-hoje","status":"publish","type":"post","link":"https:\/\/investnews.com.br\/negocios\/prazo-para-aderir-a-parcelamento-especial-do-simples-nacional-acaba-hoje\/","title":{"rendered":"Prazo para aderir a parcelamento do Simples Nacional acaba nesta sexta-feira"},"content":{"rendered":"\n<p>As micro e pequenas empresas e os <a href=\"https:\/\/investnews.com.br\/negocios\/pronampe-novas-regras-e-como-funciona\/\" class=\"rank-math-link\">microempreendedores individuais (MEI)<\/a> t\u00eam at\u00e9&nbsp;hoje&nbsp;(3) para pedir a ades\u00e3o ao Programa de Reescalonamento do Pagamento de D\u00e9bitos no \u00c2mbito do <a href=\"https:\/\/investnews.com.br\/guias\/simples-nacional\/\">Simples Nacional<\/a> (Relp). O programa pretende ajudar pequenos neg\u00f3cios afetados pela pandemia de covid-19.<\/p>\n\n\n\n<p>Podem ser parceladas pelo Relp todas as d\u00edvidas apuradas pelo Simples Nacional at\u00e9 o m\u00eas&nbsp;de fevereiro&nbsp;de 2022. A ades\u00e3o pode ser feita pelo&nbsp;<a rel=\"noreferrer noopener\" class=\"rank-math-link\" href=\"https:\/\/cav.receita.fazenda.gov.br\/autenticacao\/login\" target=\"_blank\">Centro Virtual de Atendimento<\/a>&nbsp;ao Contribuinte da Receita Federal (e-CAC)&nbsp; ou pelo&nbsp;<a rel=\"noreferrer noopener\" class=\"rank-math-link\" href=\"http:\/\/www8.receita.fazenda.gov.br\/simplesnacional\/\" target=\"_blank\">Portal do Simples<\/a>&nbsp;Nacional.<\/p>\n\n\n\n<p>Por meio do Relp, as micro e pequenas empresas e os microempreendedores individuais afetados pela pandemia de covid-19 podem renegociar d\u00edvidas em at\u00e9 15 anos. O parcelamento prev\u00ea descontos de at\u00e9 90% nas multas e nos juros de mora e de at\u00e9 100% dos encargos legais. Tamb\u00e9m haver\u00e1 desconto na parcela de entrada proporcional \u00e0 perda de faturamento&nbsp;de mar\u00e7o a dezembro de 2020 em rela\u00e7\u00e3o ao mesmo per\u00edodo de 2019. Quem foi mais afetado pagar\u00e1 menos.<\/p>\n\n\n\n<h2 class=\"wp-block-heading\">Adiamentos<\/h2>\n\n\n\n<p>O prazo de ades\u00e3o foi prorrogado quatro vezes. Originalmente, a data limite iria at\u00e9 o fim&nbsp;de janeiro. Atrasos da defini\u00e7\u00e3o de uma fonte de recursos para custear o programa provocaram sucessivos adiamentos. O&nbsp;prazo para pedir o parcelamento&nbsp;passou para&nbsp;31 de mar\u00e7o,&nbsp;30 de abril&nbsp;e&nbsp;31 de maio.<\/p>\n\n\n\n<p>Na \u00faltima&nbsp;ter\u00e7a-feira (31), quando acabaria o prazo de ades\u00e3o, o Comit\u00ea Gestor do Simples Nacional decidiu&nbsp;adiar a data&nbsp;para o fim desta semana. A instru\u00e7\u00e3o normativa com a prorroga\u00e7\u00e3o foi publicada em edi\u00e7\u00e3o extra do&nbsp;<em>Di\u00e1rio Oficial da Uni\u00e3o<\/em>.<\/p>\n\n\n\n<p>Vetada pelo presidente&nbsp;Jair Bolsonaro no in\u00edcio do ano, a renegocia\u00e7\u00e3o especial de d\u00e9bitos com o Simples Nacional foi&nbsp;restabelecida&nbsp;pelo Congresso, que&nbsp;derrubou o veto&nbsp;no in\u00edcio&nbsp;de mar\u00e7o. Alguns dias depois, o&nbsp;<em>Di\u00e1rio Oficial da Uni\u00e3o<\/em>&nbsp;publicou a lei complementar que estabeleceu o Relp.<\/p>\n\n\n\n<p>Apesar da publica\u00e7\u00e3o da lei, a ades\u00e3o s\u00f3 come\u00e7ou no fim&nbsp;de abril, quando a Receita Federal publicou a instru\u00e7\u00e3o normativa com a&nbsp;regulamenta\u00e7\u00e3o do Relp. Atrasos na implanta\u00e7\u00e3o do sistema e a demora na defini\u00e7\u00e3o de uma fonte de recursos para custear o programa foram os respons\u00e1veis. Sem aumentar outros impostos ou cortar gastos, o Relp n\u00e3o poderia sair do papel.<\/p>\n\n\n\n<p>Para evitar perda de arrecada\u00e7\u00e3o, o governo editou, no fim&nbsp;de abril,&nbsp;<a class=\"rank-math-link\" href=\"https:\/\/www.in.gov.br\/en\/web\/dou\/-\/medida-provisoria-n-1.115-de-28-de-abril-2022-396063960\" target=\"_blank\" rel=\"noreferrer noopener\">medida provis\u00f3ria<\/a>&nbsp;que aumenta a Contribui\u00e7\u00e3o Social sobre o <a href=\"https:\/\/investnews.com.br\/guias\/lucro-liquido\/\">Lucro L\u00edquido<\/a> (CSLL) das institui\u00e7\u00f5es financeiras. A al\u00edquota dos bancos subiu de 20% para 21% at\u00e9&nbsp;31 de dezembro. Para as demais institui\u00e7\u00f5es, o imposto aumentou de 15% para 16%, tamb\u00e9m at\u00e9 o fim&nbsp;de dezembro.<\/p>\n\n\n\n<ul class=\"wp-block-list\">\n<li><strong><em>Confira a tabela de <\/em><\/strong><a href=\"https:\/\/investnews.com.br\/guias\/simples-nacional\/\">al\u00edquota do Simples Nacional<\/a><strong><em> e como consultar<\/em><\/strong><\/li>\n\n\n\n<li><a href=\"https:\/\/investnews.com.br\/guias\/gmv\/\">O que \u00e9 GMV<\/a><strong><em> e como calcular<\/em><\/strong><\/li>\n\n\n\n<li><strong><em>Fa\u00e7a o c\u00e1lculo do <\/em><\/strong><a href=\"https:\/\/investnews.com.br\/ferramentas\/calculadoras\/calculadora-de-salario-liquido\/\">sal\u00e1rio l\u00edquido 2024<\/a><strong><em> online e gratuitamente<\/em><\/strong><br><\/li>\n<\/ul>\n","protected":false},"excerpt":{"rendered":"<p>Podem ser parceladas pelo Relp todas as d\u00edvidas apuradas pelo Simples Nacional at\u00e9 o m\u00eas de fevereiro de 2022.<\/p>\n","protected":false},"author":63,"featured_media":333190,"comment_status":"closed","ping_status":"open","sticky":false,"template":"","format":"standard","meta":{"_acf_changed":false,"inline_featured_image":false,"footnotes":""},"categories":[6],"tags":[82],"autor-wsj":[],"coauthors":[2490],"class_list":["post-333189","post","type-post","status-publish","format-standard","has-post-thumbnail","hentry","category-negocios","tag-dividas"],"acf":[],"amp_enabled":true,"_links":{"self":[{"href":"https:\/\/investnews.com.br\/inv-api\/wp\/v2\/posts\/333189","targetHints":{"allow":["GET"]}}],"collection":[{"href":"https:\/\/investnews.com.br\/inv-api\/wp\/v2\/posts"}],"about":[{"href":"https:\/\/investnews.com.br\/inv-api\/wp\/v2\/types\/post"}],"author":[{"embeddable":true,"href":"https:\/\/investnews.com.br\/inv-api\/wp\/v2\/users\/63"}],"replies":[{"embeddable":true,"href":"https:\/\/investnews.com.br\/inv-api\/wp\/v2\/comments?post=333189"}],"version-history":[{"count":11,"href":"https:\/\/investnews.com.br\/inv-api\/wp\/v2\/posts\/333189\/revisions"}],"predecessor-version":[{"id":574935,"href":"https:\/\/investnews.com.br\/inv-api\/wp\/v2\/posts\/333189\/revisions\/574935"}],"wp:featuredmedia":[{"embeddable":true,"href":"https:\/\/investnews.com.br\/inv-api\/wp\/v2\/media\/333190"}],"wp:attachment":[{"href":"https:\/\/investnews.com.br\/inv-api\/wp\/v2\/media?parent=333189"}],"wp:term":[{"taxonomy":"category","embeddable":true,"href":"https:\/\/investnews.com.br\/inv-api\/wp\/v2\/categories?post=333189"},{"taxonomy":"post_tag","embeddable":true,"href":"https:\/\/investnews.com.br\/inv-api\/wp\/v2\/tags?post=333189"},{"taxonomy":"autor-wsj","embeddable":true,"href":"https:\/\/investnews.com.br\/inv-api\/wp\/v2\/autor-wsj?post=333189"},{"taxonomy":"author","embeddable":true,"href":"https:\/\/investnews.com.br\/inv-api\/wp\/v2\/coauthors?post=333189"}],"curies":[{"name":"wp","href":"https:\/\/api.w.org\/{rel}","templated":true}]}}