{"id":333827,"date":"2022-06-06T14:12:41","date_gmt":"2022-06-06T17:12:41","guid":{"rendered":"https:\/\/investnews.com.br\/?p=333827"},"modified":"2022-06-06T14:12:42","modified_gmt":"2022-06-06T17:12:42","slug":"guerra-na-ucrania-vai-aumentar-pobreza-na-america-latina-diz-cepal","status":"publish","type":"post","link":"https:\/\/investnews.com.br\/economia\/guerra-na-ucrania-vai-aumentar-pobreza-na-america-latina-diz-cepal\/","title":{"rendered":"Guerra na Ucr\u00e2nia vai aumentar pobreza na Am\u00e9rica Latina, diz Cepal"},"content":{"rendered":"\n<p>A guerra na Ucr\u00e2nia contribuir\u00e1 para aumentar os n\u00edveis de pobreza na Am\u00e9rica Latina neste ano, ao mesmo tempo que a regi\u00e3o enfrenta fortes press\u00f5es inflacion\u00e1rias e o esgotamento da recupera\u00e7\u00e3o econ\u00f4mica depois da pandemia de coronav\u00edrus, de acordo com relat\u00f3rio da Comiss\u00e3o Econ\u00f4mica para a Am\u00e9rica Latina e o Caribe (Cepal) desta segunda-feira (6).<\/p>\n\n\n\n<p>Os pre\u00e7os mais altos dos combust\u00edveis e dos fertilizantes e os problemas de fornecimento de trigo provocados pela guerra elevaram os pre\u00e7os enquanto intensificaram a fome e geram d\u00favidas sobre as perspectivas de crescimento, destacou o organismo das Na\u00e7\u00f5es Unidas com sede em Santiago.<\/p>\n\n\n\n<p>A expectativa \u00e9 de que a pobreza regional aumentar\u00e1 a 33% da popula\u00e7\u00e3o neste ano, alta de 0,9 ponto percentual em rela\u00e7\u00e3o a 2021, enquanto a pobreza extrema alcan\u00e7ar\u00e1 14,5%, 0,7 ponto a mais do que no ano passado.<\/p>\n\n\n\n<p>Os pa\u00edses latino-americanos &#8220;enfrentam contextos internos caracterizados por uma forte desacelera\u00e7\u00e3o da atividade econ\u00f4mica, aumentos da infla\u00e7\u00e3o e uma recupera\u00e7\u00e3o lenta e incompleta dos mercados de trabalho, o que aumenta a pobreza e a desigualdade&#8221;, disse a Cepal.<\/p>\n\n\n\n<p>A infla\u00e7\u00e3o na Am\u00e9rica Latina e Caribe duplicou entre o fim de 2020 e de 2021, a 6,6%, enquanto a proje\u00e7\u00e3o para a alta dos pre\u00e7os nos 12 meses at\u00e9 abril foi de 8,1%.<\/p>\n\n\n\n<p>O avan\u00e7o da infla\u00e7\u00e3o, em particular dos pre\u00e7os dos alimentos, afetar\u00e1 as condi\u00e7\u00f5es de consumo de grande parte da popula\u00e7\u00e3o regional, &#8220;o que pode contribuir para um aumento dos n\u00edveis de mal-estar e conflitos sociopol\u00edticos, que j\u00e1 s\u00e3o altos em alguns pa\u00edses da regi\u00e3o&#8221;, alertou.<\/p>\n\n\n\n<p>A Cepal ainda alertou para um aumento significativo de pessoas na regi\u00e3o que enfrentam inseguran\u00e7a alimentar.<\/p>\n\n\n\n<p>&#8220;Esses n\u00edveis s\u00e3o notoriamente superiores aos observados antes da pandemia e afastam a possibilidade de uma pronta recupera\u00e7\u00e3o&#8221;, completou.<\/p>\n\n\n\n<p>No fim de abril a Cepal projetou crescimento de 1,8% do PIB regional em 2022, de uma taxa de 2,1% estimada em janeiro.<\/p>\n","protected":false},"excerpt":{"rendered":"<p>Avan\u00e7o da infla\u00e7\u00e3o, em particular dos pre\u00e7os dos alimentos, afetar\u00e1 as condi\u00e7\u00f5es de consumo de grande parte da popula\u00e7\u00e3o regional.<\/p>\n","protected":false},"author":61,"featured_media":333831,"comment_status":"closed","ping_status":"open","sticky":false,"template":"","format":"standard","meta":{"_acf_changed":false,"inline_featured_image":false,"footnotes":""},"categories":[5],"tags":[974],"autor-wsj":[],"coauthors":[2494],"class_list":["post-333827","post","type-post","status-publish","format-standard","has-post-thumbnail","hentry","category-economia","tag-russia"],"acf":[],"amp_enabled":true,"_links":{"self":[{"href":"https:\/\/investnews.com.br\/inv-api\/wp\/v2\/posts\/333827","targetHints":{"allow":["GET"]}}],"collection":[{"href":"https:\/\/investnews.com.br\/inv-api\/wp\/v2\/posts"}],"about":[{"href":"https:\/\/investnews.com.br\/inv-api\/wp\/v2\/types\/post"}],"author":[{"embeddable":true,"href":"https:\/\/investnews.com.br\/inv-api\/wp\/v2\/users\/61"}],"replies":[{"embeddable":true,"href":"https:\/\/investnews.com.br\/inv-api\/wp\/v2\/comments?post=333827"}],"version-history":[{"count":4,"href":"https:\/\/investnews.com.br\/inv-api\/wp\/v2\/posts\/333827\/revisions"}],"predecessor-version":[{"id":333835,"href":"https:\/\/investnews.com.br\/inv-api\/wp\/v2\/posts\/333827\/revisions\/333835"}],"wp:featuredmedia":[{"embeddable":true,"href":"https:\/\/investnews.com.br\/inv-api\/wp\/v2\/media\/333831"}],"wp:attachment":[{"href":"https:\/\/investnews.com.br\/inv-api\/wp\/v2\/media?parent=333827"}],"wp:term":[{"taxonomy":"category","embeddable":true,"href":"https:\/\/investnews.com.br\/inv-api\/wp\/v2\/categories?post=333827"},{"taxonomy":"post_tag","embeddable":true,"href":"https:\/\/investnews.com.br\/inv-api\/wp\/v2\/tags?post=333827"},{"taxonomy":"autor-wsj","embeddable":true,"href":"https:\/\/investnews.com.br\/inv-api\/wp\/v2\/autor-wsj?post=333827"},{"taxonomy":"author","embeddable":true,"href":"https:\/\/investnews.com.br\/inv-api\/wp\/v2\/coauthors?post=333827"}],"curies":[{"name":"wp","href":"https:\/\/api.w.org\/{rel}","templated":true}]}}