{"id":334774,"date":"2022-06-09T08:04:44","date_gmt":"2022-06-09T11:04:44","guid":{"rendered":"https:\/\/investnews.com.br\/?p=334774"},"modified":"2024-06-26T11:29:44","modified_gmt":"2024-06-26T14:29:44","slug":"5-fatos-para-hoje-ipc-fipe-sobe-preco-do-diesel-lucro-da-pagseguro","status":"publish","type":"post","link":"https:\/\/investnews.com.br\/economia\/5-fatos-para-hoje-ipc-fipe-sobe-preco-do-diesel-lucro-da-pagseguro\/","title":{"rendered":"5 fatos para hoje: Petrobras indica alta de pre\u00e7o do diesel; lucro da PagSeguro"},"content":{"rendered":"\n<h2 class=\"wp-block-heading\">1 &#8211; <strong>Petrobras indica que pre\u00e7o do diesel continuar\u00e1 a subir, dois dias ap\u00f3s pacote do governo<\/strong><\/h2>\n\n\n\n<p>Pressionada pelo governo para mudar a sua pol\u00edtica de pre\u00e7os, a <strong>Petrobras<\/strong> (<a rel=\"noreferrer noopener\" href=\"https:\/\/investnews.com.br\/cotacao\/petr3-petr4-petrobras\/\" target=\"_blank\">PETR3<\/a>;&nbsp;<a rel=\"noreferrer noopener\" href=\"https:\/\/investnews.com.br\/cotacao\/petr3-petr4-petrobras\/\" target=\"_blank\">PETR4<\/a>) sinalizou nesta quarta-feira (8) que o custo dos combust\u00edveis &#8211; principalmente o do diesel &#8211; segue uma tend\u00eancia de alta e assim continuar\u00e1. Isso indica que as medidas anunciadas pelo presidente Jair Bolsonaro na segunda-feira para conter o pre\u00e7o dos combust\u00edveis, como a isen\u00e7\u00e3o de impostos federais e o pagamento de ICMS zerado pelos Estados, n\u00e3o dever\u00e3o ter o efeito esperado.<\/p>\n\n\n\n<p>Em uma nota enviada \u00e0 imprensa com &#8220;esclarecimento da Petrobras sobre a pr\u00e1tica de pre\u00e7os de mercado&#8221;, a petroleira afirma que &#8220;n\u00e3o h\u00e1 fundamentos que indiquem a melhora do balan\u00e7o global e o recuo estrutural das cota\u00e7\u00f5es internacionais de refer\u00eancia para o \u00f3leo diesel&#8221;.<\/p>\n\n\n\n<p>Na avalia\u00e7\u00e3o da Petrobras, o atual cen\u00e1rio mundial \u00e9 de escassez e, como o Brasil \u00e9 deficit\u00e1rio em produ\u00e7\u00e3o de \u00f3leo diesel, tendo importado quase 30% da demanda total em 2021, o resultado \u00e9 este: &#8220;poder\u00e1 haver maior impacto nos pre\u00e7os e no suprimento&#8221;.<\/p>\n\n\n\n<p>A estatal afirma ainda que esse cen\u00e1rio se tornou ainda mais prov\u00e1vel porque o consumo nacional de diesel \u00e9 historicamente mais alto no segundo semestre, devido ao aumento das atividades agr\u00edcola e industrial. &#8220;Ressalta-se, tamb\u00e9m, que o mercado interno registrou recorde de consumo de \u00f3leo diesel no ano passado e essa marca dever\u00e1 ser superada em 2022&#8221;, declarou a empresa.<\/p>\n\n\n\n<p>O comunicado da Petrobras \u00e9 divulgado no momento em que o governo busca substituir o atual presidente Jos\u00e9 Mauro Coelho, que assumiu o comando da estatal em abril, por Caio Paes de Andrade, atual secret\u00e1rio especial de desburocratiza\u00e7\u00e3o do Minist\u00e9rio da Economia. A indica\u00e7\u00e3o precisa passar por uma assembleia-geral extraordin\u00e1ria de acionistas, que ainda n\u00e3o foi agendada. Desde o in\u00edcio do governo, Bolsonaro j\u00e1 demitiu tr\u00eas presidentes da Petrobras.<\/p>\n\n\n\n<p>Segundo a Petrobra, fora do Brasil, h\u00e1 ainda um conjunto de fatores que deve puxar o pre\u00e7o dos combust\u00edveis: o aumento sazonal da demanda mundial no segundo semestre; a menor disponibilidade de exporta\u00e7\u00f5es russas decido \u00e0s san\u00e7\u00f5es econ\u00f4micas ao pa\u00eds; e eventuais indisponibilidades de refinarias nos Estados Unidos e no Caribe, com a temporada de furac\u00f5es que acontecem de junho a novembro.<\/p>\n\n\n\n<p>&#8220;Diante desse quadro, \u00e9 fundamental que a pr\u00e1tica de pre\u00e7os competitivos e em equil\u00edbrio com o mercado global seja refer\u00eancia para o mercado brasileiro de combust\u00edveis, visando \u00e0 seguran\u00e7a energ\u00e9tica nacional&#8221;, afirma a companhia.<\/p>\n\n\n\n<p>O cen\u00e1rio detalhado pela empresa indica que a Petrobras n\u00e3o est\u00e1 disposta a mudar sua pol\u00edtica de pre\u00e7os atrelada ao mercado nacional, com valores alinhados aos praticados em todo o mundo.<\/p>\n\n\n\n<p>&#8220;Assim como qualquer outra commodity comercializada em economia aberta, a precifica\u00e7\u00e3o de combust\u00edveis no Brasil \u00e9 determinada pelo balan\u00e7o de oferta e demanda global, uma vez que produtos desta natureza possuem caracter\u00edsticas f\u00edsicas homog\u00eaneas e s\u00e3o produzidos, transportados e comercializados em larga escala por todo o mundo, tendo m\u00faltiplos ofertantes e demandantes&#8221;, declarou a empresa.<\/p>\n\n\n\n<p>Para mexer nestas regras, o governo teria n\u00e3o s\u00f3 de contar com o aval da diretoria da empresa, mudar o estatal da estatal e mexer na pr\u00f3pria legisla\u00e7\u00e3o. Desde janeiro de 2002, vigora no Brasil, por meio de lei, o regime de liberdade de pre\u00e7os em todos os segmentos do mercado de combust\u00edveis e derivados de petr\u00f3leo: produ\u00e7\u00e3o, distribui\u00e7\u00e3o e revenda.<\/p>\n\n\n\n<p>&#8220;Cabe a cada agente econ\u00f4mico estabelecer suas margens de comercializa\u00e7\u00e3o e seus pre\u00e7os de venda, em um cen\u00e1rio de livre concorr\u00eancia. A Petrobras n\u00e3o atua no segmento de distribui\u00e7\u00e3o e revenda, sendo respons\u00e1vel apenas pela produ\u00e7\u00e3o de combust\u00edveis&#8221;, afirmou a companhia.<\/p>\n\n\n\n<p>Ao defender o modelo, o qual tem sido frequentemente criticado pelo presidente Jair Bolsonaro e pelos caminhoneiros, que cobram mudan\u00e7a no regime,icms os &#8220;pre\u00e7os alinhados ao valor de mercado estimulam a produ\u00e7\u00e3o e a concorr\u00eancia no presente, assim como fomentam os investimentos que contribuir\u00e3o para a expans\u00e3o do volume produzido, para o alcance da qualidade exigida para os produtos, e para incremento da capacidade log\u00edstica, com benef\u00edcios diretos ao consumidor&#8221;.<\/p>\n\n\n\n<p>Segundo a empresa, &#8220;pre\u00e7os abaixo do mercado inviabilizam economicamente as importa\u00e7\u00f5es necess\u00e1rias para complemento da oferta nacional. Exemplos recentes de desalinhamento aos pre\u00e7os de mercado j\u00e1 se traduzem em problemas de abastecimento em pa\u00edses vizinhos ao Brasil.&#8221;<\/p>\n\n\n\n<p>A Petrobras nega que tenha o monop\u00f3lio do setor e diz que, &#8220;sem a pr\u00e1tica de pre\u00e7os de mercado, n\u00e3o h\u00e1 est\u00edmulo para o atendimento ao mercado brasileiro pelos diversos agentes do setor&#8221;. Segundo a empresa, se o mercado nacional deixar de acompanhar os pre\u00e7os internacionais, haveria risco de desabastecimento, porque isso afetaria os neg\u00f3cios feitos pelas demais empresas do setor.<\/p>\n\n\n\n<h2 class=\"wp-block-heading\">2 &#8211; PagSeguro tem lucro 29% maior no 1\u00ba tri, beneficiada por flexibiliza\u00e7\u00e3o da pandemia<\/h2>\n\n\n\n<p>A <strong>PagSeguro<\/strong> (<a href=\"https:\/\/investnews.com.br\/cotacao\/pags34-pagseguro-digital-ltd\/\" class=\"rank-math-link\">PAGS34<\/a>) teve avan\u00e7o do lucro no primeiro trimestre, uma vez que a gradual flexibiliza\u00e7\u00e3o das medidas de isolamento social permitiram uma retomada do consumo para n\u00edveis similares aos de antes da pandemia de Covid-19.<\/p>\n\n\n\n<p>A empresa de pagamentos e banco digital anunciou nesta quarta-feira que teve <a href=\"https:\/\/investnews.com.br\/guias\/lucro-liquido\/\">lucro l\u00edquido<\/a> de 350 milh\u00f5es de reais no per\u00edodo, alta de 29% ante um ano antes, apoiada tamb\u00e9m no refor\u00e7o da base de clientes e na expans\u00e3o das receitas devido a maiores vendas de produtos financeiros. Em termos ajustados, o lucro de R$ 371 milh\u00f5es foi 14% maior.<\/p>\n\n\n\n<p>A companhia listada em Nova York teve de janeiro a mar\u00e7o receita total de R$ 3,42 bilh\u00f5es, aumento de 66% ano a ano, recorde, refletindo um aumento de 60% no volume de pagamentos processados (TPV), de R$ 80,1 bilh\u00f5es.<\/p>\n\n\n\n<p>&#8220;O Brasil observou queda no n\u00famero de pessoas infectadas e de \u00f3bitos por Covid-19 e os eventos sociais e atividades comerciais voltaram a um patamar similar ao de antes da pandemia. Esse cen\u00e1rio resultou em maior volume de pagamentos de transa\u00e7\u00f5es e, consequentemente, maiores receitas&#8221;, afirmou a companhia no relat\u00f3rio de resultados.<\/p>\n\n\n\n<p>Os n\u00fameros refor\u00e7am a tend\u00eancia mostrada por rivais que j\u00e1 divulgaram seus resultados do per\u00edodo, como StoneCo e Cielo, com acelera\u00e7\u00e3o dos volumes de pagamentos, o que permitiu melhora das margens operacionais.<\/p>\n\n\n\n<p>O resultado operacional da PagSeguro medido pelo lucro antes de impostos, juros, deprecia\u00e7\u00e3o e <a href=\"https:\/\/investnews.com.br\/guias\/amortizacao-o-que-e\/\">amortiza\u00e7\u00e3o<\/a> (<a href=\"https:\/\/investnews.com.br\/guias\/ebitda-o-que-e-como-calcular\/\">Ebitda<\/a>) ajustado no per\u00edodo somou R$ 769 milh\u00f5es, avan\u00e7o de 12% ano a ano.<\/p>\n\n\n\n<p>Al\u00e9m disso, a empresa manteve seus custos e despesas em ritmo inferior ao das receitas. As despesas com transa\u00e7\u00f5es, por exemplo, avan\u00e7aram 54%, enquanto as com marketing ca\u00edram 9% ano a ano e as com pessoal cresceram apenas 10,3%.<\/p>\n\n\n\n<p>&#8220;Fomos mais racionais com algumas despesas&#8221;, disse o co-presidente-executivo da PagSeguro Alexandre Magnani, falando a jornalistas.<\/p>\n\n\n\n<p>Isso compensou em parte os efeitos das despesas financeiras, que deram um salto de 1.300%, a R$ 620,6 milh\u00f5es, refletindo entre outros fatores o aumento das taxas de juros sobre a d\u00edvida da companhia.<\/p>\n\n\n\n<h2 class=\"wp-block-heading\">3 &#8211; <strong>IPC-Fipe sobe 0,19% na 1\u00aa quadrissemana\/junho, ap\u00f3s +0,42% no fechamento de maio<\/strong><\/h2>\n\n\n\n<p>O <a href=\"https:\/\/investnews.com.br\/geral\/5-fatos-para-hoje-petrobras-compra-fatia-na-ibiritermo-ipc-fipe-sobe-em-maio\/\" class=\"rank-math-link\">\u00cdndice de Pre\u00e7os ao Consumidor (IPC), que mede a infla\u00e7\u00e3o na cidade de S\u00e3o Paulo<\/a>, subiu 0,19% na primeira quadrissemana de junho, desacelerando em rela\u00e7\u00e3o ao ganho de 0,42% observado em todo o m\u00eas de maio, segundo dados publicados nesta quinta-feira (9) pela Funda\u00e7\u00e3o Instituto de Pesquisas Econ\u00f4micas (Fipe).<\/p>\n\n\n\n<p>Na primeira quadrissemana de junho, quatro dos sete componentes do IPC-Fipe perderam for\u00e7a ou aprofundaram recuo: Habita\u00e7\u00e3o (de -1,18% em maio para -1,41% na primeira quadrissemana do m\u00eas atual), Alimenta\u00e7\u00e3o (de 1,15% em maio a 0,84%), Transportes (de 0,87% para 0,49%) e Despesas Pessoais (de 2,18% a 1,91%).<\/p>\n\n\n\n<p>Por outro lado, houve acelera\u00e7\u00e3o das categorias Vestu\u00e1rio (de 1,29% para 1,33%) e Educa\u00e7\u00e3o (de 0,09% a 0,13%), enquanto a de Sa\u00fade passou de recuo de 0,01% em todo o m\u00eas de maio a uma alta de 0,08% na primeira quadrissemana de junho.<\/p>\n\n\n\n<p>Veja abaixo como ficaram os componentes do IPC-Fipe na primeira quadrissemana de junho:<\/p>\n\n\n\n<p><strong>&#8211; Habita\u00e7\u00e3o: -1,41%<\/strong><\/p>\n\n\n\n<p><strong>&#8211; Alimenta\u00e7\u00e3o: 0,84%<\/strong><\/p>\n\n\n\n<p><strong>&#8211; Transportes: 0,49%<\/strong><\/p>\n\n\n\n<p><strong>&#8211; Despesas Pessoais: 1,91%<\/strong><\/p>\n\n\n\n<p><strong>&#8211; Sa\u00fade: 0,08%<\/strong><\/p>\n\n\n\n<p><strong>&#8211; Vestu\u00e1rio: 1,33%<\/strong><\/p>\n\n\n\n<p><strong>&#8211; Educa\u00e7\u00e3o: 0,13%<\/strong><\/p>\n\n\n\n<p><strong>&#8211; \u00cdndice Geral: 0,42%<\/strong><\/p>\n\n\n\n<h2 class=\"wp-block-heading\">4 &#8211; Bolsonaro diz que vai falar com Biden sobre papel do Brasil para seguran\u00e7a alimentar e meio ambiente<\/h2>\n\n\n\n<p>O presidente Jair Bolsonaro afirmou nesta quarta-feira (8) que pretende mostrar ao presidente Joe Biden a import\u00e2ncia do Brasil para a seguran\u00e7a alimentar do planeta e defender\u00e1 o que vem sendo feito pelo pa\u00eds na quest\u00e3o ambiental, em reuni\u00e3o bilateral entre os dois l\u00edderes durante a C\u00fapula das Am\u00e9ricas, em Los Angeles, na quinta-feira.<\/p>\n\n\n\n<p>Bolsonaro reiterou que n\u00e3o pretendia ir ao evento &#8220;apenas para tirar fotos&#8221; com demais chefes de Estado, mas disse que foi convencido a participar ap\u00f3s receber convite de um emiss\u00e1rio de Biden enviado ao Pal\u00e1cio do Planalto.<\/p>\n\n\n\n<p>\u201cFoi feito um di\u00e1logo com o assessor do Joe Biden e foi acertada uma bilateral pelo tempo que se fizer necess\u00e1rio, e vamos mostrar o que \u00e9 o Brasil\u201c, afirmou Bolsonaro em evento na Associa\u00e7\u00e3o Comercial do Rio de Janeiro.<\/p>\n\n\n\n<p>\u201cVamos falar sobre seguran\u00e7a alimentar. O mundo n\u00e3o vive mais sem o Brasil, a n\u00e3o ser passando fome\u201c, adicionou.<\/p>\n\n\n\n<p>Bolsonaro, que embarca ainda nesta quarta-feira para a C\u00fapula das Am\u00e9ricas, revelou tamb\u00e9m que est\u00e1 disposto a conversar com Biden sobre a visita que fez no come\u00e7o do ano \u00e0 R\u00fassia, pouco antes de o presidente russo, Vladimir Putin, invadir a Ucr\u00e2nia.<\/p>\n\n\n\n<p>\u201cSe ele tiver alguma pergunta sobre a minha ida \u00e0 R\u00fassia, l\u00f3gico, o que eu puder falar eu vou falar, o que n\u00e3o puder falar n\u00e3o vou falar. Assim como n\u00e3o tenho \u00b4off\u00b4 com a imprensa n\u00e3o tenho \u00b4off\u00b4 com chefe de Estado nenhum fora do Brasil\u201d.<\/p>\n\n\n\n<p>Bolsonaro lembrou que, ap\u00f3s a visita \u00e0 R\u00fassia, 26 navios com fertilizantes aportaram no Brasil, garantindo o plantio da safra no \u201cm\u00ednimo at\u00e9 o primeiro trimestre do ano que vem\u201c.<\/p>\n\n\n\n<p>O presidente reiterou que n\u00e3o quer a guerra, mas optou por uma posi\u00e7\u00e3o de equil\u00edbrio no conflito entre R\u00fassia e Ucr\u00e2nia.<\/p>\n\n\n\n<p>Na reuni\u00e3o com Biden, Bolsonaro disse que tamb\u00e9m vai defender o esfor\u00e7o do pa\u00eds para a preserva\u00e7\u00e3o do meio ambiente. Biden j\u00e1 fez cr\u00edticas p\u00fablicas \u00e0 pol\u00edtica ambiental brasileira, mediante o aumento do desmatamento da Amaz\u00f4nia durante o governo Bolsonaro.<\/p>\n\n\n\n<p>&#8220;Por que os ataques? O que querem com isso? Desgastar o governo ou melhorar a quest\u00e3o concorrencial do que vem do agroneg\u00f3cio?&#8221;, afirmou. \u201cTemos orgulho de nosso pa\u00eds e talvez seja o \u00fanico pa\u00eds do mundo que preserva dois ter\u00e7os de sua \u00e1rea&#8221;.<\/p>\n\n\n\n<p>Bolsonaro tamb\u00e9m disse que espera incluir na pauta do encontro a quest\u00e3o da transi\u00e7\u00e3o energ\u00e9tica, e destacou que o Brasil pode ser no futuro uma &#8220;Opep da energia&#8221; gra\u00e7as ao potencial do hidrog\u00eanio verde.<\/p>\n\n\n\n<h2 class=\"wp-block-heading\">5 &#8211; <strong>C\u00e2mara conclui vota\u00e7\u00e3o do PL que exclui cobran\u00e7a de ICMS sobre bandeiras tarif\u00e1rias<\/strong><\/h2>\n\n\n\n<p>A C\u00e2mara dos Deputados concluiu nesta quarta-feira (8) a vota\u00e7\u00e3o do projeto de lei que impede a incid\u00eancia do <a href=\"https:\/\/investnews.com.br\/geral\/5-fatos-para-hoje-acao-contra-privatizacao-da-eletrobras-votacao-do-icms\/\" class=\"rank-math-link\">ICMS, imposto estadual, sobre as bandeiras tarif\u00e1rias de energia<\/a>. A taxa adicional \u00e9 paga pelos consumidores, por meio da conta de luz, quando h\u00e1 condi\u00e7\u00f5es menos favor\u00e1veis de gera\u00e7\u00e3o de energia no Pa\u00eds. Mais cedo, os parlamentares haviam aprovado o texto-base da proposta, que agora segue para aprecia\u00e7\u00e3o do Senado Federal.<\/p>\n\n\n\n<p>Na pr\u00e1tica, os Estados n\u00e3o poder\u00e3o cobrar o imposto sobre a taxa adicional quando a Ag\u00eancia Nacional de Energia El\u00e9trica (Aneel) acionar as bandeiras amarela, vermelha patamar 1 e vermelha patamar 2. O acionamento desses patamares \u00e9 feito quando h\u00e1 um aumento no custo da gera\u00e7\u00e3o e a necessidade de acionamento de t\u00e9rmicas, o que est\u00e1 ligado principalmente ao volume dos reservat\u00f3rios e das chuvas.<\/p>\n\n\n\n<p>Ap\u00f3s aprova\u00e7\u00e3o do texto-base, deputados analisaram sugest\u00e3o de emenda apresentada pelo deputado Mauro Benevides (PDT-CE), que sugeria a redu\u00e7\u00e3o das al\u00edquotas de PIS\/Cofins apurados pelos agentes de distribui\u00e7\u00e3o nas vendas e no mercado interno, de energia el\u00e9trica para consumidor. A proposta, no entanto, n\u00e3o teve apoio do plen\u00e1rio e foi recusada.<\/p>\n\n\n\n<p>Segundo estimativas obtidas pelo&nbsp;<em>Broadcast<\/em>, sistema de not\u00edcias em tempo real do Grupo Estado, a medida pode resultar em uma economia anual de R$ 2,88 bilh\u00f5es, caso as condi\u00e7\u00f5es de gera\u00e7\u00e3o nos pr\u00f3ximos anos sejam similares \u00e0 que se observou desde 2015, quando foi implementado o sistema de bandeiras tarif\u00e1rias no Pa\u00eds. Em termos porcentuais, mantidas essas premissas, a redu\u00e7\u00e3o m\u00e9dia nas tarifas seria da ordem de 0,7%.<\/p>\n\n\n\n<p>O relator, deputado Rodrigo de Castro (Uni\u00e3o-MG), fez apenas um ajuste de reda\u00e7\u00e3o no texto original, para garantir que a isen\u00e7\u00e3o da cobran\u00e7a do imposto estadual valha para todos os patamares de bandeiras, incluindo as que eventualmente sejam criadas em situa\u00e7\u00f5es excepcionais, como aconteceu em 2021. No ano passado, o governo criou a &#8220;bandeira escassez h\u00eddrica&#8221;, devido \u00e0 grave crise h\u00eddrica que o Pa\u00eds enfrentava.<\/p>\n\n\n\n<p>A proposta faz parte do &#8220;pacote&#8221; defendido pelo presidente da Casa, Arthur Lira (PP-AL), que lidera uma ofensiva do Congresso contra os aumentos das tarifas em 2022. Contudo, o projeto de lei pode n\u00e3o ter efic\u00e1cia neste ano. Devido \u00e0s boas condi\u00e7\u00f5es dos reservat\u00f3rios, especialistas em setor el\u00e9trico estimam que a Aneel deve manter bandeira verde, sem cobran\u00e7a adicional, at\u00e9 o fim do ano.<\/p>\n\n\n\n<p>O sistema de bandeiras tarif\u00e1rias foi criado para indicar os custos da gera\u00e7\u00e3o de energia aos consumidores e atenuar os reajustes das tarifas e o impacto nos or\u00e7amentos das distribuidoras de energia. Antes, o custo da energia em momentos de mais dificuldade para gera\u00e7\u00e3o era repassado \u00e0s tarifas apenas uma vez por ano, no reajuste anual de cada empresa, com incid\u00eancia de juros. Agora, os recursos s\u00e3o cobrados e repassados \u00e0s distribuidoras mensalmente por meio da &#8220;Conta Bandeiras&#8221;.<\/p>\n\n\n\n<p><em>* Com informa\u00e7\u00f5es da Reuters e Estad\u00e3o Conte\u00fado<\/em>.<\/p>\n","protected":false},"excerpt":{"rendered":"<p>Petrobras disse que h\u00e1 possibilidade de o mercado global de \u00f3leo diesel ficar mais pressionado nos pr\u00f3ximos meses<\/p>\n","protected":false},"author":7,"featured_media":330942,"comment_status":"closed","ping_status":"open","sticky":false,"template":"","format":"standard","meta":{"_acf_changed":false,"inline_featured_image":false,"footnotes":""},"categories":[5],"tags":[653,52,1866],"autor-wsj":[],"coauthors":[1494],"class_list":["post-334774","post","type-post","status-publish","format-standard","has-post-thumbnail","hentry","category-economia","tag-combustiveis","tag-inflacao","tag-pagseguro"],"acf":[],"amp_enabled":true,"_links":{"self":[{"href":"https:\/\/investnews.com.br\/inv-api\/wp\/v2\/posts\/334774","targetHints":{"allow":["GET"]}}],"collection":[{"href":"https:\/\/investnews.com.br\/inv-api\/wp\/v2\/posts"}],"about":[{"href":"https:\/\/investnews.com.br\/inv-api\/wp\/v2\/types\/post"}],"author":[{"embeddable":true,"href":"https:\/\/investnews.com.br\/inv-api\/wp\/v2\/users\/7"}],"replies":[{"embeddable":true,"href":"https:\/\/investnews.com.br\/inv-api\/wp\/v2\/comments?post=334774"}],"version-history":[{"count":6,"href":"https:\/\/investnews.com.br\/inv-api\/wp\/v2\/posts\/334774\/revisions"}],"predecessor-version":[{"id":334838,"href":"https:\/\/investnews.com.br\/inv-api\/wp\/v2\/posts\/334774\/revisions\/334838"}],"wp:featuredmedia":[{"embeddable":true,"href":"https:\/\/investnews.com.br\/inv-api\/wp\/v2\/media\/330942"}],"wp:attachment":[{"href":"https:\/\/investnews.com.br\/inv-api\/wp\/v2\/media?parent=334774"}],"wp:term":[{"taxonomy":"category","embeddable":true,"href":"https:\/\/investnews.com.br\/inv-api\/wp\/v2\/categories?post=334774"},{"taxonomy":"post_tag","embeddable":true,"href":"https:\/\/investnews.com.br\/inv-api\/wp\/v2\/tags?post=334774"},{"taxonomy":"autor-wsj","embeddable":true,"href":"https:\/\/investnews.com.br\/inv-api\/wp\/v2\/autor-wsj?post=334774"},{"taxonomy":"author","embeddable":true,"href":"https:\/\/investnews.com.br\/inv-api\/wp\/v2\/coauthors?post=334774"}],"curies":[{"name":"wp","href":"https:\/\/api.w.org\/{rel}","templated":true}]}}