{"id":335421,"date":"2022-06-13T05:00:54","date_gmt":"2022-06-13T08:00:54","guid":{"rendered":"https:\/\/investnews.com.br\/?p=335421"},"modified":"2022-06-13T08:56:42","modified_gmt":"2022-06-13T11:56:42","slug":"para-cada-r-1-investido-em-vacina-ganho-do-pib-foi-de-r-9-diz-estudo","status":"publish","type":"post","link":"https:\/\/investnews.com.br\/economia\/para-cada-r-1-investido-em-vacina-ganho-do-pib-foi-de-r-9-diz-estudo\/","title":{"rendered":"Para cada R$ 1 investido em vacina, ganho do PIB foi de R$ 9, diz estudo"},"content":{"rendered":"\n<p>Para cada R$ 1 investido em vacinas, a economia brasileira cresceu R$ 9. O dado sobre o impacto da <strong>vacina\u00e7\u00e3o contra a covid-19<\/strong> no Produto Interno Bruto (<strong><a href=\"https:\/\/investnews.com.br\/investnews-explica\/pib-o-que-e-para-que-serve-como-funciona-e-como-e-calculado\/\" class=\"rank-math-link\">PIB<\/a><\/strong>) faz parte de um estudo in\u00e9dito feito pela Pfizer Brasil e GO Associados.<\/p>\n\n\n\n<p>Entre os investimentos feitos para combater a pandemia, a vacina\u00e7\u00e3o \u00e9 apontada como aquele de <strong>melhor retorno<\/strong>. Segundo o estudo, do total de<strong> R$ 784,9 bilh\u00f5es<\/strong> de recursos previstos entre 2020 e 2022 direcionados ao combate da pandemia, <strong>R$ 67 bilh\u00f5es<\/strong> foram destinados \u00e0 aquisi\u00e7\u00e3o de vacinas e de insumos para preven\u00e7\u00e3o e controle da doen\u00e7a. Dessa forma, os imunizantes representaram <strong>8,55% do total<\/strong>.<\/p>\n\n\n\n<p>\u201cEsse impacto demonstra que vacinar \u00e9 o melhor investimento em termos de <strong>sa\u00fade p\u00fablica<\/strong>\u201d, disse em nota Gesner Oliveira, professor da Funda\u00e7\u00e3o Get\u00falio Vargas e s\u00f3cio da GO Associados, consultoria que conduziu o estudo. \u201cOs resultados da investiga\u00e7\u00e3o evidenciam como a vacina\u00e7\u00e3o promoveu a <strong>retomada das atividades<\/strong>, incluindo a <a href=\"https:\/\/investnews.com.br\/economia\/brasil-tem-desemprego-de-105-no-tri-ate-abril-diz-ibge\/\">gera\u00e7\u00e3o de trabalho<\/a> e renda.\u201d<\/p>\n\n\n\n<figure class=\"wp-block-image size-large\"><img loading=\"lazy\" decoding=\"async\" width=\"750\" height=\"627\" src=\"https:\/\/media.investnews.com.br\/uploads\/2022\/06\/20220610_Info_INJECAO_NO_PIB.jpg\" alt=\"\" class=\"wp-image-335715\" srcset=\"https:\/\/media.investnews.com.br\/uploads\/2022\/06\/20220610_Info_INJECAO_NO_PIB.jpg 750w, https:\/\/media.investnews.com.br\/uploads\/2022\/06\/20220610_Info_INJECAO_NO_PIB-300x251.jpg 300w, https:\/\/media.investnews.com.br\/uploads\/2022\/06\/20220610_Info_INJECAO_NO_PIB-172x144.jpg 172w, https:\/\/media.investnews.com.br\/uploads\/2022\/06\/20220610_Info_INJECAO_NO_PIB-150x125.jpg 150w\" sizes=\"auto, (max-width: 750px) 100vw, 750px\" \/><\/figure>\n\n\n\n<p>O avan\u00e7o da vacina\u00e7\u00e3o no Brasil levou a uma <strong>redu\u00e7\u00e3o do n\u00famero de mortes por covid-19<\/strong> na compara\u00e7\u00e3o com os picos registrados no pior momento da pandemia. Isso possibilitou a <strong>flexibiliza\u00e7\u00e3o de medidas de restri\u00e7\u00e3o<\/strong> e ajudou a economia. Dados do Instituto Brasileiro de Geografia Estat\u00edstica (<strong>IBGE<\/strong>) apontam que o <a href=\"https:\/\/investnews.com.br\/economia\/pib-do-brasil-cresce-1-no-1o-tri-de-2022\/\">crescimento de 1% do Produto Interno Bruto (PIB)<\/a> no primeiro trimestre foi puxado especialmente pelo <strong>setor de servi\u00e7os<\/strong>, com o aumento no movimento de restaurantes e o retorno do turismo, por exemplo.<\/p>\n\n\n\n<p>\u201cO investimento na vacina foi muito importante para a gente voltar a esse &#8216;novo normal&#8217; mais r\u00e1pido\u201d, comentou Piter Carvalho, economista da Valor Investimentos, ao <em>InvestNews<\/em>. \u201cSe a gente tivesse se organizado e come\u00e7ado antes esse processo, a economia hoje at\u00e9 teria resultados melhores. Como a gente viu, quando finalizou o uso de m\u00e1scaras,<strong> o setor de servi\u00e7os deu uma disparada<\/strong>.\u201d&nbsp;<\/p>\n\n\n\n<figure class=\"wp-block-image size-large\"><img loading=\"lazy\" decoding=\"async\" width=\"1024\" height=\"687\" src=\"https:\/\/media.investnews.com.br\/uploads\/2022\/06\/2022-05-12T121114Z_1_LYNXNPEI4B0KU_RTROPTP_4_MACRO-SERVICOS-MARCO-1024x687.jpg\" alt=\"\" class=\"wp-image-335425\" srcset=\"https:\/\/media.investnews.com.br\/uploads\/2022\/06\/2022-05-12T121114Z_1_LYNXNPEI4B0KU_RTROPTP_4_MACRO-SERVICOS-MARCO-1024x687.jpg 1024w, https:\/\/media.investnews.com.br\/uploads\/2022\/06\/2022-05-12T121114Z_1_LYNXNPEI4B0KU_RTROPTP_4_MACRO-SERVICOS-MARCO-300x201.jpg 300w, https:\/\/media.investnews.com.br\/uploads\/2022\/06\/2022-05-12T121114Z_1_LYNXNPEI4B0KU_RTROPTP_4_MACRO-SERVICOS-MARCO-768x515.jpg 768w, https:\/\/media.investnews.com.br\/uploads\/2022\/06\/2022-05-12T121114Z_1_LYNXNPEI4B0KU_RTROPTP_4_MACRO-SERVICOS-MARCO-1536x1030.jpg 1536w, https:\/\/media.investnews.com.br\/uploads\/2022\/06\/2022-05-12T121114Z_1_LYNXNPEI4B0KU_RTROPTP_4_MACRO-SERVICOS-MARCO-1256x842.jpg 1256w, https:\/\/media.investnews.com.br\/uploads\/2022\/06\/2022-05-12T121114Z_1_LYNXNPEI4B0KU_RTROPTP_4_MACRO-SERVICOS-MARCO-172x115.jpg 172w, https:\/\/media.investnews.com.br\/uploads\/2022\/06\/2022-05-12T121114Z_1_LYNXNPEI4B0KU_RTROPTP_4_MACRO-SERVICOS-MARCO-150x101.jpg 150w, https:\/\/media.investnews.com.br\/uploads\/2022\/06\/2022-05-12T121114Z_1_LYNXNPEI4B0KU_RTROPTP_4_MACRO-SERVICOS-MARCO.jpg 2048w\" sizes=\"auto, (max-width: 1024px) 100vw, 1024px\" \/><figcaption>13\/05\/2021\nConsumidores em bar do Rio de Janeiro\nREUTERS\/Pilar Olivares<\/figcaption><\/figure>\n\n\n\n<p>Mas, apesar desse impulso para o <strong>come\u00e7o da retomada da economia<\/strong>, Rafael Vianna, head comercial private e s\u00f3cio da BRA, acredita que o impacto positivo da vacina\u00e7\u00e3o para o PIB tenha se concentrado nos \u00faltimos trimestres que j\u00e1 se passaram. Nesse cen\u00e1rio, ele v\u00ea <a href=\"https:\/\/investnews.com.br\/economia\/pib-pode-desacelerar-nos-proximos-trimestres-apontam-analistas\/\">dificuldades nos meses que v\u00eam pela frente<\/a>.&nbsp;<\/p>\n\n\n\n<p>\u201cA flexibiliza\u00e7\u00e3o, as pessoas poderem voltar ao dia a dia normal, viajar, consumir, isso tudo j\u00e1 aconteceu. Voc\u00ea j\u00e1 v\u00ea as pessoas na rua, entrando nas lojas. O grande problema em geral <a href=\"https:\/\/investnews.com.br\/economia\/ipca-desacelera-em-maio-2022\/\">tem sido a <strong>infla\u00e7\u00e3o<\/strong><\/a>, n\u00e3o s\u00f3 no Brasil como no mundo inteiro, que acarretou nessa <a href=\"https:\/\/investnews.com.br\/economia\/copom-eleva-selic-a-1275\/\">alta de juros<\/a>\u201d, afirma Vianna, citando tamb\u00e9m a <a href=\"https:\/\/investnews.com.br\/economia\/guerra-na-ucrania-completa-3-meses-o-que-esperar-daqui-para-a-frente\/\">guerra na Ucr\u00e2nia<\/a>.<\/p>\n\n\n\n<h2 class=\"wp-block-heading\"><strong>Al\u00e9m da economia<\/strong><\/h2>\n\n\n\n<p>Al\u00e9m dos impactos econ\u00f4micos do avan\u00e7o da vacina\u00e7\u00e3o contra a covid, o estudo tamb\u00e9m analisou os <strong>resultados sociais e sanit\u00e1rios<\/strong> do pa\u00eds entre os meses de janeiro de 2020 at\u00e9 mar\u00e7o de 2022. Os dados apontam que a vacina <strong>evitou, ao menos, 500 mortes por dia <\/strong>no Brasil s\u00f3 nos primeiros quatro meses a partir de fevereiro de 2021. Desde o come\u00e7o da pandemia, mais de <strong>667 mil<\/strong> brasileiros morreram v\u00edtimas de covid-19.<\/p>\n\n\n\n<p>Segundo o <a href=\"https:\/\/investnews.com.br\/guias\/o-que-e-consorcio\/\">cons\u00f3rcio<\/a> formado por ve\u00edculos de imprensa (Folha, UOL, O Estado de S. Paulo, Extra, O Globo e G1), o Brasil tem atualmente<strong> 77% da popula\u00e7\u00e3o vacinada contra a covid-19 com duas doses<\/strong> do imunizante ou dose \u00fanica. J\u00e1 o percentual dos que tomaram a<strong> dose de refor\u00e7o \u00e9 de 44%<\/strong>.<\/p>\n\n\n\n<p>O levantamento da Pfizer e da GO Associados mostra que os maiores esfor\u00e7os de vacina\u00e7\u00e3o devem ser feitos entre os <strong>mais jovens<\/strong>, principalmente os menores de 19 anos. Enquanto a m\u00e9dia \u00e9 de 1,07 doses aplicadas na faixa de 5 a 11 anos e 1,35 doses de 12 a 19 anos, as faixas a partir de 20 anos partem de uma m\u00e9dia de 1,99 doses.<\/p>\n\n\n\n<p>Um outro recorte do estudo constata a <strong>hesita\u00e7\u00e3o \u00e0 vacina\u00e7\u00e3o infantil<\/strong>, e confirma que est\u00e1 potencialmente relacionada com<strong> propaga\u00e7\u00e3o de fake news <\/strong>em redes sociais.<\/p>\n\n\n\n<p>\u201cA <strong>baixa cobertura vacinal<\/strong> que registramos atualmente nos coloca diante de um <strong>cen\u00e1rio preocupante<\/strong>. Precisamos mudar isso, antes que tenhamos o registro elevado de casos como de meningite, sarampo e at\u00e9 mesmo de poliomielite que amea\u00e7a retornar ao pa\u00eds, entre <strong>outras doen\u00e7as<\/strong> que podem provocar condi\u00e7\u00f5es graves, com sequelas irrevers\u00edveis\u201d, afirmou em nota Isabella Ballalai, vice-presidente da Sociedade Brasileira de Imuniza\u00e7\u00f5es (SBIm).<\/p>\n\n\n\n<p>O economista Piter Carvalho, da Valor Investimentos, defende que \u201c\u00e9 importante ter mais vacinas e que o Brasil continue uma pol\u00edtica de vacina\u00e7\u00e3o.\u201d&nbsp;<\/p>\n\n\n\n<p>\u201cA pandemia n\u00e3o foi embora. Isso \u00e9 importante ressaltar. Fatalmente vamos ter <strong>novas variantes<\/strong>, talvez at\u00e9 alguns surtos em algum momento. Ou seja, esse ainda vai ser o nosso &#8216;novo normal&#8217;. A gente ainda n\u00e3o vai abandonar as m\u00e1scaras para sempre t\u00e3o cedo\u201d, diz Carvalho. \u201cSem gente, n\u00e3o vai ter dinheiro. N\u00e3o vai ter economia,<strong> n\u00e3o vai ter PIB<\/strong>. N\u00e3o vai ter nada.\u201d&nbsp;<\/p>\n\n\n\n<figure class=\"wp-block-image size-large\"><img loading=\"lazy\" decoding=\"async\" width=\"800\" height=\"515\" src=\"https:\/\/media.investnews.com.br\/uploads\/2022\/06\/2022-06-02T122206Z_1_LYNXMPEI510I6_RTROPTP_3_MACRO-IBC-BR-DEZEMBR.jpg\" alt=\"\" class=\"wp-image-335426\" srcset=\"https:\/\/media.investnews.com.br\/uploads\/2022\/06\/2022-06-02T122206Z_1_LYNXMPEI510I6_RTROPTP_3_MACRO-IBC-BR-DEZEMBR.jpg 800w, https:\/\/media.investnews.com.br\/uploads\/2022\/06\/2022-06-02T122206Z_1_LYNXMPEI510I6_RTROPTP_3_MACRO-IBC-BR-DEZEMBR-300x193.jpg 300w, https:\/\/media.investnews.com.br\/uploads\/2022\/06\/2022-06-02T122206Z_1_LYNXMPEI510I6_RTROPTP_3_MACRO-IBC-BR-DEZEMBR-768x494.jpg 768w, https:\/\/media.investnews.com.br\/uploads\/2022\/06\/2022-06-02T122206Z_1_LYNXMPEI510I6_RTROPTP_3_MACRO-IBC-BR-DEZEMBR-172x111.jpg 172w, https:\/\/media.investnews.com.br\/uploads\/2022\/06\/2022-06-02T122206Z_1_LYNXMPEI510I6_RTROPTP_3_MACRO-IBC-BR-DEZEMBR-150x97.jpg 150w\" sizes=\"auto, (max-width: 800px) 100vw, 800px\" \/><figcaption>Consumidores caminham por rua comercial do Rio de Janeiro\n16\/09\/2020\nREUTERS\/Ricardo Moraes<\/figcaption><\/figure>\n\n\n\n<p><br><\/p>\n","protected":false},"excerpt":{"rendered":"<p>Pesquisa aponta vacina\u00e7\u00e3o como investimento de melhor retorno; economistas comentam impactos.<\/p>\n","protected":false},"author":31,"featured_media":250806,"comment_status":"closed","ping_status":"open","sticky":false,"template":"","format":"standard","meta":{"_acf_changed":false,"inline_featured_image":false,"footnotes":""},"categories":[5],"tags":[53],"autor-wsj":[],"coauthors":[1908],"class_list":["post-335421","post","type-post","status-publish","format-standard","has-post-thumbnail","hentry","category-economia","tag-pib"],"acf":[],"amp_enabled":true,"_links":{"self":[{"href":"https:\/\/investnews.com.br\/inv-api\/wp\/v2\/posts\/335421","targetHints":{"allow":["GET"]}}],"collection":[{"href":"https:\/\/investnews.com.br\/inv-api\/wp\/v2\/posts"}],"about":[{"href":"https:\/\/investnews.com.br\/inv-api\/wp\/v2\/types\/post"}],"author":[{"embeddable":true,"href":"https:\/\/investnews.com.br\/inv-api\/wp\/v2\/users\/31"}],"replies":[{"embeddable":true,"href":"https:\/\/investnews.com.br\/inv-api\/wp\/v2\/comments?post=335421"}],"version-history":[{"count":8,"href":"https:\/\/investnews.com.br\/inv-api\/wp\/v2\/posts\/335421\/revisions"}],"predecessor-version":[{"id":335716,"href":"https:\/\/investnews.com.br\/inv-api\/wp\/v2\/posts\/335421\/revisions\/335716"}],"wp:featuredmedia":[{"embeddable":true,"href":"https:\/\/investnews.com.br\/inv-api\/wp\/v2\/media\/250806"}],"wp:attachment":[{"href":"https:\/\/investnews.com.br\/inv-api\/wp\/v2\/media?parent=335421"}],"wp:term":[{"taxonomy":"category","embeddable":true,"href":"https:\/\/investnews.com.br\/inv-api\/wp\/v2\/categories?post=335421"},{"taxonomy":"post_tag","embeddable":true,"href":"https:\/\/investnews.com.br\/inv-api\/wp\/v2\/tags?post=335421"},{"taxonomy":"autor-wsj","embeddable":true,"href":"https:\/\/investnews.com.br\/inv-api\/wp\/v2\/autor-wsj?post=335421"},{"taxonomy":"author","embeddable":true,"href":"https:\/\/investnews.com.br\/inv-api\/wp\/v2\/coauthors?post=335421"}],"curies":[{"name":"wp","href":"https:\/\/api.w.org\/{rel}","templated":true}]}}