{"id":335692,"date":"2022-06-13T08:33:22","date_gmt":"2022-06-13T11:33:22","guid":{"rendered":"https:\/\/investnews.com.br\/?p=335692"},"modified":"2024-06-24T11:06:08","modified_gmt":"2024-06-24T14:06:08","slug":"morning-call-bolsas-caem-no-inicio-da-semana-com-super-quarta","status":"publish","type":"post","link":"https:\/\/investnews.com.br\/financas\/morning-call-bolsas-caem-no-inicio-da-semana-com-super-quarta\/","title":{"rendered":"Morning Call: bolsas caem no in\u00edcio da semana com Super Quarta"},"content":{"rendered":"\n<h2 class=\"wp-block-heading\"> <strong>Cen\u00e1rio Global e de Bolsa de Valores<\/strong><\/h2>\n\n\n\n<p>A semana come\u00e7a com os mercados asi\u00e1ticos em queda e investidores acompanhando as atualiza\u00e7\u00f5es das autoridades chinesas sobre os novos casos de covid ap\u00f3s o porta-voz do governo ter afirmado que Pequim passa por um novo surto de casos. O fato do governo ter a pol\u00edtica de covid zero e a expectativa de um aperto monet\u00e1rio pelo Fed contribu\u00edram para o desempenho dessa segunda com Nikkei: -3,01%, Shanghai: -0,89%, Hang Seng: -3,39%, \u00cdndia: -2,64%, Taiwan: -2,36% e Coreia do Sul: -3,52%.<\/p>\n\n\n\n<p>Na Europa o clima tamb\u00e9m \u00e9 de queda ap\u00f3s a declara\u00e7\u00e3o de Fran\u00e7ois Villeroy de Galhau, membro do conselho do BCE, que a infla\u00e7\u00e3o na zona do Euro est\u00e1 muito disseminada e que isso requer uma eleva\u00e7\u00e3o de juros graduais, a partir de julho, tendo como base uma taxa neutra entre 1% e 2%.<\/p>\n\n\n\n<p>Nos EUA, a semana ser\u00e1 agitada com a decis\u00e3o do FOMC, equivalente ao nosso <a href=\"https:\/\/investnews.com.br\/guias\/copom-taxa-selic\/\">Copom<\/a>, para a taxa de juros do pa\u00eds na quarta feira, 15\/06 acompanhada da coletiva de imprensa para atualizar o mercados das vis\u00f5es dos dirigentes do Banco Central. Na semana passada foi divulgado o \u00edndice de pre\u00e7os dos EUA, CPI, que registrou alta de 1% em maio superando as expectativas de 0,6% do mercado fazendo com que a infla\u00e7\u00e3o fosse a mais alta desde 1981, preocupando ainda mais os investidores fazendo com que o mercado aposte em uma mudan\u00e7a na taxa de juros do intervalo de 0,75% e 1% para 1,25% e 1,50% e grandes chances de terminar o ano de 2022 com o intervalo de 3,25% e 3,50%.<\/p>\n\n\n\n<h2 class=\"wp-block-heading\"> <strong>Cen\u00e1rio no Brasil e Ibovespa<\/strong><\/h2>\n\n\n\n<p>Um dos eventos que deve ganhar destaque entre investidores por aqui \u00e9 a vota\u00e7\u00e3o hoje, 13\/06, do Projeto de Lei Complementar <a href=\"https:\/\/investnews.com.br\/geral\/bolsonaro-quer-compensar-estados-que-zerarem-icms\/\" class=\"rank-math-link\">14\/2022<\/a> no Senado que discute o limite de 17% de <a href=\"https:\/\/investnews.com.br\/guias\/o-que-e-icms\/\">ICMS<\/a> sobre combust\u00edveis que pode custar R$ 40 bilh\u00f5es aos cofres da Uni\u00e3o que seriam contabilizados fora do teto de gastos atrav\u00e9s de verbas extraordin\u00e1rias.<\/p>\n\n\n\n<p>O segundo evento para acompanhar na semana \u00e9 a super quarta, 15\/06, que, al\u00e9m de contar com a decis\u00e3o da taxa de juros pelo FOMC nos EUA, ter\u00e1 a decis\u00e3o de pol\u00edtica monet\u00e1ria da Selic pelo  Copom. Mesmo com a divulga\u00e7\u00e3o do <a href=\"https:\/\/investnews.com.br\/economia\/ipca-desacelera-em-maio-2022\/\" class=\"rank-math-link\">IPCA <\/a>de maio abaixo das expectativas (0,47% ante 0,6% de proje\u00e7\u00e3o), o mercado tem como consenso uma alta de 0,50 p.p. para a <a href=\"https:\/\/investnews.com.br\/guias\/taxa-selic\/\">taxa Selic<\/a> que deve passar dos 12,75% para 13,25% nessa semana. A expectativa de mercado embutida na curva de juros que antes era de mais um aumento de 0,50 p.p. para agosto agora indica duas altas de 0,25 p.p. mas mantendo a Selic terminal em 13,75%.<\/p>\n\n\n\n<p>Na \u00faltima semana o Ibov acabou sofrendo e n\u00e3o conseguiu se manter acima da m\u00e9dia m\u00f3vel de 200 per\u00edodos do gr\u00e1fico di\u00e1rio. A dire\u00e7\u00e3o atual indica que pode vir a testar o suporte dos 103.000 pontos onde a m\u00e9dia m\u00f3vel de 200 per\u00edodos semanal est\u00e1 localizada.<\/p>\n\n\n\n<figure class=\"wp-block-image size-large\"><img decoding=\"async\" src=\"https:\/\/www.tradingview.com\/x\/cxBVX2qz\/\" alt=\"\"\/><figcaption>fonte: TradingView<\/figcaption><\/figure>\n\n\n\n<h2 class=\"wp-block-heading\"> <strong>Indicadores econ\u00f4micos e eventos<\/strong><\/h2>\n\n\n\n<figure class=\"wp-block-table\"><table class=\"\"><tbody><tr><td><strong>Brasil<\/strong><\/td><\/tr><tr><td>BC n\u00e3o informou se publicar\u00e1 atualiza\u00e7\u00e3o do Boletim Focus <\/td><\/tr><tr><td>Roberto Campos Neto participa, por videoconfer\u00eancia, de reuni\u00e3o do Banking and Risk Management Committee (BRC), promovida pelo BIS (7h30) <\/td><\/tr><tr><td>Paulo Guedes se re\u00fane, em Bras\u00edlia, com o presidente da Associa\u00e7\u00e3o Brasileira de Incorporadoras Imobili\u00e1rias (Abrainc), Luiz Fran\u00e7a (9h) <\/td><\/tr><tr><td><strong> Su\u00ed\u00e7a <\/strong><\/td><\/tr><tr><td>Confer\u00eancia Ministerial da OMC  <\/td><\/tr><tr><td><strong>Emirados \u00c1rabes<\/strong> <\/td><\/tr><tr><td> Vice-presidente do BCE, Luis de Guindos, participa de evento organizado pelo Arab Monetary Fund (8h) <\/td><\/tr><tr><td><strong>EUA <\/strong><\/td><\/tr><tr><td>Vice-presidente do Fed, Lael Brainard, faz discurso na National Community Reinvestment Coalition (NCRC) (15h) <\/td><\/tr><\/tbody><\/table><\/figure>\n","protected":false},"excerpt":{"rendered":"<p>Os principais fatos que podem impactar os mercados e uma breve an\u00e1lise do nosso \u00edndice Bovespa.<\/p>\n","protected":false},"author":46,"featured_media":312569,"comment_status":"closed","ping_status":"open","sticky":false,"template":"","format":"standard","meta":{"_acf_changed":false,"inline_featured_image":false,"footnotes":""},"categories":[4],"tags":[226,1669,722,1357,721,639,479,1246],"autor-wsj":[],"coauthors":[2364],"class_list":["post-335692","post","type-post","status-publish","format-standard","has-post-thumbnail","hentry","category-financas","tag-bolsa-de-valores","tag-bolsas-americanas","tag-bolsas-asiaticas","tag-bolsas-de-nova-york","tag-bolsas-europeias","tag-copom","tag-fed","tag-federal-reserve"],"acf":[],"amp_enabled":true,"_links":{"self":[{"href":"https:\/\/investnews.com.br\/inv-api\/wp\/v2\/posts\/335692","targetHints":{"allow":["GET"]}}],"collection":[{"href":"https:\/\/investnews.com.br\/inv-api\/wp\/v2\/posts"}],"about":[{"href":"https:\/\/investnews.com.br\/inv-api\/wp\/v2\/types\/post"}],"author":[{"embeddable":true,"href":"https:\/\/investnews.com.br\/inv-api\/wp\/v2\/users\/46"}],"replies":[{"embeddable":true,"href":"https:\/\/investnews.com.br\/inv-api\/wp\/v2\/comments?post=335692"}],"version-history":[{"count":3,"href":"https:\/\/investnews.com.br\/inv-api\/wp\/v2\/posts\/335692\/revisions"}],"predecessor-version":[{"id":335745,"href":"https:\/\/investnews.com.br\/inv-api\/wp\/v2\/posts\/335692\/revisions\/335745"}],"wp:featuredmedia":[{"embeddable":true,"href":"https:\/\/investnews.com.br\/inv-api\/wp\/v2\/media\/312569"}],"wp:attachment":[{"href":"https:\/\/investnews.com.br\/inv-api\/wp\/v2\/media?parent=335692"}],"wp:term":[{"taxonomy":"category","embeddable":true,"href":"https:\/\/investnews.com.br\/inv-api\/wp\/v2\/categories?post=335692"},{"taxonomy":"post_tag","embeddable":true,"href":"https:\/\/investnews.com.br\/inv-api\/wp\/v2\/tags?post=335692"},{"taxonomy":"autor-wsj","embeddable":true,"href":"https:\/\/investnews.com.br\/inv-api\/wp\/v2\/autor-wsj?post=335692"},{"taxonomy":"author","embeddable":true,"href":"https:\/\/investnews.com.br\/inv-api\/wp\/v2\/coauthors?post=335692"}],"curies":[{"name":"wp","href":"https:\/\/api.w.org\/{rel}","templated":true}]}}