{"id":335739,"date":"2022-06-13T10:34:12","date_gmt":"2022-06-13T13:34:12","guid":{"rendered":"https:\/\/investnews.com.br\/?p=335739"},"modified":"2022-06-13T21:13:09","modified_gmt":"2022-06-14T00:13:09","slug":"ibovespa-dolar-cotacao-13-06-2022","status":"publish","type":"post","link":"https:\/\/investnews.com.br\/financas\/ibovespa-dolar-cotacao-13-06-2022\/","title":{"rendered":"Ibovespa atinge o menor patamar em 6 meses; d\u00f3lar dispara e vai a R$ 5,11"},"content":{"rendered":"\n<p>O&nbsp;<strong>Ibovespa<\/strong>, principal \u00edndice da bolsa brasileira, encerrou a segunda-feira (13) em forte queda, enquanto o d\u00f3lar disparou. O mercado acompanhou o cen\u00e1rio de pessimismo l\u00e1 fora, com temores de que um aumento de juros mais alto gere um cen\u00e1rio de recess\u00e3o, especialmente nos Estados Unidos.<\/p>\n\n\n\n<p>O Ibovespa caiu <strong>2,73%<\/strong>, aos 102.598 pontos, o menor patamar registrado desde o dia 10 de janeiro. No pior momento do preg\u00e3o, o indicador chegou aos 101.700 pontos, recuo de 3,58%.O volume financeiro atingiu R$ 22,7 bilh\u00f5es. <\/p>\n\n\n\n<p>J\u00e1 o d\u00f3lar avan\u00e7ou <strong>2,56%<\/strong>, negociado a <strong>R$ 5,1146<\/strong>, ap\u00f3s chegar a R$ 5,1374 no pico do dia.<\/p>\n\n\n\n<ul class=\"wp-block-list\"><li><em>Cota\u00e7\u00e3o do <\/em><a href=\"https:\/\/investnews.com.br\/cotacao\/\"><em>Ibovespa hoje<\/em><\/a><\/li><li><em>Cota\u00e7\u00e3o do <\/em><a href=\"https:\/\/investnews.com.br\/cotacao\/cambio\/\"><em>d\u00f3lar hoje<\/em><\/a><\/li><li><em>Cota\u00e7\u00e3o de <\/em><a href=\"https:\/\/investnews.com.br\/cotacao\/criptomoedas\/\"><em>criptomoedas hoje<\/em><\/a><\/li><\/ul>\n\n\n\n<figure class=\"wp-block-embed-youtube wp-block-embed is-type-video is-provider-youtube wp-embed-aspect-16-9 wp-has-aspect-ratio\"><div class=\"wp-block-embed__wrapper\">\n<iframe loading=\"lazy\" title=\"Medo de recess\u00e3o derruba bolsas; mercado exagerou?\" width=\"500\" height=\"281\" src=\"https:\/\/www.youtube.com\/embed\/4847LY6uz8o?start=1360&#038;feature=oembed\" frameborder=\"0\" allow=\"accelerometer; autoplay; clipboard-write; encrypted-media; gyroscope; picture-in-picture; web-share\" referrerpolicy=\"strict-origin-when-cross-origin\" allowfullscreen><\/iframe>\n<\/div><\/figure>\n\n\n\n<p>&#8220;O mundo est\u00e1 preocupado com o risco de <a href=\"https:\/\/www.youtube.com\/watch?v=oC1ln9V-kEE\" class=\"rank-math-link\" target=\"_blank\" rel=\"noopener\">estagfla\u00e7\u00e3o<\/a>&#8220;, afirmou o profissional da tesouraria de um banco em S\u00e3o Paulo, referindo-se ao termo que define o per\u00edodo quando h\u00e1&nbsp;<strong>infla\u00e7\u00e3o&nbsp;elevada e queda da atividade econ\u00f4mica<\/strong>.<\/p>\n\n\n\n<p>Os holofotes est\u00e3o voltados principalmente para o Federal Reserve (Fed), banco central dos Estados Unidos, que anuncia na quarta-feira decis\u00e3o sobre a taxa de juros no pa\u00eds. O mercado espera nova alta de 0,5 ponto percentual. Investidores buscar\u00e3o sinais sobre os passos seguintes, em especial ap\u00f3s setembro.<\/p>\n\n\n\n<p>Para economistas do Ita\u00fa Unibanco, os riscos de uma recess\u00e3o iminente parecem exagerados, considerando o crescimento resiliente nos EUA e na Europa e a reabertura na China.<\/p>\n\n\n\n<p>&#8220;No entanto, esses fatores n\u00e3o devem trazer um al\u00edvio significativo e duradouro para pre\u00e7os de ativos, uma vez que a&nbsp;infla\u00e7\u00e3o&nbsp;elevada ir\u00e1 levar a maiores taxas de juros nos Estados Unidos e na Europa&#8221;, afirmou a equipe liderada por Mario Mesquita, em relat\u00f3rio enviado a clientes nesta segunda-feira.<\/p>\n\n\n\n<p>Na \u00faltima sexta-feira,<a href=\"https:\/\/investnews.com.br\/economia\/precos-de-gasolina-e-alimentos-impulsionam-inflacao-dos-eua-em-maio\/\" class=\"rank-math-link\"> dados dos EUA sobre pre\u00e7os ao consumidor <\/a>mais fortes do que as expectativas endossaram as afli\u00e7\u00f5es com o rumo dos juros no pa\u00eds.<\/p>\n\n\n\n<p>Em paralelo, o Banco Central no Brasil tamb\u00e9m decidir\u00e1 sobre a <a href=\"https:\/\/investnews.com.br\/guias\/taxa-selic\/\" class=\"rank-math-link\">taxa Selic<\/a> nesta quarta-feira (15), em um ambiente de<a href=\"https:\/\/investnews.com.br\/economia\/ipca-desacelera-em-maio-2022\/\" class=\"rank-math-link\">&nbsp;infla\u00e7\u00e3o&nbsp;tamb\u00e9m elevada<\/a> e possibilidade dos <a href=\"https:\/\/investnews.com.br\/boletim-investnews\/resumao-imposto-dos-combustiveis-zerado-e-mais-2-temas-da-semana\/\" class=\"rank-math-link\">pre\u00e7os de combust\u00edveis<\/a> n\u00e3o oferecerem um al\u00edvio relevante no m\u00e9dio prazo mesmo com <strong>propostas de desonera\u00e7\u00e3o<\/strong> em Bras\u00edlia.<\/p>\n\n\n\n<p>Idean Alves, s\u00f3cio e chefe da mesa de opera\u00e7\u00f5es da A\u00e7\u00e3o Brasil Investimentos, escrit\u00f3rio credenciado da XP Investimentos, acrescentou que h\u00e1 um movimento de alta do d\u00f3lar, que ocorre devido ao aumento da avers\u00e3o a risco, assim como dos temores da infla\u00e7\u00e3o alta que segue forte em todo o mundo, gerando fuga de capital para as economias mais seguras e ativos de maior qualidade. <\/p>\n\n\n\n<p>&#8220;Esse movimento tamb\u00e9m pode indicar um prel\u00fadio da t\u00e3o falada recess\u00e3o de n\u00edvel global. A esperan\u00e7a \u00e9 que ela seja menos aguda do que se anuncia&#8221;, escreveu. <\/p>\n\n\n\n<h2 class=\"wp-block-heading\"><strong>Bolsas mundiais<\/strong><\/h2>\n\n\n\n<h3 class=\"wp-block-heading\">Wall Street<\/h3>\n\n\n\n<p>Os principais \u00edndices de Wall Street encerraram a segunda-feira em queda. O \u00edndice S&amp;P 500 perdeu 3,88%, a 3.749 pontos, enquanto o Dow Jones caiu 2,79%, a 30.516 pontos. O \u00edndice de tecnologia Nasdaq Composite desabou 4,68%, a 10.809 pontos. <\/p>\n\n\n\n<h3 class=\"wp-block-heading\">Europa<\/h3>\n\n\n\n<p>As a\u00e7\u00f5es europeias ca\u00edram para m\u00ednimas de tr\u00eas meses, tamb\u00e9m diante de perspectivas de aumentos mais fortes de juros nos EUA. O \u00edndice pan-europeu STOXX 600 fechou em queda de 2,41%, a 412,52 pontos, para seu n\u00edvel mais baixo desde 7 de mar\u00e7o.<\/p>\n\n\n\n<p>O STOXX 600 perde quase 16,5% desde que atingiu um recorde em janeiro, com receios sobre a infla\u00e7\u00e3o em alta, o aperto da pol\u00edtica monet\u00e1ria pelos bancos centrais e as recentes restri\u00e7\u00f5es contra a covid-19 na China levantando preocupa\u00e7\u00f5es sobre uma poss\u00edvel recess\u00e3o.<\/p>\n\n\n\n<ul class=\"wp-block-list\"><li>Em LONDRES, o \u00edndice Financial Times recuou 1,53%, a 7.205,81 pontos.<\/li><li>Em FRANKFURT, o \u00edndice DAX caiu 2,43%, a 13.427,03 pontos.<\/li><li>Em PARIS, o \u00edndice CAC-40 perdeu 2,67%, a 6.022,32 pontos.<\/li><li>Em MIL\u00c3O, o \u00edndice Ftse\/Mib teve desvaloriza\u00e7\u00e3o de 2,79%, a 21.918,04 pontos.<\/li><li>Em MADRI, o \u00edndice Ibex-35 registrou baixa de 2,47%, a 8.183,30 pontos.<\/li><li>Em LISBOA, o \u00edndice PSI20 desvalorizou-se 1,18%, a 6.016,09 pontos.<\/li><\/ul>\n\n\n\n<h3 class=\"wp-block-heading\"><strong>\u00c1sia e Pac\u00edfico<\/strong><\/h3>\n\n\n\n<p>As a\u00e7\u00f5es da China ca\u00edram nesta segunda-feira e o mercado de Hong Kong registrou o maior decl\u00ednio intradi\u00e1rio desde 6 de maio, j\u00e1 que a i<strong>ncerteza em rela\u00e7\u00e3o \u00e0 covid-19<\/strong> desencadeou preocupa\u00e7\u00f5es de<strong> lockdowns<\/strong>, com o mercado asi\u00e1tico tamb\u00e9m de olho nos juros dos EUA.<\/p>\n\n\n\n<ul class=\"wp-block-list\"><li>Em T\u00d3QUIO, o \u00edndice Nikkei recuou 3,01%, a 26.987 pontos.<\/li><li>Em HONG KONG, o \u00edndice HANG SENG caiu 3,39%, a 21.067 pontos.<\/li><li>Em XANGAI, o \u00edndice SSEC perdeu 0,89%, a 3.255 pontos.<\/li><li>O \u00edndice CSI300, que re\u00fane as maiores companhias listadas em XANGAI e SHENZHEN, retrocedeu 1,17%, a 4.189 pontos.<\/li><li>Em SEUL, o \u00edndice KOSPI teve desvaloriza\u00e7\u00e3o de 3,52%, a 2.504 pontos.<\/li><li>Em TAIWAN, o \u00edndice TAIEX registrou baixa de 2,36%, a 16.070 pontos.<\/li><li>Em CINGAPURA, o \u00edndice STRAITS TIMES desvalorizou-se 1,33%, a 3.139 pontos.<\/li><li>Em SYDNEY o \u00edndice S&amp;P\/ASX 200 permaneceu fechado.<\/li><\/ul>\n\n\n\n<p><br><\/p>\n","protected":false},"excerpt":{"rendered":"<p>Temores sobre aumento de juros e recess\u00e3o nos EUA atingiu diversos mercados.<\/p>\n","protected":false},"author":7,"featured_media":333638,"comment_status":"closed","ping_status":"open","sticky":false,"template":"","format":"standard","meta":{"_acf_changed":false,"inline_featured_image":false,"footnotes":""},"categories":[4],"tags":[226,26,52],"autor-wsj":[],"coauthors":[1494],"class_list":["post-335739","post","type-post","status-publish","format-standard","has-post-thumbnail","hentry","category-financas","tag-bolsa-de-valores","tag-dolar","tag-inflacao"],"acf":[],"amp_enabled":true,"_links":{"self":[{"href":"https:\/\/investnews.com.br\/inv-api\/wp\/v2\/posts\/335739","targetHints":{"allow":["GET"]}}],"collection":[{"href":"https:\/\/investnews.com.br\/inv-api\/wp\/v2\/posts"}],"about":[{"href":"https:\/\/investnews.com.br\/inv-api\/wp\/v2\/types\/post"}],"author":[{"embeddable":true,"href":"https:\/\/investnews.com.br\/inv-api\/wp\/v2\/users\/7"}],"replies":[{"embeddable":true,"href":"https:\/\/investnews.com.br\/inv-api\/wp\/v2\/comments?post=335739"}],"version-history":[{"count":47,"href":"https:\/\/investnews.com.br\/inv-api\/wp\/v2\/posts\/335739\/revisions"}],"predecessor-version":[{"id":336058,"href":"https:\/\/investnews.com.br\/inv-api\/wp\/v2\/posts\/335739\/revisions\/336058"}],"wp:featuredmedia":[{"embeddable":true,"href":"https:\/\/investnews.com.br\/inv-api\/wp\/v2\/media\/333638"}],"wp:attachment":[{"href":"https:\/\/investnews.com.br\/inv-api\/wp\/v2\/media?parent=335739"}],"wp:term":[{"taxonomy":"category","embeddable":true,"href":"https:\/\/investnews.com.br\/inv-api\/wp\/v2\/categories?post=335739"},{"taxonomy":"post_tag","embeddable":true,"href":"https:\/\/investnews.com.br\/inv-api\/wp\/v2\/tags?post=335739"},{"taxonomy":"autor-wsj","embeddable":true,"href":"https:\/\/investnews.com.br\/inv-api\/wp\/v2\/autor-wsj?post=335739"},{"taxonomy":"author","embeddable":true,"href":"https:\/\/investnews.com.br\/inv-api\/wp\/v2\/coauthors?post=335739"}],"curies":[{"name":"wp","href":"https:\/\/api.w.org\/{rel}","templated":true}]}}