{"id":337381,"date":"2022-06-19T18:00:00","date_gmt":"2022-06-19T21:00:00","guid":{"rendered":"https:\/\/investnews.com.br\/?p=337381"},"modified":"2025-11-18T17:04:04","modified_gmt":"2025-11-18T20:04:04","slug":"5-assuntos-quentes-para-ficar-de-olho-na-semana","status":"publish","type":"post","link":"https:\/\/investnews.com.br\/economia\/5-assuntos-quentes-para-ficar-de-olho-na-semana\/","title":{"rendered":"5 assuntos que v\u00e3o movimentar a semana"},"content":{"rendered":"\n<p>Os juros futuros reagem na ter\u00e7a-feira (23) \u00e0 <strong>ata do <a href=\"https:\/\/investnews.com.br\/guias\/copom-taxa-selic\/\">Copom<\/a><\/strong>, que deve detalhar a sinaliza\u00e7\u00e3o de continuidade do aperto monet\u00e1rio feita pelo comunicado da reuni\u00e3o que <a href=\"https:\/\/investnews.com.br\/economia\/copom-eleva-selic-em-05-ponto-para-1325\/\" class=\"rank-math-link\">elevou a Selic<\/a> para 13,25%. Entrevistas de dirigentes do Banco Central e o <strong>IPCA-15<\/strong> tamb\u00e9m influenciam as expectativas sobre infla\u00e7\u00e3o e juros, enquanto Petrobras sofre press\u00e3o pol\u00edtica por aumentar combust\u00edveis. <\/p>\n\n\n\n<p>Ap\u00f3s <a href=\"https:\/\/investnews.com.br\/guias\/volatilidade-o-que-e\/\">volatilidade<\/a> com decis\u00e3o do Fed, <strong>falas de Jerome Powell <\/strong>no Congresso dos EUA movimentam o mercado global em semana que come\u00e7a com feriado nos EUA segunda-feira (20.<\/p>\n\n\n\n<h2 class=\"wp-block-heading\">Ata, Guillen, Campos Neto<\/h2>\n\n\n\n<p>O mercado de juros conta com uma agenda forte, com potencial de influenciar as apostas nas altas das taxas de juros. O Banco Central divulga na ter\u00e7a-feira a ata do Copom, que sinalizou com o comunicado divulgado na quarta-feira nova alta da Selic entre 0,25 e 0,50 ponto percentual em agosto. <\/p>\n\n\n\n<p>O comunicado trouxe passagens vistas como <a class=\"rank-math-link\" href=\"https:\/\/investnews.com.br\/guias\/hawkish-e-dovish-entenda-os-cenarios-da-politica-economica\/\">dovish<\/a> pelo mercado, como a men\u00e7\u00e3o ao <a href=\"https:\/\/investnews.com.br\/guias\/o-que-e-ipca\/\">IPCA<\/a> de 2024, cuja proje\u00e7\u00e3o est\u00e1 abaixo da meta, e a troca da express\u00e3o \u201cna meta\u201d por \u201cao redor da meta\u201d. Na quinta-feira, o diretor de pol\u00edtica econ\u00f4mica do BC, Diogo Guillen, far\u00e1 apresenta\u00e7\u00e3o \u00e0s 11:00, seguida de entrevista do presidente Roberto Campos Neto.&nbsp;<\/p>\n\n\n\n<h2 class=\"wp-block-heading\">IPCA-15 e combust\u00edvel<\/h2>\n\n\n\n<p>A divulga\u00e7\u00e3o do relat\u00f3rio trimestral de infla\u00e7\u00e3o foi adiada do dia 23 para dia 30 de junho por conta da greve dos servidores do BC. Antes do RTI, no entanto, o quadro inflacion\u00e1rio poder\u00e1 ser atualizado com a divulga\u00e7\u00e3o de parciais de \u00edndices de pre\u00e7o como o IPCA-15 de junho, que sai na sexta-feira. Em maio, o \u00edndice j\u00e1 teve uma desacelera\u00e7\u00e3o importante, para 0,59%, contra 1,73% em abril. No restante de junho e em julho, no entanto, a infla\u00e7\u00e3o deve sofrer press\u00e3o adicional com o repasse do reajuste dos combust\u00edveis anunciado pela Petrobras nesta sexta-feira. O pre\u00e7o da gasolina subiu 5,2% e o diesel em 14%, no primeiro aumento desde maio. \u201cEsses ajustes n\u00e3o realinhar\u00e3o totalmente os custos dom\u00e9sticos aos pre\u00e7os internacionais. Isso significa que mais ajustes de pre\u00e7os s\u00e3o poss\u00edveis, especialmente se a moeda permanecer sob press\u00e3o\u201d, disse Adriana Dupita, da Bloomberg Economics. Agenda da semana ainda prev\u00ea resultados quadrissemanais do IPC-Fipe e IPC-S.<\/p>\n\n\n\n<h2 class=\"wp-block-heading\">Petrobras e Congresso<\/h2>\n\n\n\n<p>O presidente da C\u00e2mara, Arthur Lira, disse que, na segunda feira, convocar\u00e1 uma reuni\u00e3o de l\u00edderes para&nbsp;<a rel=\"noreferrer noopener\" href=\"https:\/\/twitter.com\/ArthurLira_\/status\/1537580867455012864\" target=\"_blank\" class=\"rank-math-link\">discutir a pol\u00edtica de pre\u00e7os<\/a>&nbsp;da <strong>Petrobras<\/strong> (<a href=\"https:\/\/investnews.com.br\/cotacao\/petr3-petr4-petrobras\/\" class=\"rank-math-link\">PETR4<\/a>). Ele postou a declara\u00e7\u00e3o em sua conta no Twitter ap\u00f3s os jornais noticiarem que a estatal iria anunciar aumento de pre\u00e7os nesta sexta-feira. <\/p>\n\n\n\n<p>Ap\u00f3s o reajuste ser confirmado, Lira disse o governo vai se reunir para discutir os aumentos e que o imposto sobre o lucro da Petrobras pode ser dobrado. Lira disse ainda que o presidente da empresa deveria renunciar imediatamente. O presidente Bolsonaro j\u00e1 <a href=\"https:\/\/investnews.com.br\/negocios\/petrobras-diz-que-conselho-discutiu-mudanca-de-ceo\/\" class=\"rank-math-link\">exonerou o atual presidente<\/a>, Jos\u00e9 Mauro Coelho, e indicou um novo CEO, mas Coelho n\u00e3o antecipou sa\u00edda e vem aguardando os tr\u00e2mites normais da empresa.&nbsp;<\/p>\n\n\n\n<h2 class=\"wp-block-heading\">Powell e Lagarde<\/h2>\n\n\n\n<p>Os mercados reverteram na quinta-feira todo al\u00edvio visto na sess\u00e3o anterior com o fato de o Fed n\u00e3o ter sinalizado manuten\u00e7\u00e3o do ritmo de alta 0,75pp. Nesta sexta, os ativos de risco chegaram a ensaiar o retorno a um desempenho mais positivo, mas a volatilidade prevalece diante do risco de as altas dos juros globais levarem a uma recess\u00e3o. <\/p>\n\n\n\n<p>Por isso, o mercado dever\u00e1 monitorar com aten\u00e7\u00e3o as duas pr\u00f3ximas falas do presidente do Fed, na quarta no Senado e na quinta na C\u00e2mara. Outros dirigentes do Fed, como James Bullard, tamb\u00e9m falam na semana. Na Europa, a presidente do BCE, Christine Lagarde, fala duas vezes no dia 20 e, no dia seguinte, sai a ata do Banco do Jap\u00e3o, que tem resistido a aderir ao aperto monet\u00e1rio dos demais pa\u00edses. Feriado nos EUA na segunda-feira tende a reduzir a liquidez.<\/p>\n\n\n\n<h2 class=\"wp-block-heading\">Empresas<\/h2>\n\n\n\n<p>A <strong>CVC<\/strong> (<a href=\"https:\/\/investnews.com.br\/cotacao\/cvcb3-cvc\/\" class=\"rank-math-link\">CVCB3<\/a>) pretende levantar recursos para lidar com a retomada do turismo. A companhia define no dia 23 o pre\u00e7o por a\u00e7\u00e3o em uma oferta que pode levantar mais de R$ 470 milh\u00f5es, com base no pre\u00e7o dos pap\u00e9is em 13 de junho. <strong>S\u00e3o Martinho<\/strong> (<a href=\"https:\/\/investnews.com.br\/cotacao\/smto3-sao-martinho\/\" class=\"rank-math-link\">SMTO3<\/a>) e <strong>Oi<\/strong> (<a href=\"https:\/\/investnews.com.br\/cotacao\/oibr3-oi\/\" class=\"rank-math-link\">OIBR3<\/a>) divulgam resultados trimestrais e a Samarco tem audi\u00eancia de concilia\u00e7\u00e3o com credores sobre seu plano de recupera\u00e7\u00e3o no dia 21. A Aneel prorrogou at\u00e9 21 de junho a vig\u00eancia das tarifas da&nbsp;<strong>Cemig<\/strong>.<\/p>\n","protected":false},"excerpt":{"rendered":"<p>Os juros futuros reagem na ter\u00e7a-feira (23) \u00e0 ata do Copom, que deve detalhar a sinaliza\u00e7\u00e3o de continuidade do aperto monet\u00e1rio feita pelo comunicado da reuni\u00e3o que elevou a Selic para 13,25%. Entrevistas de dirigentes do Banco Central e o IPCA-15 tamb\u00e9m influenciam as expectativas sobre infla\u00e7\u00e3o e juros, enquanto Petrobras sofre press\u00e3o pol\u00edtica por [&hellip;]<\/p>\n","protected":false},"author":76,"featured_media":278691,"comment_status":"closed","ping_status":"open","sticky":false,"template":"","format":"standard","meta":{"_acf_changed":false,"inline_featured_image":false,"footnotes":""},"categories":[5],"tags":[639,52,170,428,21],"autor-wsj":[],"coauthors":[101325],"class_list":["post-337381","post","type-post","status-publish","format-standard","has-post-thumbnail","hentry","category-economia","tag-copom","tag-inflacao","tag-cvc","tag-oi","tag-petrobras"],"acf":[],"amp_enabled":true,"_links":{"self":[{"href":"https:\/\/investnews.com.br\/inv-api\/wp\/v2\/posts\/337381","targetHints":{"allow":["GET"]}}],"collection":[{"href":"https:\/\/investnews.com.br\/inv-api\/wp\/v2\/posts"}],"about":[{"href":"https:\/\/investnews.com.br\/inv-api\/wp\/v2\/types\/post"}],"author":[{"embeddable":true,"href":"https:\/\/investnews.com.br\/inv-api\/wp\/v2\/users\/76"}],"replies":[{"embeddable":true,"href":"https:\/\/investnews.com.br\/inv-api\/wp\/v2\/comments?post=337381"}],"version-history":[{"count":5,"href":"https:\/\/investnews.com.br\/inv-api\/wp\/v2\/posts\/337381\/revisions"}],"predecessor-version":[{"id":735871,"href":"https:\/\/investnews.com.br\/inv-api\/wp\/v2\/posts\/337381\/revisions\/735871"}],"wp:featuredmedia":[{"embeddable":true,"href":"https:\/\/investnews.com.br\/inv-api\/wp\/v2\/media\/278691"}],"wp:attachment":[{"href":"https:\/\/investnews.com.br\/inv-api\/wp\/v2\/media?parent=337381"}],"wp:term":[{"taxonomy":"category","embeddable":true,"href":"https:\/\/investnews.com.br\/inv-api\/wp\/v2\/categories?post=337381"},{"taxonomy":"post_tag","embeddable":true,"href":"https:\/\/investnews.com.br\/inv-api\/wp\/v2\/tags?post=337381"},{"taxonomy":"autor-wsj","embeddable":true,"href":"https:\/\/investnews.com.br\/inv-api\/wp\/v2\/autor-wsj?post=337381"},{"taxonomy":"author","embeddable":true,"href":"https:\/\/investnews.com.br\/inv-api\/wp\/v2\/coauthors?post=337381"}],"curies":[{"name":"wp","href":"https:\/\/api.w.org\/{rel}","templated":true}]}}