{"id":337547,"date":"2022-06-20T09:50:25","date_gmt":"2022-06-20T12:50:25","guid":{"rendered":"https:\/\/investnews.com.br\/?p=337547"},"modified":"2022-06-20T18:25:19","modified_gmt":"2022-06-20T21:25:19","slug":"presidente-da-petrobras-pode-renunciar-em-meio-a-pressoes-crescentes-diz-jornal","status":"publish","type":"post","link":"https:\/\/investnews.com.br\/economia\/presidente-da-petrobras-pode-renunciar-em-meio-a-pressoes-crescentes-diz-jornal\/","title":{"rendered":"SAIBA TUDO sobre o pedido de demiss\u00e3o de Jos\u00e9 Mauro Coelho da Petrobras"},"content":{"rendered":"\n<p>O presidente-executivo da Petrobras (<a rel=\"noreferrer noopener\" href=\"https:\/\/investnews.com.br\/cotacao\/petr3-petr4-petrobras\/\" target=\"_blank\">PETR3<\/a>,&nbsp;<a rel=\"noreferrer noopener\" href=\"https:\/\/investnews.com.br\/cotacao\/petr3-petr4-petrobras\/\" target=\"_blank\">PETR4<\/a>), <a href=\"https:\/\/investnews.com.br\/economia\/ceo-da-petrobras-e-demitido-do-cargo-dizem-sites\/\" class=\"rank-math-link\">Jos\u00e9 Mauro Coelho,<\/a> pediu demiss\u00e3o do cargo nesta segunda-feira (20), em meio \u00e0 press\u00e3o crescente de pol\u00edticos depois que a estatal anunciou um novo reajuste de pre\u00e7os de combust\u00edveis na semana passada. Ap\u00f3s a not\u00edcia, as <a href=\"https:\/\/investnews.com.br\/guias\/acoes-ordinarias-e-preferenciais-entenda\/\">a\u00e7\u00f5es preferenciais<\/a> <a href=\"https:\/\/investnews.com.br\/financas\/acao-da-petrobras-tem-negociacao-suspensa-apos-demissao-de-ceo\/\" class=\"rank-math-link\">PETR4 chegaram a entrar em leil\u00e3o<\/a>.<\/p>\n\n\n\n<p>Ap\u00f3s de demiss\u00e3o de Coelho, o Conselho de Administra\u00e7\u00e3o nomeou como presidente interino da companhia o Diretor Executivo de Explora\u00e7\u00e3o e Produ\u00e7\u00e3o, <strong>Fernando Borges<\/strong>, at\u00e9 a elei\u00e7\u00e3o e posse de novo presidente.<\/p>\n\n\n\n<blockquote class=\"wp-block-quote is-layout-flow wp-block-quote-is-layout-flow\"><p>&#8220;Petrobras informa que o senhor Jos\u00e9 Mauro Coelho pediu demiss\u00e3o do cargo de presidente da empresa na manh\u00e3 de hoje. A nomea\u00e7\u00e3o de um presidente interino ser\u00e1 examinada pelo Conselho de Administra\u00e7\u00e3o da Petrobras a partir de agora&#8221;<\/p><cite>Comunicado da Petrobras<\/cite><\/blockquote>\n\n\n\n<p>O fato relevante divulgado pela empresa comunicou ainda que Coelho tamb\u00e9m renunciou da vaga de membro do conselho de administra\u00e7\u00e3o.<\/p>\n\n\n\n<p><a href=\"https:\/\/investnews.com.br\/negocios\/conselho-da-petrobras-elege-jose-mauro-coelho-para-a-presidencia-da-estatal\/\" class=\"rank-math-link\">Coelho foi nomeado pelo governo do presidente Jair Bolsonaro<\/a> no in\u00edcio de abril, mas demitido menos de dois meses depois, quando o governo decidiu escolher o alto funcion\u00e1rio do Minist\u00e9rio da Economia <a href=\"https:\/\/investnews.com.br\/economia\/quem-e-o-novo-presidente-da-petrobras-caio-paes-de-andrade\/#:~:text=Quem%20%C3%A9%20o%20novo%20presidente,Caio%20Paes%20de%20Andrade%20%7C%20InvestNews\" class=\"rank-math-link\">Caio Mario Paes de Andrade<\/a> para o cargo de CEO da Petrobras.<\/p>\n\n\n\n<p>Paes de Andrade, no entanto, s\u00f3 pode assumir depois de eleito para o conselho de administra\u00e7\u00e3o da Petrobras, e Coelho estava se mantendo no cargo at\u00e9 ent\u00e3o. A sa\u00edda do cargo de Coelho abre caminho para que Paes de Andrade tenha sua posse acelerada.<\/p>\n\n\n\n<h2 class=\"wp-block-heading\">A\u00e7\u00e3o da Petrobras<\/h2>\n\n\n\n<p>A a\u00e7\u00e3o preferencial da&nbsp;<strong>Petrobras&nbsp;<\/strong>(<a rel=\"noreferrer noopener\" href=\"https:\/\/investnews.com.br\/cotacao\/petr3-petr4-petrobras\/\" target=\"_blank\">PETR4<\/a>) teve as negocia\u00e7\u00f5es suspensas na bolsa brasileira na abertura do mercado nesta segunda. O papel voltou a ser negociado por volta de 10h50, mas segundo comunicado da B3, uma nova<strong> suspens\u00e3o ocorreu entre 11h04 e 11h24.<\/strong> Na m\u00ednima do dia, a a\u00e7\u00e3o chegou a cair 5,12%, mas finalizou a sess\u00e3o com avan\u00e7o de 1,14%, para R$ 27,62. J\u00e1 a ordin\u00e1ria&nbsp;<a rel=\"noreferrer noopener\" href=\"https:\/\/investnews.com.br\/cotacao\/petr3-petr4-petrobras\/\" target=\"_blank\">PETR3<\/a> subiu 0,87%, cotada a R$ 30,19.<\/p>\n\n\n\n<p>Na sexta-feira, a a\u00e7\u00e3o preferencial da Petrobras fechou em<strong> queda de 6,09%<\/strong> e a ordin\u00e1ria <strong>perdeu 7,25%<\/strong>. Os pap\u00e9is chegaram a cair 10% na m\u00ednima do dia, com o mercado reagindo ao an\u00fancio da empresa de&nbsp;<a rel=\"noreferrer noopener\" href=\"https:\/\/investnews.com.br\/economia\/petrobras-reajusta-diesel-em-1426-e-gasolina-sobe-518\/\" target=\"_blank\">elevar o valor do diesel e da gasolina<\/a>&nbsp;nas refinarias. A perda em valor de mercado foi de R$ 27,3 bilh\u00f5es, com preocupa\u00e7\u00f5es de maior press\u00e3o pol\u00edtica sobre a estatal.<\/p>\n\n\n\n<h2 class=\"wp-block-heading\">Press\u00e3o pol\u00edtica<\/h2>\n\n\n\n<p>Na sexta-feira (17), depois que a empresa anunciou que aumentaria os pre\u00e7os da gasolina e do diesel em suas refinarias, o presidente da C\u00e2mara dos Deputados, <strong>Arthur Lira<\/strong> (PP-AL), pediu a ren\u00fancia de Coelho, dizendo que sua gest\u00e3o foi &#8220;um ato de terrorismo corporativo&#8221; e acusando-o de trabalhar &#8220;sistematicamente contra o povo brasileiro&#8221;.<\/p>\n\n\n\n<p>O presidente Jair Bolsonaro, que enfrenta uma campanha de reelei\u00e7\u00e3o dif\u00edcil no pleito de outubro em meio \u00e0 <a href=\"https:\/\/investnews.com.br\/economia\/ipca-desacelera-em-maio-2022\/\" class=\"rank-math-link\">infla\u00e7\u00e3o elevada<\/a> impulsionada pelos pre\u00e7os da energia, disse que o aumento foi uma &#8220;trai\u00e7\u00e3o ao povo brasileiro&#8221; e que ele e Lira conversaram sobre a abertura de uma Comiss\u00e3o Parlamentar de Inqu\u00e9rito (CPI) sobre o conselho de administra\u00e7\u00e3o da Petrobras.<\/p>\n\n\n\n<p>O jornal &#8220;O Globo&#8221; informou que os membros do conselho tamb\u00e9m estavam pedindo a ren\u00fancia de Coelho, e que tal decis\u00e3o poderia impedir o movimento de Lira para iniciar a investiga\u00e7\u00e3o.<\/p>\n\n\n\n<h2 class=\"wp-block-heading\">An\u00e1lise do mercado<\/h2>\n\n\n\n<p>Fl\u00e1vio Conde, analista da Levante Investimentos, aponta que a jun\u00e7\u00e3o de fatores do cen\u00e1rio atual \u201c\u00e9 negativa para as a\u00e7\u00f5es da Petrobras porque o investidor vai ficar, como j\u00e1 estava, desconfiado que&nbsp;<strong>a paridade deve sair da pol\u00edtica da empres<\/strong>a, seja neste governo ou seja num futuro governo, se o candidato Lula realmente ganhar (as elei\u00e7\u00f5es presidenciais)\u201d.<\/p>\n\n\n\n<p>\u201cA Levante n\u00e3o recomenda as a\u00e7\u00f5es da Petrobras para os investidores, porque achamos que o&nbsp;<strong>risco pol\u00edtico<\/strong>&nbsp;n\u00e3o compensa\u201d, diz Conde.<\/p>\n\n\n\n<p>Sidney Lima, analista da Top Gain, comenta que \u201co mercado foi&nbsp;<strong>pego de surpresa<\/strong>&nbsp;com o pedido de sa\u00edda do Jos\u00e9 Mauro Coelho. Ele tem sofrido uma s\u00e9rie de press\u00f5es por parte do governo. O Bolsonaro tem declarado uma guerra aberta ao presidente (da Petrobras), principalmente por quest\u00e3o dos combust\u00edveis\u201d.<\/p>\n\n\n\n<p>O analista afirma, no entanto, que a sa\u00edda de Coelho j\u00e1 estava precificada pelo mercado, j\u00e1 que o executivo havia sido&nbsp;<a href=\"https:\/\/investnews.com.br\/economia\/ceo-da-petrobras-e-demitido-do-cargo-dizem-sites\/\" target=\"_blank\" rel=\"noreferrer noopener\">demitido pelo presidente Jair Bolsonaro<\/a>&nbsp;em maio e estava no cargo somente por quest\u00f5es burocr\u00e1ticas at\u00e9 sua substitui\u00e7\u00e3o. O receio dos investidores, na verdade, \u00e9 que o epis\u00f3dio abra portas para mais interfer\u00eancias na empresa.<\/p>\n\n\n\n<p>\u201cO mercado j\u00e1 estava muito assustado desde a \u00faltima sexta-feira, com todo esse cen\u00e1rio de instabilidade, possibilidade de instaura\u00e7\u00e3o de CPI. Mas a quest\u00e3o que o mercado fica de olho mesmo \u00e9 na possibilidade de&nbsp;<strong>interven\u00e7\u00e3o pol\u00edtica nos resultados e efici\u00eancia do neg\u00f3cio da Petrobras<\/strong>\u201c, explica Lima.<\/p>\n\n\n\n<p>Idean Alves, socio e chefe da mesa de opera\u00e7\u00f5es da A\u00e7\u00e3o Investimentos, analisa que, \u201ccom a terceira mudan\u00e7a no cargo de CEO em menos de 2 anos, Roberto Castello Branco e Joaquim Silva e Luna, o s\u00f3cio majorit\u00e1rio, o Estado, deu a atender que para presidir a empresa \u00e9 preciso atender aos&nbsp;<strong>interesses do governo<\/strong>&nbsp;em rela\u00e7\u00e3o a pol\u00edtica de pre\u00e7os\u201d.<\/p>\n\n\n\n<p>\u201c\u00c9 essa<strong>&nbsp;tentativa de inger\u00eancia<\/strong>&nbsp;que o mercado est\u00e1 precificando negativamente, e colocando em d\u00favida por quanto tempo mais a governan\u00e7a da empresa vai conseguir manter a paridade internacional, o que pode implicar em repasse de custo direto para a Petrobras\u201d, acrescenta Alves.<\/p>\n\n\n\n<p>Segundo escrevam em nota, os analistas Felipe Ruppenthal e Rodrigo Diniz, da Eleven, acreditam que a ren\u00fancia do CEO da Petrobras &#8220;possa <strong>acelerar a troca de do conselho de administra\u00e7\u00e3o <\/strong>que est\u00e1 em processo e que<strong> ru\u00eddos de interfer\u00eancia governamental na estatal <\/strong>continuem prejudicando a performance da a\u00e7\u00e3o, juntamente com um cen\u00e1rio de muita incerteza sobre o grau de arrefecimento das principais economias mundiais, que est\u00e1 ocasionando a <strong>queda do pre\u00e7o do petr\u00f3leo<\/strong>.&#8221;<\/p>\n\n\n\n<figure class=\"wp-block-embed-youtube wp-block-embed is-type-video is-provider-youtube wp-embed-aspect-16-9 wp-has-aspect-ratio\"><div class=\"wp-block-embed__wrapper\">\n<iframe loading=\"lazy\" title=\"PETR4 tem negocia\u00e7\u00e3o suspensa, mas fecha em alta\" width=\"500\" height=\"281\" src=\"https:\/\/www.youtube.com\/embed\/JTFA5RMSvs8?feature=oembed\" frameborder=\"0\" allow=\"accelerometer; autoplay; clipboard-write; encrypted-media; gyroscope; picture-in-picture; web-share\" referrerpolicy=\"strict-origin-when-cross-origin\" allowfullscreen><\/iframe>\n<\/div><\/figure>\n\n\n\n<h2 class=\"wp-block-heading\">Quem \u00e9 Fernando Borges<\/h2>\n\n\n\n<p>Nomeado como presidente interino da Petrobras, Fernando Assump\u00e7\u00e3o Borges \u00e9 engenheiro civil graduado pela Universidade Federal de Uberl\u00e2ndia, com 38 anos de experi\u00eancia profissional na Petrobras, tendo ocupado diversas fun\u00e7\u00f5es gerenciais na \u00e1rea de explora\u00e7\u00e3o e produ\u00e7\u00e3o. <\/p>\n\n\n\n<p>Borges tamb\u00e9m atuou como gerente executivo na companhia, tendo ocupado inicialmente a Ger\u00eancia Executiva de Libra e tornou-se Gerente Executivo de Relacionamento Externo. De abril de 2016 a mar\u00e7o de 2020 exerceu a fun\u00e7\u00e3o de Diretor no Instituto Brasileiro de Petr\u00f3leo, G\u00e1s e Biocombust\u00edveis (IBP) e desde abril de 2016 exerce a fun\u00e7\u00e3o de Diretor da Associa\u00e7\u00e3o Brasileira de Empresas de Explora\u00e7\u00e3o e Produ\u00e7\u00e3o de Petr\u00f3leo e G\u00e1s (ABEP), por indica\u00e7\u00e3o da Petrobras.<\/p>\n\n\n\n<figure class=\"wp-block-image size-large\"><img loading=\"lazy\" decoding=\"async\" width=\"695\" height=\"479\" src=\"https:\/\/media.investnews.com.br\/uploads\/2022\/06\/fernando-borges.jpg\" alt=\"Fernando Borges\" class=\"wp-image-337678\" srcset=\"https:\/\/media.investnews.com.br\/uploads\/2022\/06\/fernando-borges.jpg 695w, https:\/\/media.investnews.com.br\/uploads\/2022\/06\/fernando-borges-300x207.jpg 300w, https:\/\/media.investnews.com.br\/uploads\/2022\/06\/fernando-borges-172x119.jpg 172w, https:\/\/media.investnews.com.br\/uploads\/2022\/06\/fernando-borges-150x103.jpg 150w\" sizes=\"auto, (max-width: 695px) 100vw, 695px\" \/><figcaption>Cr\u00e9dito: ALAOR FILHO \/ AG\u00caNCIA PETROBRAS<\/figcaption><\/figure>\n\n\n\n<p><em>*Com informa\u00e7\u00f5es da Reuters.<\/em><\/p>\n","protected":false},"excerpt":{"rendered":"<p>Fernando Borges assume como presidente interino.<\/p>\n","protected":false},"author":73,"featured_media":320346,"comment_status":"closed","ping_status":"open","sticky":false,"template":"","format":"standard","meta":{"_acf_changed":false,"inline_featured_image":false,"footnotes":""},"categories":[5],"tags":[653,21],"autor-wsj":[],"coauthors":[101284,1908],"class_list":["post-337547","post","type-post","status-publish","format-standard","has-post-thumbnail","hentry","category-economia","tag-combustiveis","tag-petrobras"],"acf":[],"amp_enabled":true,"_links":{"self":[{"href":"https:\/\/investnews.com.br\/inv-api\/wp\/v2\/posts\/337547","targetHints":{"allow":["GET"]}}],"collection":[{"href":"https:\/\/investnews.com.br\/inv-api\/wp\/v2\/posts"}],"about":[{"href":"https:\/\/investnews.com.br\/inv-api\/wp\/v2\/types\/post"}],"author":[{"embeddable":true,"href":"https:\/\/investnews.com.br\/inv-api\/wp\/v2\/users\/73"}],"replies":[{"embeddable":true,"href":"https:\/\/investnews.com.br\/inv-api\/wp\/v2\/comments?post=337547"}],"version-history":[{"count":40,"href":"https:\/\/investnews.com.br\/inv-api\/wp\/v2\/posts\/337547\/revisions"}],"predecessor-version":[{"id":337906,"href":"https:\/\/investnews.com.br\/inv-api\/wp\/v2\/posts\/337547\/revisions\/337906"}],"wp:featuredmedia":[{"embeddable":true,"href":"https:\/\/investnews.com.br\/inv-api\/wp\/v2\/media\/320346"}],"wp:attachment":[{"href":"https:\/\/investnews.com.br\/inv-api\/wp\/v2\/media?parent=337547"}],"wp:term":[{"taxonomy":"category","embeddable":true,"href":"https:\/\/investnews.com.br\/inv-api\/wp\/v2\/categories?post=337547"},{"taxonomy":"post_tag","embeddable":true,"href":"https:\/\/investnews.com.br\/inv-api\/wp\/v2\/tags?post=337547"},{"taxonomy":"autor-wsj","embeddable":true,"href":"https:\/\/investnews.com.br\/inv-api\/wp\/v2\/autor-wsj?post=337547"},{"taxonomy":"author","embeddable":true,"href":"https:\/\/investnews.com.br\/inv-api\/wp\/v2\/coauthors?post=337547"}],"curies":[{"name":"wp","href":"https:\/\/api.w.org\/{rel}","templated":true}]}}