{"id":338279,"date":"2022-06-21T18:41:51","date_gmt":"2022-06-21T21:41:51","guid":{"rendered":"https:\/\/investnews.com.br\/?p=338279"},"modified":"2024-06-24T12:03:25","modified_gmt":"2024-06-24T15:03:25","slug":"aneel-reajusta-tarifas-bom-ou-ruim-para-cmig4-e-cple6","status":"publish","type":"post","link":"https:\/\/investnews.com.br\/financas\/aneel-reajusta-tarifas-bom-ou-ruim-para-cmig4-e-cple6\/","title":{"rendered":"Aneel reajusta tarifas: bom ou ruim para CMIG4 e CPLE6?"},"content":{"rendered":"\n<p>A Aneel reajustou as tarifas de energia cobradas por Cemig e Copel, mas o percentual estipulado ficou abaixo da infla\u00e7\u00e3o. Quem ganha e quem perde com a subida de pre\u00e7os? Entenda!<\/p>\n\n\n\n<p>A Aneel estabeleceu nesta ter\u00e7a-feira (21) reajuste de 8,80% nas tarifas de energia cobradas pela Cemig, de Minas Gerais, e de 4,90% para a Copel, com atua\u00e7\u00e3o no Paran\u00e1. Os valores, por\u00e9m, s\u00e3o inferiores a infla\u00e7\u00e3o dos \u00faltimos 12 meses que foi de 11,73%. Por que o reajuste n\u00e3o acompanhou a infla\u00e7\u00e3o? O cen\u00e1rio \u00e9 positivo ou negativo para as a\u00e7\u00f5es de CMIG4 e CPLE6? Esses aumentos podem impactar ainda mais o <a href=\"https:\/\/investnews.com.br\/guias\/o-que-e-ipca\/\">IPCA<\/a> (\u00cdndice de Pre\u00e7os ao Consumidor Amplo)?<\/p>\n\n\n\n<p>O BLTM traz ainda um resumo das not\u00edcias que mexeram com o fechamento do mercado no dia com a cota\u00e7\u00e3o do d\u00f3lar e do Ibovespa hoje, al\u00e9m das a\u00e7\u00f5es que mais subiram e mais ca\u00edram. A apresenta\u00e7\u00e3o \u00e9 da jornalista Erica Martin, com coment\u00e1rios de Eduardo Perez, analista de investimentos da NuInvest.<\/p>\n\n\n\n<figure class=\"wp-block-embed-youtube wp-block-embed is-type-video is-provider-youtube wp-embed-aspect-16-9 wp-has-aspect-ratio\"><div class=\"wp-block-embed__wrapper\">\n<iframe loading=\"lazy\" title=\"Aneel reajusta tarifas: bom ou ruim para CMIG4 e CPLE6?\" width=\"500\" height=\"281\" src=\"https:\/\/www.youtube.com\/embed\/NCUuLjIH9Xg?feature=oembed\" frameborder=\"0\" allow=\"accelerometer; autoplay; clipboard-write; encrypted-media; gyroscope; picture-in-picture; web-share\" referrerpolicy=\"strict-origin-when-cross-origin\" allowfullscreen><\/iframe>\n<\/div><\/figure>\n","protected":false},"excerpt":{"rendered":"<p>A Aneel reajustou as tarifas de energia el\u00e9trica, e a medida pode ter impacto sobre as companhias do setor.<\/p>\n","protected":false},"author":53,"featured_media":338280,"comment_status":"closed","ping_status":"open","sticky":false,"template":"","format":"standard","meta":{"_acf_changed":false,"inline_featured_image":false,"footnotes":""},"categories":[4],"tags":[824],"autor-wsj":[],"coauthors":[2433],"class_list":["post-338279","post","type-post","status-publish","format-standard","has-post-thumbnail","hentry","category-financas","tag-energia"],"acf":[],"amp_enabled":true,"_links":{"self":[{"href":"https:\/\/investnews.com.br\/inv-api\/wp\/v2\/posts\/338279","targetHints":{"allow":["GET"]}}],"collection":[{"href":"https:\/\/investnews.com.br\/inv-api\/wp\/v2\/posts"}],"about":[{"href":"https:\/\/investnews.com.br\/inv-api\/wp\/v2\/types\/post"}],"author":[{"embeddable":true,"href":"https:\/\/investnews.com.br\/inv-api\/wp\/v2\/users\/53"}],"replies":[{"embeddable":true,"href":"https:\/\/investnews.com.br\/inv-api\/wp\/v2\/comments?post=338279"}],"version-history":[{"count":2,"href":"https:\/\/investnews.com.br\/inv-api\/wp\/v2\/posts\/338279\/revisions"}],"predecessor-version":[{"id":338285,"href":"https:\/\/investnews.com.br\/inv-api\/wp\/v2\/posts\/338279\/revisions\/338285"}],"wp:featuredmedia":[{"embeddable":true,"href":"https:\/\/investnews.com.br\/inv-api\/wp\/v2\/media\/338280"}],"wp:attachment":[{"href":"https:\/\/investnews.com.br\/inv-api\/wp\/v2\/media?parent=338279"}],"wp:term":[{"taxonomy":"category","embeddable":true,"href":"https:\/\/investnews.com.br\/inv-api\/wp\/v2\/categories?post=338279"},{"taxonomy":"post_tag","embeddable":true,"href":"https:\/\/investnews.com.br\/inv-api\/wp\/v2\/tags?post=338279"},{"taxonomy":"autor-wsj","embeddable":true,"href":"https:\/\/investnews.com.br\/inv-api\/wp\/v2\/autor-wsj?post=338279"},{"taxonomy":"author","embeddable":true,"href":"https:\/\/investnews.com.br\/inv-api\/wp\/v2\/coauthors?post=338279"}],"curies":[{"name":"wp","href":"https:\/\/api.w.org\/{rel}","templated":true}]}}