{"id":33833,"date":"2021-01-12T14:43:00","date_gmt":"2021-01-12T17:43:00","guid":{"rendered":"https:\/\/investnews.com.br\/?p=33833"},"modified":"2021-01-12T14:49:21","modified_gmt":"2021-01-12T17:49:21","slug":"lucro-de-2020-da-caixa-devera-ser-recorde-diz-presidente-do-banco","status":"publish","type":"post","link":"https:\/\/investnews.com.br\/negocios\/lucro-de-2020-da-caixa-devera-ser-recorde-diz-presidente-do-banco\/","title":{"rendered":"Lucro de 2020 da Caixa dever\u00e1 ser recorde, diz presidente do banco"},"content":{"rendered":"\n<p>O presidente da Caixa Econ\u00f4mica Federal, Pedro Guimar\u00e3es, afirmou nesta ter\u00e7a-feira (12), que o <a href=\"https:\/\/investnews.com.br\/negocios\/lucro-da-caixa-cresce-17-no-3o-trimestre\/\" target=\"_blank\" aria-label=\"lucro do banco (opens in a new tab)\" rel=\"noreferrer noopener\" class=\"rank-math-link\">lucro do banco<\/a> dever\u00e1 ser recorde em 2020. Em evento de 160 anos da Caixa no Pal\u00e1cio do Planalto, Guimar\u00e3es destacou a atua\u00e7\u00e3o do banco durante a pandemia da covid-19.<\/p>\n\n\n\n<p><strong>&#8220;<a href=\"https:\/\/investnews.com.br\/economia\/caixa-reduz-taxa-no-financiamento-imobiliario-para-625-e-amplia-carencia\/\" target=\"_blank\" aria-label=\"Na hora mais complexa, batemos recorde de cr\u00e9dito imobili\u00e1rio (opens in a new tab)\" rel=\"noreferrer noopener\" class=\"rank-math-link\">Na hora mais complexa, batemos recorde de cr\u00e9dito imobili\u00e1rio<\/a>&#8220;, disse ele, em refer\u00eancia \u00e0 crise do novo coronav\u00edrus.<\/strong><\/p>\n\n\n\n<p>Guimar\u00e3es ressaltou ainda a baixa taxa de inadimpl\u00eancia. <strong>&#8220;Nesse ano a gente vai ter a menor taxa de inadimpl\u00eancia dos 160 anos&#8221;, afirmou.<\/strong><\/p>\n\n\n\n<p>Pedro Guimar\u00e3es tamb\u00e9m citou medidas de mudan\u00e7a na gest\u00e3o do banco p\u00fablico, como a devolu\u00e7\u00e3o de im\u00f3veis e a venda de ativos. &#8220;Vendemos R$ 56 bilh\u00f5es em ativos e vamos fazer mais&#8221;, declarou. Em seu discurso, ele ressaltou o car\u00e1ter inclusivo do banco e a prioridade em atender a popula\u00e7\u00e3o mais humilde.<\/p>\n\n\n\n<p><strong>Veja tamb\u00e9m: <\/strong><a href=\"https:\/\/investnews.com.br\/economia\/caderneta-de-poupanca-completa-160-anos\/\" target=\"_blank\" aria-label=\"Caderneta de poupan\u00e7a completa 160 anos (opens in a new tab)\" rel=\"noreferrer noopener\" class=\"rank-math-link\">Caderneta de poupan\u00e7a completa 160 anos<\/a><\/p>\n\n\n\n<p>Ele mencionou ainda que a Caixa criou n\u00famero recorde de contas digitais durante a pandemia e conta com 30 milh\u00f5es de CPFs \u00fanicos cadastrados no <a href=\"https:\/\/investnews.com.br\/guias\/pix\/\">PIX<\/a>, meio de pagamento eletr\u00f4nico lan\u00e7ado pelo Banco Central no ano passado.<\/p>\n\n\n\n<p>&#8220;N\u00f3s estamos falando de um banco com mais 140 milh\u00f5es de contas, <a aria-label=\"um banco que no meio da pandemia construiu 105 milh\u00f5es de contas digitais (opens in a new tab)\" href=\"https:\/\/investnews.com.br\/negocios\/caixa-planeja-levar-seu-banco-digital-a-bolsa-em-6-meses\/\" target=\"_blank\" rel=\"noreferrer noopener\" class=\"rank-math-link\">um banco que no meio da pandemia construiu 105 milh\u00f5es de contas digitais<\/a>&#8220;, citou Guimar\u00e3es. &#8220;Isso foi constru\u00eddo no meio da pandemia, nenhum Pa\u00eds pagou tanto e t\u00e3o r\u00e1pido e com uma inclus\u00e3o t\u00e3o profunda como o Brasil&#8221;, disse.<\/p>\n\n\n\n<p><em>Relembre as metas de Pedro Guimar\u00e3es em 2020:<\/em><\/p>\n\n\n\n<figure class=\"wp-block-embed-youtube wp-block-embed is-type-video is-provider-youtube wp-embed-aspect-16-9 wp-has-aspect-ratio\"><div class=\"wp-block-embed__wrapper\">\n<iframe loading=\"lazy\" title=\"A Caixa n\u00e3o cometer\u00e1 erros de 10 anos atr\u00e1s, diz Pedro Guimar\u00e3es, presidente da Caixa\" width=\"500\" height=\"281\" src=\"https:\/\/www.youtube.com\/embed\/mRn3_VWyBbY?feature=oembed\" frameborder=\"0\" allow=\"accelerometer; autoplay; clipboard-write; encrypted-media; gyroscope; picture-in-picture; web-share\" referrerpolicy=\"strict-origin-when-cross-origin\" allowfullscreen><\/iframe>\n<\/div><\/figure>\n","protected":false},"excerpt":{"rendered":"<p>Guimar\u00e3es destacou o cr\u00e9dito imobili\u00e1rio como propulsor al\u00e9m da inadimpl\u00eancia no menor patamar na hist\u00f3ria do banco<\/p>\n","protected":false},"author":7,"featured_media":11290,"comment_status":"closed","ping_status":"open","sticky":false,"template":"","format":"standard","meta":{"_acf_changed":false,"inline_featured_image":false,"footnotes":""},"categories":[6],"tags":[58,74],"autor-wsj":[],"coauthors":[1494],"class_list":["post-33833","post","type-post","status-publish","format-standard","has-post-thumbnail","hentry","category-negocios","tag-caixa-economica-federal","tag-inadimplencia"],"acf":[],"amp_enabled":true,"_links":{"self":[{"href":"https:\/\/investnews.com.br\/inv-api\/wp\/v2\/posts\/33833","targetHints":{"allow":["GET"]}}],"collection":[{"href":"https:\/\/investnews.com.br\/inv-api\/wp\/v2\/posts"}],"about":[{"href":"https:\/\/investnews.com.br\/inv-api\/wp\/v2\/types\/post"}],"author":[{"embeddable":true,"href":"https:\/\/investnews.com.br\/inv-api\/wp\/v2\/users\/7"}],"replies":[{"embeddable":true,"href":"https:\/\/investnews.com.br\/inv-api\/wp\/v2\/comments?post=33833"}],"version-history":[{"count":2,"href":"https:\/\/investnews.com.br\/inv-api\/wp\/v2\/posts\/33833\/revisions"}],"predecessor-version":[{"id":34059,"href":"https:\/\/investnews.com.br\/inv-api\/wp\/v2\/posts\/33833\/revisions\/34059"}],"wp:featuredmedia":[{"embeddable":true,"href":"https:\/\/investnews.com.br\/inv-api\/wp\/v2\/media\/11290"}],"wp:attachment":[{"href":"https:\/\/investnews.com.br\/inv-api\/wp\/v2\/media?parent=33833"}],"wp:term":[{"taxonomy":"category","embeddable":true,"href":"https:\/\/investnews.com.br\/inv-api\/wp\/v2\/categories?post=33833"},{"taxonomy":"post_tag","embeddable":true,"href":"https:\/\/investnews.com.br\/inv-api\/wp\/v2\/tags?post=33833"},{"taxonomy":"autor-wsj","embeddable":true,"href":"https:\/\/investnews.com.br\/inv-api\/wp\/v2\/autor-wsj?post=33833"},{"taxonomy":"author","embeddable":true,"href":"https:\/\/investnews.com.br\/inv-api\/wp\/v2\/coauthors?post=33833"}],"curies":[{"name":"wp","href":"https:\/\/api.w.org\/{rel}","templated":true}]}}