{"id":338359,"date":"2022-06-22T09:26:25","date_gmt":"2022-06-22T12:26:25","guid":{"rendered":"https:\/\/investnews.com.br\/?p=338359"},"modified":"2022-06-22T09:28:22","modified_gmt":"2022-06-22T12:28:22","slug":"comite-avaliara-indicacao-para-presidencia-da-petrobras-na-sexta-feira","status":"publish","type":"post","link":"https:\/\/investnews.com.br\/economia\/comite-avaliara-indicacao-para-presidencia-da-petrobras-na-sexta-feira\/","title":{"rendered":"Comit\u00ea avaliar\u00e1 indica\u00e7\u00e3o para presid\u00eancia da Petrobras na sexta-feira"},"content":{"rendered":"\n<p>A <strong>Petrobras<\/strong> (<a href=\"https:\/\/investnews.com.br\/cotacao\/petr3f-petroleo-brasileiro-petrobras\/\" class=\"rank-math-link\">PETR3<\/a>, <a href=\"https:\/\/investnews.com.br\/cotacao\/petr4f-petroleo-brasileiro-petrobras\/\" class=\"rank-math-link\">PETR4<\/a>) recebeu, na tarde de ter\u00e7a-feira (21), os relat\u00f3rios necess\u00e1rios para analisar a <strong>indica\u00e7\u00e3o de Caio M\u00e1rio Paes de Andrade \u00e0 presid\u00eancia da Petrobras<\/strong>, de acordo com as regras de governan\u00e7a da companhia e a legisla\u00e7\u00e3o.<\/p>\n\n\n\n<p>Em nota, a companhia informou que, em continuidade aos fatos relevantes de segunda-feira (20), o Comit\u00ea de Elegibilidade (Celeg) marcou reuni\u00e3o para a pr\u00f3xima sexta-feira (24) \u00e0 tarde para tratar da indica\u00e7\u00e3o do novo presidente da estatal. Paes de Andrade \u00e9 atualmente secret\u00e1rio de Desburocratiza\u00e7\u00e3o do Minist\u00e9rio da Economia.<\/p>\n\n\n\n<h2 class=\"wp-block-heading\">Pedido de demiss\u00e3o<\/h2>\n\n\n\n<p>Na \u00faltima segunda-feira (20), <a class=\"rank-math-link\" href=\"https:\/\/investnews.com.br\/economia\/presidente-da-petrobras-pode-renunciar-em-meio-a-pressoes-crescentes-diz-jornal\/\">Jos\u00e9 Mauro Coelho pediu demiss\u00e3o do cargo<\/a> de presidente da empresa e renunciou ao cargo de membro do Conselho de Administra\u00e7\u00e3o da estatal.<\/p>\n\n\n\n<p>Em 23 de maio, o Minist\u00e9rio de Minas e Energia informou que o governo federal, como <a href=\"https:\/\/investnews.com.br\/guias\/acionista-o-que-e-e-como-funciona\/\">acionista<\/a> controlador da Petrobras, tinha decidido pela troca do presidente da companhia.<\/p>\n\n\n\n<p>\u00c0 \u00e9poca,\u00a0o governo anunciou\u00a0que Jos\u00e9 Mauro Coelho, que assumiu o cargo no dia 14 de abril, seria substitu\u00eddo por Caio M\u00e1rio Paes de Andrade.<\/p>\n\n\n\n<h2 class=\"wp-block-heading\">Comit\u00ea<\/h2>\n\n\n\n<p>O Comit\u00ea de Elegibilidade \u00e9 composto pelos membros do Conselho de Administra\u00e7\u00e3o e Comit\u00ea de Pessoas (Cope), Francisco Petros (presidente do Celeg) e o presidente do Celeg, Luiz Henrique Caroli; e pelos membros externos do Cope, Ana Silvia Matte e Tales Bronzato.<\/p>\n\n\n\n<p>Al\u00e9m disso, conforme previsto no Regimento Interno do Cope, o conselheiro de Administra\u00e7\u00e3o Marcelo Mesquita, eleito pelos acionistas minorit\u00e1rios detentores de <a href=\"https:\/\/investnews.com.br\/guias\/acoes-ordinarias-e-preferenciais-entenda\/\">a\u00e7\u00f5es preferenciais<\/a>, foi convidado para participar da pauta de indica\u00e7\u00e3o do novo presidente da estatal.<\/p>\n","protected":false},"excerpt":{"rendered":"<p>O governo indicou Caio M\u00e1rio Paes de Andrade para o cargo.<\/p>\n","protected":false},"author":63,"featured_media":338377,"comment_status":"closed","ping_status":"open","sticky":false,"template":"","format":"standard","meta":{"_acf_changed":false,"inline_featured_image":false,"footnotes":""},"categories":[5],"tags":[21],"autor-wsj":[],"coauthors":[2490],"class_list":["post-338359","post","type-post","status-publish","format-standard","has-post-thumbnail","hentry","category-economia","tag-petrobras"],"acf":[],"amp_enabled":true,"_links":{"self":[{"href":"https:\/\/investnews.com.br\/inv-api\/wp\/v2\/posts\/338359","targetHints":{"allow":["GET"]}}],"collection":[{"href":"https:\/\/investnews.com.br\/inv-api\/wp\/v2\/posts"}],"about":[{"href":"https:\/\/investnews.com.br\/inv-api\/wp\/v2\/types\/post"}],"author":[{"embeddable":true,"href":"https:\/\/investnews.com.br\/inv-api\/wp\/v2\/users\/63"}],"replies":[{"embeddable":true,"href":"https:\/\/investnews.com.br\/inv-api\/wp\/v2\/comments?post=338359"}],"version-history":[{"count":5,"href":"https:\/\/investnews.com.br\/inv-api\/wp\/v2\/posts\/338359\/revisions"}],"predecessor-version":[{"id":338378,"href":"https:\/\/investnews.com.br\/inv-api\/wp\/v2\/posts\/338359\/revisions\/338378"}],"wp:featuredmedia":[{"embeddable":true,"href":"https:\/\/investnews.com.br\/inv-api\/wp\/v2\/media\/338377"}],"wp:attachment":[{"href":"https:\/\/investnews.com.br\/inv-api\/wp\/v2\/media?parent=338359"}],"wp:term":[{"taxonomy":"category","embeddable":true,"href":"https:\/\/investnews.com.br\/inv-api\/wp\/v2\/categories?post=338359"},{"taxonomy":"post_tag","embeddable":true,"href":"https:\/\/investnews.com.br\/inv-api\/wp\/v2\/tags?post=338359"},{"taxonomy":"autor-wsj","embeddable":true,"href":"https:\/\/investnews.com.br\/inv-api\/wp\/v2\/autor-wsj?post=338359"},{"taxonomy":"author","embeddable":true,"href":"https:\/\/investnews.com.br\/inv-api\/wp\/v2\/coauthors?post=338359"}],"curies":[{"name":"wp","href":"https:\/\/api.w.org\/{rel}","templated":true}]}}