{"id":338995,"date":"2022-06-24T09:27:44","date_gmt":"2022-06-24T12:27:44","guid":{"rendered":"https:\/\/investnews.com.br\/?p=338995"},"modified":"2022-06-24T11:01:48","modified_gmt":"2022-06-24T14:01:48","slug":"previa-da-inflacao-ipca-15-tem-alta-de-069-em-junho-acima-do-esperado","status":"publish","type":"post","link":"https:\/\/investnews.com.br\/economia\/previa-da-inflacao-ipca-15-tem-alta-de-069-em-junho-acima-do-esperado\/","title":{"rendered":"Pr\u00e9via da infla\u00e7\u00e3o: IPCA-15 tem alta de 0,69% em junho, acima do esperado"},"content":{"rendered":"\n<p> O<strong> \u00cdndice Nacional de Pre\u00e7os ao Consumidor Amplo-15 <\/strong>(IPCA-15), considerado a pr\u00e9via da <strong>infla\u00e7\u00e3o<\/strong> oficial, subiu 0,69% em junho, sobre alta de 0,59% no m\u00eas anterior, informou o Instituto Brasileiro de Geografia e Estat\u00edstica (IBGE) nesta sexta-feira (24). <\/p>\n\n\n\n<figure class=\"wp-block-image size-large\"><img loading=\"lazy\" decoding=\"async\" width=\"895\" height=\"540\" src=\"https:\/\/media.investnews.com.br\/uploads\/2022\/06\/ipca15.png\" alt=\"\" class=\"wp-image-339030\" srcset=\"https:\/\/media.investnews.com.br\/uploads\/2022\/06\/ipca15.png 895w, https:\/\/media.investnews.com.br\/uploads\/2022\/06\/ipca15-300x181.png 300w, https:\/\/media.investnews.com.br\/uploads\/2022\/06\/ipca15-768x463.png 768w, https:\/\/media.investnews.com.br\/uploads\/2022\/06\/ipca15-172x104.png 172w, https:\/\/media.investnews.com.br\/uploads\/2022\/06\/ipca15-150x91.png 150w\" sizes=\"auto, (max-width: 895px) 100vw, 895px\" \/><figcaption>Elabora\u00e7\u00e3o: Samy Dana<\/figcaption><\/figure>\n\n\n\n<p>Pesquisa da ag\u00eancia de not\u00edcias Reuters com economistas estimava alta de 0,62% para o per\u00edodo. <\/p>\n\n\n\n<p>Com o resultado, no acumulado do ano, o IPCA-15 tem alta de 5,65% enquanto nos \u00faltimos 12 meses, a taxa desacelerou para 12,04%, abaixo dos 12,20% registrados nos 12 meses imediatamente anteriores. Em junho de 2021, o \u00edndice foi de 0,83%. <\/p>\n\n\n\n<figure class=\"wp-block-image size-large\"><img loading=\"lazy\" decoding=\"async\" width=\"895\" height=\"540\" src=\"https:\/\/media.investnews.com.br\/uploads\/2022\/06\/inflacao.png\" alt=\"\" class=\"wp-image-339041\" srcset=\"https:\/\/media.investnews.com.br\/uploads\/2022\/06\/inflacao.png 895w, https:\/\/media.investnews.com.br\/uploads\/2022\/06\/inflacao-300x181.png 300w, https:\/\/media.investnews.com.br\/uploads\/2022\/06\/inflacao-768x463.png 768w, https:\/\/media.investnews.com.br\/uploads\/2022\/06\/inflacao-172x104.png 172w, https:\/\/media.investnews.com.br\/uploads\/2022\/06\/inflacao-150x91.png 150w\" sizes=\"auto, (max-width: 895px) 100vw, 895px\" \/><figcaption>Elabora\u00e7\u00e3o: Samy Dana<\/figcaption><\/figure>\n\n\n\n<p> Segundo o IBGE, o subitem de maior influ\u00eancia na taxa de junho foi <strong>planos de sa\u00fade<\/strong>, que subiu 2,99% e representou 0,10 p.p. no resultado do m\u00eas.&nbsp;  <\/p>\n\n\n\n<p>Eduarda Korzenowski, economista da Somma Investimentos, destaca  que a infla\u00e7\u00e3o ainda tem um n\u00facleo em patamar elevado, de 0,89% a m\u00e9dia, e que o \u00edndice de difus\u00e3o tamb\u00e9m est\u00e1 alto, em 68,9%. &#8220;Esses indicadores apresentaram uma desacelera\u00e7\u00e3o em rela\u00e7\u00e3o \u00e0s ultimas leituras, mas eles ainda mostram uma composi\u00e7\u00e3o da infla\u00e7\u00e3o bastante desfavor\u00e1vel&#8221;, afirma  Korzenowski. <\/p>\n\n\n\n<p>De acordo com a economista, para os pr\u00f3ximos meses, pode haver uma queda de<strong> pre\u00e7os de combust\u00edveis<\/strong>, causada, principalmente, pelas <a href=\"https:\/\/investnews.com.br\/economia\/bolsonaro-sanciona-teto-de-icms-mas-veta-trechos-beneficos-a-estados\/\" class=\"rank-math-link\">medidas que foram aprovadas pelo governo<\/a>, mas, por outro lado, segundo  Korzenowski, os recentes <a href=\"https:\/\/investnews.com.br\/economia\/petrobras-reajusta-diesel-em-1426-e-gasolina-sobe-518\/\" class=\"rank-math-link\">reajustes de combust\u00edveis anunciados pela <strong>Petrobras<\/strong><\/a> podem fazer com que os impactos das medidas aprovadas sejam limitados. A economista da Somma Investimentos destaca ainda a press\u00e3o em servi\u00e7os, vinda do mercado de trabalho e bens industriais bastante elevados, por causa das interrup\u00e7\u00f5es nas cadeias produtivas.<\/p>\n\n\n\n<p>&#8220;De maneira geral, ainda permanece com um balan\u00e7o assim\u00e9trico, riscos mais para cima da infla\u00e7\u00e3o, mas estamos tendo revis\u00f5es para baixo, principalmente em fun\u00e7\u00e3o&nbsp; dessas pol\u00edticas que foram aprovadas pelo governo.&nbsp; A expectativa \u00e9 que tenha redu\u00e7\u00e3o da infla\u00e7\u00e3o para este ano, mas isso se transfira em infla\u00e7\u00e3o mais alta para o ano que vem. Esperamos que o <a href=\"https:\/\/investnews.com.br\/guias\/copom-taxa-selic\/\">Copom<\/a> continue elevando a <strong>Selic<\/strong>, fazendo mais uma alta de 0,5 ponto percentual na pr\u00f3xima reuni\u00e3o, e terminaria o ciclo de alta com a taxa de juros em 13,75% ao ano&#8221;, avalia Korzenowski.<\/p>\n\n\n\n<h2 class=\"wp-block-heading\">Pesos no IPCA-15<\/h2>\n\n\n\n<p> Todos os grupos de produtos e servi\u00e7os pesquisados apresentaram alta em junho. O maior impacto foi do grupo de <strong>Transportes<\/strong>, que subiu 0,84%, uma desacelera\u00e7\u00e3o em rela\u00e7\u00e3o a maio (1,80%). O grupo respondeu por 0,19 p.p. no \u00edndice geral. J\u00e1 a maior varia\u00e7\u00e3o foi do grupo Vestu\u00e1rio (1,77% e 0,08 p.p.). <\/p>\n\n\n\n<p> No lado das altas dos Transportes, destacam-se as passagens a\u00e9reas (11,36%), o seguro volunt\u00e1rio de ve\u00edculo (4,20%) e o emplacamento e licen\u00e7a (1,71%). Tamb\u00e9m subiram de pre\u00e7o as motocicletas (1,66%), os autom\u00f3veis novos (1,46%) e os autom\u00f3veis usados (0,12%). <\/p>\n\n\n\n<p> Outro destaque \u00e9 do grupo de <strong>Sa\u00fade<\/strong> e cuidados pessoais (1,27%), que contribuiu com 0,16 p.p. no \u00edndice de junho, muito por conta dos planos de sa\u00fade, que sofreram reajuste de at\u00e9 15,50% autorizado pela Ag\u00eancia Nacional de Sa\u00fade Suplementar (ANS) em 26 de maio, com vig\u00eancia a partir de maio de 2022 e cujo ciclo se encerra em abril de 2023. No grupo, influenciou tamb\u00e9m a alta de 1,38% nos produtos farmac\u00eauticos, com impacto de 0,05 p.p. no \u00edndice do m\u00eas. <\/p>\n\n\n\n<p>No grupo <strong>Habita\u00e7\u00e3o<\/strong>, que havia registrado a \u00fanica queda de maio (-3,85%), a alta de 0,66% foi puxada pela taxa de \u00e1gua e esgoto (4,29%), influenciada pelos reajustes aplicados em tr\u00eas \u00e1reas: de 20,81% em Bel\u00e9m (11,41%), a partir de 28 de maio; de 12,89% em S\u00e3o Paulo (10,99%), a partir de 10 de maio; e de 4,99% em Curitiba (4,51%), a partir de 17 de maio.<\/p>\n\n\n\n<p>Tamb\u00e9m colaborou para a alta o subitem g\u00e1s encanado (2,04%), consequ\u00eancia do reajuste de 9,16% em Curitiba (7,98%), a partir de 18 de maio, e de 5,95% no Rio de Janeiro (3,28%), a partir de 1\u00ba de maio.<\/p>\n\n\n\n<p>Ainda em Habita\u00e7\u00e3o, no lado das quedas, o destaque \u00e9<strong> energia el\u00e9trica<\/strong> (-0,68%). A partir de 16 de abril, passou a valer a bandeira verde, em que n\u00e3o h\u00e1 cobran\u00e7a adicional na conta de luz. Desde setembro de 2021, estava em vigor a bandeira Escassez H\u00eddrica, com acr\u00e9scimo de R$ 14,20 a cada 100 kWh consumidos. <\/p>\n\n\n\n<p><\/p>\n","protected":false},"excerpt":{"rendered":"<p>Com o resultado, no acumulado do ano, o \u00edndice tem alta de 5,65%; nos \u00faltimos 12 meses, a taxa desacelerou para 12,04%. <\/p>\n","protected":false},"author":7,"featured_media":296606,"comment_status":"closed","ping_status":"open","sticky":false,"template":"","format":"standard","meta":{"_acf_changed":false,"inline_featured_image":false,"footnotes":""},"categories":[5],"tags":[54,52],"autor-wsj":[],"coauthors":[1494],"class_list":["post-338995","post","type-post","status-publish","format-standard","has-post-thumbnail","hentry","category-economia","tag-ibge","tag-inflacao"],"acf":[],"amp_enabled":true,"_links":{"self":[{"href":"https:\/\/investnews.com.br\/inv-api\/wp\/v2\/posts\/338995","targetHints":{"allow":["GET"]}}],"collection":[{"href":"https:\/\/investnews.com.br\/inv-api\/wp\/v2\/posts"}],"about":[{"href":"https:\/\/investnews.com.br\/inv-api\/wp\/v2\/types\/post"}],"author":[{"embeddable":true,"href":"https:\/\/investnews.com.br\/inv-api\/wp\/v2\/users\/7"}],"replies":[{"embeddable":true,"href":"https:\/\/investnews.com.br\/inv-api\/wp\/v2\/comments?post=338995"}],"version-history":[{"count":44,"href":"https:\/\/investnews.com.br\/inv-api\/wp\/v2\/posts\/338995\/revisions"}],"predecessor-version":[{"id":339104,"href":"https:\/\/investnews.com.br\/inv-api\/wp\/v2\/posts\/338995\/revisions\/339104"}],"wp:featuredmedia":[{"embeddable":true,"href":"https:\/\/investnews.com.br\/inv-api\/wp\/v2\/media\/296606"}],"wp:attachment":[{"href":"https:\/\/investnews.com.br\/inv-api\/wp\/v2\/media?parent=338995"}],"wp:term":[{"taxonomy":"category","embeddable":true,"href":"https:\/\/investnews.com.br\/inv-api\/wp\/v2\/categories?post=338995"},{"taxonomy":"post_tag","embeddable":true,"href":"https:\/\/investnews.com.br\/inv-api\/wp\/v2\/tags?post=338995"},{"taxonomy":"autor-wsj","embeddable":true,"href":"https:\/\/investnews.com.br\/inv-api\/wp\/v2\/autor-wsj?post=338995"},{"taxonomy":"author","embeddable":true,"href":"https:\/\/investnews.com.br\/inv-api\/wp\/v2\/coauthors?post=338995"}],"curies":[{"name":"wp","href":"https:\/\/api.w.org\/{rel}","templated":true}]}}