{"id":339387,"date":"2022-06-24T19:02:40","date_gmt":"2022-06-24T22:02:40","guid":{"rendered":"https:\/\/investnews.com.br\/?p=339387"},"modified":"2022-06-24T19:02:42","modified_gmt":"2022-06-24T22:02:42","slug":"aprovacao-de-paes-de-andrade-para-petrobras-e-dada-como-certa-dizem-fontes","status":"publish","type":"post","link":"https:\/\/investnews.com.br\/economia\/aprovacao-de-paes-de-andrade-para-petrobras-e-dada-como-certa-dizem-fontes\/","title":{"rendered":"Aprova\u00e7\u00e3o de Paes de Andrade para Petrobras \u00e9 dada como certa, dizem fontes"},"content":{"rendered":"\n<p>Um clima de otimismo em rela\u00e7\u00e3o \u00e0 aprova\u00e7\u00e3o de <strong><a href=\"https:\/\/investnews.com.br\/economia\/quem-e-o-novo-presidente-da-petrobras-caio-paes-de-andrade\/\" class=\"rank-math-link\">Caio Paes de Andrade<\/a> <\/strong>como presidente da <strong>Petrobras<\/strong> (<a href=\"https:\/\/investnews.com.br\/cotacao\/\" class=\"rank-math-link\">PETR3; PETR4<\/a>) tomou conta de pessoas pr\u00f3ximas a estatal apesar de questionamentos sobre o curr\u00edculo do executivo indicado pelo governo.<\/p>\n\n\n\n<p>Quatro fontes ouvidas pela &#8220;Reuters&#8221; acreditam que at\u00e9 a semana que vem Andrade j\u00e1 estar\u00e1 na fun\u00e7\u00e3o de novo presidente da empresa, ap\u00f3s ser eleito pelo conselho de Administra\u00e7\u00e3o da Petrobras, provavelmente na pr\u00f3xima segunda-feira (27).<\/p>\n\n\n\n<h2 class=\"wp-block-heading\">Troca de comando<\/h2>\n\n\n\n<p>O governo, <a href=\"https:\/\/investnews.com.br\/guias\/acionista-o-que-e-e-como-funciona\/\">acionista<\/a> majorit\u00e1rio da estatal, pretende com a troca de comando da Petrobras uma abordagem diferente da pol\u00edtica de paridade de pre\u00e7os de combust\u00edveis da empresa, que vem causando protestos do presidente Jair Bolsonaro, candidato \u00e0 reelei\u00e7\u00e3o. Jos\u00e9 Mauro Coelho, que ficou no cargo de CEO apenas cerca de dois meses, <a href=\"https:\/\/investnews.com.br\/economia\/presidente-da-petrobras-pode-renunciar-em-meio-a-pressoes-crescentes-diz-jornal\/\" class=\"rank-math-link\">deixou a companhia no in\u00edcio da semana<\/a>.<\/p>\n\n\n\n<p>&#8220;Vai dar tudo certo, e na semana que vem come\u00e7a a gest\u00e3o dele (Andrade)&#8221;, disse \u00e0 Reuters uma alta fonte do governo na condi\u00e7\u00e3o de anonimato.<\/p>\n\n\n\n<p>Antes disso, o nome do atual secret\u00e1rio de Desburocratiza\u00e7\u00e3o, do Minist\u00e9rio da Economia, ainda precisa ser apreciado pelo Comit\u00ea de Elegibilidade (Celeg) da estatal &#8211;trata-se de um \u00f3rg\u00e3o consultivo que analisa se o indicado est\u00e1 apto para fun\u00e7\u00e3o.<\/p>\n\n\n\n<p>O comit\u00ea se re\u00fane nesta sexta-feira (24) e o parecer ser\u00e1 dado por quatro integrantes, dois deles participantes do atual conselho da Petrobras. Em caso de empate, o voto de minerva ser\u00e1 dado por um quinto membro, tamb\u00e9m conselheiro.<\/p>\n\n\n\n<p>&#8220;A expectativa \u00e9 de aprova\u00e7\u00e3o no comit\u00ea e depois no CA (Conselho de Administra\u00e7\u00e3o)&#8221;, disse uma segunda fonte.<\/p>\n\n\n\n<h2 class=\"wp-block-heading\">Entidades criticaram escolha<\/h2>\n\n\n\n<p>A Federa\u00e7\u00e3o \u00danica dos Petroleiros (FUP) e a Associa\u00e7\u00e3o Nacional dos Petroleiros Acionistas Minorit\u00e1rios da Petrobras (Anapetro) encaminharam ao Celeg e ao conselho um documento alertando que Andrade n\u00e3o se enquadraria nos pr\u00e9-requisitos previstos na Lei das Estatais e no estatuto da empresa.<\/p>\n\n\n\n<p>Na v\u00e9spera, a conselheira Ros\u00e2ngela Buzanelli chamou de &#8220;acinte&#8221; ao pa\u00eds a indica\u00e7\u00e3o de um executivo sem experi\u00eancia comprovada na ind\u00fastria de petr\u00f3leo.<\/p>\n\n\n\n<p>Inicialmente, a reuni\u00e3o do conselho para votar a indica\u00e7\u00e3o de Andrade estava marcada para esta sexta-feira, mas a tend\u00eancia \u00e9 que ela fique para o come\u00e7o da pr\u00f3xima semana.<\/p>\n\n\n\n<p>&#8220;Ainda n\u00e3o h\u00e1 convoca\u00e7\u00e3o formal, mas seria imposs\u00edvel realizar hoje (sexta-feira). Devemos analisar o material&#8221;, afirmou uma terceira fonte.<\/p>\n\n\n\n<p>&#8220;Deve ser na segunda-feira&#8221;, acrescentou uma quarta fonte, que tamb\u00e9m falou em condi\u00e7\u00e3o de sigilo.<\/p>\n\n\n\n<p>&#8220;N\u00f3s o indicamos porque temos a certeza de ser um nome preparado e dentro das normais legais&#8221;, afirmou uma fonte do governo.<\/p>\n\n\n\n<h2 class=\"wp-block-heading\">Vota\u00e7\u00e3o<\/h2>\n\n\n\n<p>A aprova\u00e7\u00e3o de Andrade como membro do conselho e a posterior nomea\u00e7\u00e3o como presidente da empresa precisa apenas de maioria simples, de acordo com as fontes, ap\u00f3s o pedido de demiss\u00e3o de Coelho ter aberto esta possibilidade.<\/p>\n\n\n\n<p>&#8220;N\u00e3o \u00e9 unanimidade. (Mas) basta maioria simples para aprovar (no conselho)&#8221;, afirmou uma fonte.<\/p>\n\n\n\n<p>&#8220;\u00c0s vezes, somente \u00e0s vezes, nos surpreendemos com o CA&#8221;, disse uma das fontes, praticamente descartando que Andrade n\u00e3o venha a ser aprovado.<\/p>\n","protected":false},"excerpt":{"rendered":"<p>Indicado ao cargo deve ser eleito pelo conselho de Administra\u00e7\u00e3o na pr\u00f3xima segunda-feira (27).<\/p>\n","protected":false},"author":61,"featured_media":338377,"comment_status":"closed","ping_status":"open","sticky":false,"template":"","format":"standard","meta":{"_acf_changed":false,"inline_featured_image":false,"footnotes":""},"categories":[5],"tags":[653,21],"autor-wsj":[],"coauthors":[2494],"class_list":["post-339387","post","type-post","status-publish","format-standard","has-post-thumbnail","hentry","category-economia","tag-combustiveis","tag-petrobras"],"acf":[],"amp_enabled":true,"_links":{"self":[{"href":"https:\/\/investnews.com.br\/inv-api\/wp\/v2\/posts\/339387","targetHints":{"allow":["GET"]}}],"collection":[{"href":"https:\/\/investnews.com.br\/inv-api\/wp\/v2\/posts"}],"about":[{"href":"https:\/\/investnews.com.br\/inv-api\/wp\/v2\/types\/post"}],"author":[{"embeddable":true,"href":"https:\/\/investnews.com.br\/inv-api\/wp\/v2\/users\/61"}],"replies":[{"embeddable":true,"href":"https:\/\/investnews.com.br\/inv-api\/wp\/v2\/comments?post=339387"}],"version-history":[{"count":2,"href":"https:\/\/investnews.com.br\/inv-api\/wp\/v2\/posts\/339387\/revisions"}],"predecessor-version":[{"id":339392,"href":"https:\/\/investnews.com.br\/inv-api\/wp\/v2\/posts\/339387\/revisions\/339392"}],"wp:featuredmedia":[{"embeddable":true,"href":"https:\/\/investnews.com.br\/inv-api\/wp\/v2\/media\/338377"}],"wp:attachment":[{"href":"https:\/\/investnews.com.br\/inv-api\/wp\/v2\/media?parent=339387"}],"wp:term":[{"taxonomy":"category","embeddable":true,"href":"https:\/\/investnews.com.br\/inv-api\/wp\/v2\/categories?post=339387"},{"taxonomy":"post_tag","embeddable":true,"href":"https:\/\/investnews.com.br\/inv-api\/wp\/v2\/tags?post=339387"},{"taxonomy":"autor-wsj","embeddable":true,"href":"https:\/\/investnews.com.br\/inv-api\/wp\/v2\/autor-wsj?post=339387"},{"taxonomy":"author","embeddable":true,"href":"https:\/\/investnews.com.br\/inv-api\/wp\/v2\/coauthors?post=339387"}],"curies":[{"name":"wp","href":"https:\/\/api.w.org\/{rel}","templated":true}]}}