{"id":339638,"date":"2022-06-27T13:05:21","date_gmt":"2022-06-27T16:05:21","guid":{"rendered":"https:\/\/investnews.com.br\/?p=339638"},"modified":"2022-06-27T13:14:39","modified_gmt":"2022-06-27T16:14:39","slug":"anapetro-protocola-denuncia-contra-eleicao-de-paes-de-andrade","status":"publish","type":"post","link":"https:\/\/investnews.com.br\/negocios\/anapetro-protocola-denuncia-contra-eleicao-de-paes-de-andrade\/","title":{"rendered":"Anapetro protocola den\u00fancia contra elei\u00e7\u00e3o de Paes de Andrade na Petrobras"},"content":{"rendered":"\n<p>A <strong>Associa\u00e7\u00e3o Nacional dos Petroleiros Acionistas Minorit\u00e1rios da Petrobras<\/strong> (Anapetro) protocolou na <strong>Comiss\u00e3o de Valores Mobili\u00e1rios<\/strong> (CVM) den\u00fancia contra a elei\u00e7\u00e3o de <a class=\"rank-math-link\" href=\"https:\/\/investnews.com.br\/economia\/quem-e-o-novo-presidente-da-petrobras-caio-paes-de-andrade\/\">Caio Paes de Andrade<\/a> para a presid\u00eancia da estatal. Em carta ao presidente do \u00f3rg\u00e3o, a associa\u00e7\u00e3o cita &#8220;ocorr\u00eancia de eventuais atos lesivos ao patrim\u00f4nio da <strong>Petrobras <\/strong>(<a rel=\"noreferrer noopener\" class=\"rank-math-link\" href=\"https:\/\/investnews.com.br\/cotacao\/petr3f-petroleo-brasileiro-petrobras\/\" target=\"_blank\">PETR3<\/a>,&nbsp;<a rel=\"noreferrer noopener\" class=\"rank-math-link\" href=\"https:\/\/investnews.com.br\/cotacao\/petr4f-petroleo-brasileiro-petrobras\/\" target=\"_blank\">PETR4<\/a>) e aos interesses de seus acionistas&#8221;.<\/p>\n\n\n\n<p>A entidade destaca que, por raz\u00f5es de <strong>compliance<\/strong>, al\u00e9m do disposto na <strong>Lei das Sociedades An\u00f4nimas<\/strong>, <strong>Lei das Estatais e ordenamento<\/strong> da <a href=\"https:\/\/investnews.com.br\/tag\/cvm\/\" class=\"rank-math-link\">CVM<\/a>, Andrade n\u00e3o pode tomar posse como presidente da Petrobras por n\u00e3o possuir requisitos legais para tal e, consequentemente, apresentar risco \u00e0 Companhia e a seus acionistas minorit\u00e1rios.<\/p>\n\n\n\n<p>&#8220;Muito preocupa a Associa\u00e7\u00e3o o atual cen\u00e1rio de instabilidade que atravessa a Petrobras, com oscila\u00e7\u00e3o no mercado de capitais sendo investigada pela Comiss\u00e3o de Valores Mobili\u00e1rios, trocas frequentes nos membros de sua gest\u00e3o e ataques sofridos pelo Congresso Nacional com declara\u00e7\u00f5es fortes como a inten\u00e7\u00e3o de se abrir uma Comiss\u00e3o Parlamentar de Inqu\u00e9rito sobre o funcionamento da Companhia&#8221;, destaca a Anapetro.<\/p>\n\n\n\n<p>Conforme a entidade, a ilegalidade da capacita\u00e7\u00e3o de Andrade fere dois requisitos legais previsto na <strong>Lei das Estatais<\/strong>: experi\u00eancia profissional e forma\u00e7\u00e3o acad\u00eamica. Este fato, afirma, poder\u00e1 ensejar a realiza\u00e7\u00e3o de a\u00e7\u00f5es por meio de acionistas minorit\u00e1rios, gerar instabilidade e oscila\u00e7\u00e3o indesejada no mercado de capitais da companhia. &#8220;Andrade n\u00e3o possui not\u00f3rio conhecimento na \u00e1rea, al\u00e9m de ser formado em comunica\u00e7\u00e3o social, sem experi\u00eancia no setor de petr\u00f3leo e energia&#8221;, destaca.<\/p>\n\n\n\n<p>A Anapetro pede que a quest\u00e3o seja analisada mediante processo administrativo a eventual ocorr\u00eancia de ilegalidade da nomea\u00e7\u00e3o de Andrade \u00e0 Presid\u00eancia da Petrobras e que sejam identificadas as irregularidades. Tamb\u00e9m pede que sejam adotadas as medidas, inclusive cautelares, no sentido de obstar a continuidade das a\u00e7\u00f5es err\u00f4neas e lesivas \u00e0 empresa.<\/p>\n","protected":false},"excerpt":{"rendered":"<p>Associa\u00e7\u00e3o Nacional dos Petroleiros Acionistas Minorit\u00e1rios da Petrobras recorre a CVM para registrar queixa contra poss\u00edvel futuro presidente da estatal brasileira. <\/p>\n","protected":false},"author":62,"featured_media":338377,"comment_status":"closed","ping_status":"open","sticky":false,"template":"","format":"standard","meta":{"_acf_changed":false,"inline_featured_image":false,"footnotes":""},"categories":[6],"tags":[],"autor-wsj":[],"coauthors":[2499],"class_list":["post-339638","post","type-post","status-publish","format-standard","has-post-thumbnail","hentry","category-negocios"],"acf":[],"amp_enabled":true,"_links":{"self":[{"href":"https:\/\/investnews.com.br\/inv-api\/wp\/v2\/posts\/339638","targetHints":{"allow":["GET"]}}],"collection":[{"href":"https:\/\/investnews.com.br\/inv-api\/wp\/v2\/posts"}],"about":[{"href":"https:\/\/investnews.com.br\/inv-api\/wp\/v2\/types\/post"}],"author":[{"embeddable":true,"href":"https:\/\/investnews.com.br\/inv-api\/wp\/v2\/users\/62"}],"replies":[{"embeddable":true,"href":"https:\/\/investnews.com.br\/inv-api\/wp\/v2\/comments?post=339638"}],"version-history":[{"count":9,"href":"https:\/\/investnews.com.br\/inv-api\/wp\/v2\/posts\/339638\/revisions"}],"predecessor-version":[{"id":339671,"href":"https:\/\/investnews.com.br\/inv-api\/wp\/v2\/posts\/339638\/revisions\/339671"}],"wp:featuredmedia":[{"embeddable":true,"href":"https:\/\/investnews.com.br\/inv-api\/wp\/v2\/media\/338377"}],"wp:attachment":[{"href":"https:\/\/investnews.com.br\/inv-api\/wp\/v2\/media?parent=339638"}],"wp:term":[{"taxonomy":"category","embeddable":true,"href":"https:\/\/investnews.com.br\/inv-api\/wp\/v2\/categories?post=339638"},{"taxonomy":"post_tag","embeddable":true,"href":"https:\/\/investnews.com.br\/inv-api\/wp\/v2\/tags?post=339638"},{"taxonomy":"autor-wsj","embeddable":true,"href":"https:\/\/investnews.com.br\/inv-api\/wp\/v2\/autor-wsj?post=339638"},{"taxonomy":"author","embeddable":true,"href":"https:\/\/investnews.com.br\/inv-api\/wp\/v2\/coauthors?post=339638"}],"curies":[{"name":"wp","href":"https:\/\/api.w.org\/{rel}","templated":true}]}}