{"id":340150,"date":"2022-06-28T13:03:10","date_gmt":"2022-06-28T16:03:10","guid":{"rendered":"https:\/\/investnews.com.br\/?p=340150"},"modified":"2022-06-28T13:03:11","modified_gmt":"2022-06-28T16:03:11","slug":"cpi-da-petrobras-teria-foco-mais-politico-do-que-tecnico","status":"publish","type":"post","link":"https:\/\/investnews.com.br\/economia\/cpi-da-petrobras-teria-foco-mais-politico-do-que-tecnico\/","title":{"rendered":"CPI da Petrobras teria foco mais pol\u00edtico do que t\u00e9cnico, diz ministro"},"content":{"rendered":"\n<p>O ministro de Minas e Energia, <strong>Adolfo Sachsida<\/strong>, disse nesta ter\u00e7a-feria (28) que uma <strong>Comiss\u00e3o Parlamentar de Inqu\u00e9rito<\/strong> (CPI) sobre a <strong>Petrobras<\/strong>\u00a0(<a rel=\"noreferrer noopener\" href=\"https:\/\/investnews.com.br\/cotacao\/petr3f-petroleo-brasileiro-petrobras\/\" target=\"_blank\">PETR3,\u00a0PETR4<\/a>) teria foco mais pol\u00edtico do que t\u00e9cnico, mas afirmou que apoiar\u00e1 eventual decis\u00e3o do Congresso de instaur\u00e1-la.<\/p>\n\n\n\n<p>&#8220;Como ministro, defendo marcos legais, seguran\u00e7a jur\u00eddica, mais previsibilidade\u2026 O que posso garantir \u00e9 que o minist\u00e9rio vai apoiar a decis\u00e3o do Congresso&#8221;, disse, durante audi\u00eancia p\u00fablica na <a href=\"https:\/\/investnews.com.br\/tag\/camara-dos-deputados\/\" class=\"rank-math-link\">C\u00e2mara dos Deputados<\/a>.<\/p>\n\n\n\n<p>Uma CPI, que geralmente \u00e9 um instrumento da oposi\u00e7\u00e3o, foi defendida pelo presidente Jair Bolsonaro, em sua disputa com o comando da estatal devido ao pre\u00e7o dos combust\u00edveis.<\/p>\n\n\n\n<p>Questionado por parlamentares qual seria o &#8220;erro&#8221; do ex-presidente da estatal, <strong>Jos\u00e9 Mauro Coelho<\/strong>, que poderia levar \u00e0 instala\u00e7\u00e3o de uma CPI, Sachsida afirmou que preferia &#8220;n\u00e3o falar de erros, mas de futuro&#8221;, citando qualidades que o levaram a indicar <a href=\"https:\/\/investnews.com.br\/economia\/petrobras-aprova-andrade-como-conselheiro-e-ceo\/\" class=\"rank-math-link\">Caio Paes de Andrade ao comando da estatal<\/a>.<\/p>\n\n\n\n<p>Andrade, que tomou posse da presid\u00eancia da Petrobras nesta ter\u00e7a-feira, tem uma trajet\u00f3ria de &#8220;sucesso&#8221; no mercado de tecnologia da informa\u00e7\u00e3o, &#8220;o mais dif\u00edcil do mundo&#8221;, disse o ministro. <\/p>\n\n\n\n<p>Segundo Sachsida, isso preparou o novo presidente para o desafio de melhorar a gest\u00e3o da estatal e torn\u00e1-la mais competitiva. Entidades ligadas aos petroleiros criticaram a falta de exper\u00eancia de Andrade no setor de \u00f3leo e g\u00e1s.<\/p>\n\n\n\n<p>Na audi\u00eancia convocada para discutir pre\u00e7os de combust\u00edveis e energia, o ministro voltou a afirmar que o governo n\u00e3o pode controlar pre\u00e7os de combust\u00edveis, como dito na semana passada, j\u00e1 que existem marcos legais que impedem interfer\u00eancias na Petrobras.<\/p>\n\n\n\n<p>Ele tamb\u00e9m ressaltou a import\u00e2ncia de medidas j\u00e1 tomadas pelo governo e pelo Congresso no sentido de aliviar a disparada dos pre\u00e7os, como o teto para a cobran\u00e7a de <a href=\"https:\/\/investnews.com.br\/guias\/o-que-e-icms\/\">ICMS<\/a> sobre combust\u00edveis e energia.<\/p>\n\n\n\n<p>Segundo Sachsida, sua pasta tem buscado formas de garantir que o impacto da redu\u00e7\u00e3o do <a href=\"https:\/\/investnews.com.br\/tag\/icms\/\" class=\"rank-math-link\">ICMS <\/a>chegue rapidamente aos consumidores. Ele afirmou que conversou com a Petrobras para acelerar uma modalidade de consigna\u00e7\u00e3o no repasse de combust\u00edvel, mas n\u00e3o detalhou o que seria.<\/p>\n\n\n\n<p>&#8220;Uma vez aprovada a redu\u00e7\u00e3o tribut\u00e1ria, isso chega mais r\u00e1pido na ponta\u2026 Estamos trabalhando junto com Petrobras, ANP, distribuidoras e autoridades do setor&#8221;, disse.<\/p>\n\n\n\n<p>Em rela\u00e7\u00e3o a novas a\u00e7\u00f5es para aliviar a alta de pre\u00e7os, Sachsida avaliou que a cria\u00e7\u00e3o de uma conta de estabiliza\u00e7\u00e3o de pre\u00e7os de combust\u00edveis alimentada por <a href=\"https:\/\/investnews.com.br\/guias\/dividendos-o-que-sao-como-funcionam\/\">dividendos<\/a> da Petrobras \u00e9 uma &#8220;ideia tecnicamente interessante&#8221;, mas que poderia gerar uma &#8220;bola de neve&#8221; ao criar instabilidade nos mercados.<\/p>\n\n\n\n<p>J\u00e1 sobre tributa\u00e7\u00e3o de lucros extraordin\u00e1rios, ele disse que &#8220;geralmente \u00e9 contra tributa\u00e7\u00e3o&#8221;, mas afirmou que \u00e9 uma proposta v\u00e1lida para discuss\u00e3o, tamb\u00e9m reiterando posi\u00e7\u00e3o de fala na semana passada.<\/p>\n\n\n\n<p>O ministro reiterou ainda ser favor\u00e1vel \u00e0 privatiza\u00e7\u00e3o da Petrobras, que, em sua leitura, geraria mais competi\u00e7\u00e3o no mercado, a exemplo do que ocorreu com a Telebras.<\/p>\n\n\n\n<p>No entanto, ele ponderou que a decis\u00e3o sobre a desestatiza\u00e7\u00e3o cabe ao presidente da Rep\u00fablica e ao Congresso, repetindo posicionamento que j\u00e1 havia externado em audi\u00eancia na C\u00e2mara na semana passada.<\/p>\n","protected":false},"excerpt":{"rendered":"<p>Comiss\u00e3o Parlamentar de Inqu\u00e9rito foi defendida pelo presidente Jair Bolsonaro, em sua disputa com o comando da estatal devido ao pre\u00e7o dos combust\u00edveis.<\/p>\n","protected":false},"author":61,"featured_media":1562,"comment_status":"closed","ping_status":"open","sticky":false,"template":"","format":"standard","meta":{"_acf_changed":false,"inline_featured_image":false,"footnotes":""},"categories":[5],"tags":[653,234,21],"autor-wsj":[],"coauthors":[2494],"class_list":["post-340150","post","type-post","status-publish","format-standard","has-post-thumbnail","hentry","category-economia","tag-combustiveis","tag-jair-bolsonaro","tag-petrobras"],"acf":[],"amp_enabled":true,"_links":{"self":[{"href":"https:\/\/investnews.com.br\/inv-api\/wp\/v2\/posts\/340150","targetHints":{"allow":["GET"]}}],"collection":[{"href":"https:\/\/investnews.com.br\/inv-api\/wp\/v2\/posts"}],"about":[{"href":"https:\/\/investnews.com.br\/inv-api\/wp\/v2\/types\/post"}],"author":[{"embeddable":true,"href":"https:\/\/investnews.com.br\/inv-api\/wp\/v2\/users\/61"}],"replies":[{"embeddable":true,"href":"https:\/\/investnews.com.br\/inv-api\/wp\/v2\/comments?post=340150"}],"version-history":[{"count":2,"href":"https:\/\/investnews.com.br\/inv-api\/wp\/v2\/posts\/340150\/revisions"}],"predecessor-version":[{"id":340152,"href":"https:\/\/investnews.com.br\/inv-api\/wp\/v2\/posts\/340150\/revisions\/340152"}],"wp:featuredmedia":[{"embeddable":true,"href":"https:\/\/investnews.com.br\/inv-api\/wp\/v2\/media\/1562"}],"wp:attachment":[{"href":"https:\/\/investnews.com.br\/inv-api\/wp\/v2\/media?parent=340150"}],"wp:term":[{"taxonomy":"category","embeddable":true,"href":"https:\/\/investnews.com.br\/inv-api\/wp\/v2\/categories?post=340150"},{"taxonomy":"post_tag","embeddable":true,"href":"https:\/\/investnews.com.br\/inv-api\/wp\/v2\/tags?post=340150"},{"taxonomy":"autor-wsj","embeddable":true,"href":"https:\/\/investnews.com.br\/inv-api\/wp\/v2\/autor-wsj?post=340150"},{"taxonomy":"author","embeddable":true,"href":"https:\/\/investnews.com.br\/inv-api\/wp\/v2\/coauthors?post=340150"}],"curies":[{"name":"wp","href":"https:\/\/api.w.org\/{rel}","templated":true}]}}