{"id":342593,"date":"2022-07-05T17:45:00","date_gmt":"2022-07-05T20:45:00","guid":{"rendered":"https:\/\/investnews.com.br\/?p=342593"},"modified":"2022-07-25T10:46:21","modified_gmt":"2022-07-25T13:46:21","slug":"ibovespa-dolar-cotacao-05-07-2022","status":"publish","type":"post","link":"https:\/\/investnews.com.br\/financas\/ibovespa-dolar-cotacao-05-07-2022\/","title":{"rendered":"D\u00f3lar fecha em alta, a R$ 5,38, com temores de recess\u00e3o; Ibovespa recua"},"content":{"rendered":"\n<p>O d\u00f3lar deu um salto nesta ter\u00e7a-feira (5) e fechou no maior patamar em mais de cinco meses, chegando a operar acima de R$ 5,40, catapultado pela busca por seguran\u00e7a que ditou alta generalizada da moeda no exterior em meio \u00e0 intensifica\u00e7\u00e3o de temores de recess\u00e3o global.<\/p>\n\n\n\n<p>O Ibovespa fechou em queda nesta sess\u00e3o, com recuo forte de <strong>Petrobras<\/strong> (<a href=\"https:\/\/investnews.com.br\/cotacao\/petr3-petr4-petrobras\/\" class=\"rank-math-link\">PETR3<\/a>, <a href=\"https:\/\/investnews.com.br\/cotacao\/petr3-petr4-petrobras\/\" class=\"rank-math-link\">PETR4<\/a>) na esteira do tombo do petr\u00f3leo no exterior, enquanto varejistas mostraram rea\u00e7\u00e3o expressiva, com <strong>Magazine Luiza<\/strong> (<a href=\"https:\/\/investnews.com.br\/cotacao\/mglu3-magazine-luiza\/\" class=\"rank-math-link\">MGLU3<\/a>) disparando mais de 11%.<\/p>\n\n\n\n<p>No dia, o d\u00f3lar subiu 1,21%, a R$ 5,3893. O Ibovespa recuou 0,32%, aos 98.294 pontos.<\/p>\n\n\n\n<ul class=\"wp-block-list\"><li><em>Cota\u00e7\u00e3o do <\/em><a href=\"https:\/\/investnews.com.br\/cotacao\/\"><em>Ibovespa hoje<\/em><\/a><\/li><li><em>Cota\u00e7\u00e3o do <\/em><a href=\"https:\/\/investnews.com.br\/cotacao\/cambio\/\" class=\"rank-math-link\"><em>d\u00f3lar hoje<\/em><\/a><\/li><li><em>Cota\u00e7\u00e3o de <\/em><a href=\"https:\/\/investnews.com.br\/cotacao\/criptomoedas\/\" class=\"rank-math-link\"><em>criptomoedas hoje<\/em><\/a><\/li><\/ul>\n\n\n\n<p>&#8220;Permanece a cautela com a possibilidade de recess\u00e3o global, diante do aperto monet\u00e1rio em curso nas principais economias&#8221;, afirmou a equipe de economia do Bradesco em relat\u00f3rio a clientes nesta ter\u00e7a-feira.<\/p>\n\n\n\n<p>Investidores est\u00e3o atentos especialmente ao movimento do banco central dos Estados Unidos. O Federal Reserve (Fed) divulga na quarta-feira a ata da \u00faltima reuni\u00e3o de seu Comit\u00ea Federal de Mercado Aberto (Fomc), quando acelerou a alta dos juros no pa\u00eds.<\/p>\n\n\n\n<p>&#8220;O Federal Reserve ainda est\u00e1 focado em reduzir a infla\u00e7\u00e3o, mesmo que precise sacrificar o ritmo de crescimento do PIB (Produto Interno Bruto) dos EUA&#8221;, afirmaram estrategistas do BTG Pactual.<\/p>\n\n\n\n<p>Tamb\u00e9m n\u00fameros do mercado de trabalho norte-americano, previstos para a sexta-feira, est\u00e3o no radar.<\/p>\n\n\n\n<p>No Brasil, agentes financeiros continuam avaliando que o risco para o cen\u00e1rio fiscal do pa\u00eds permanece elevado, com a tramita\u00e7\u00e3o da PEC dos Benef\u00edcios na C\u00e2mara dos Deputados no centro das aten\u00e7\u00f5es.<\/p>\n\n\n\n<p>O l\u00edder do governo na C\u00e2mara dos Deputados, Ricardo Barros (PP-PR), afirmou mais cedo que a inten\u00e7\u00e3o do Executivo \u00e9 votar a proposta de emenda \u00e0 Constitui\u00e7\u00e3o (PEC) na Casa da forma como passou no Senado.<\/p>\n\n\n\n<h2 class=\"wp-block-heading\">Bolsas Mundiais<\/h2>\n\n\n\n<h3 class=\"wp-block-heading\">Wall Street<\/h3>\n\n\n\n<p>O \u00edndice de refer\u00eancia S&amp;P 500 encerrou em leve alta nesta ter\u00e7a-feira, conforme investidores mantiveram o foco na trajet\u00f3ria de crescimento da economia dos Estados Unidos, enquanto o \u00edndice de tecnologia Nasdaq avan\u00e7ou.<\/p>\n\n\n\n<p>O \u00edndice S&amp;P 500 fechou em alta de 0,16%, a 3.831,39 pontos. O Dow Jones caiu 0,42%, a 30.967,82 pontos. O \u00edndice de tecnologia Nasdaq Composite avan\u00e7ou 1,75%, a 11.322,24 pontos.<\/p>\n\n\n\n<h3 class=\"wp-block-heading\">Europa<\/h3>\n\n\n\n<p>As a\u00e7\u00f5es europeias ca\u00edram acentuadamente, conforme a alta dos pre\u00e7os de energia alimentou preocupa\u00e7\u00f5es com a infla\u00e7\u00e3o, o que fez o euro afundar em meio a temores de recess\u00e3o. O \u00edndice pan-europeu STOXX 600 fechou em queda de 2,11%, a 400,68 pontos, e marcou sua pior sess\u00e3o em mais de duas semanas. As perdas foram amplas, com a\u00e7\u00f5es de petr\u00f3leo e g\u00e1s e mineradoras na lanterna. <\/p>\n\n\n\n<ul class=\"wp-block-list\"><li>Em LONDRES, o \u00edndice Financial Times recuou 2,86%, a 7.025,47 pontos.<\/li><li>Em FRANKFURT, o \u00edndice DAX caiu 2,91%, a 12.401,20 pontos.<\/li><li>Em PARIS, o \u00edndice CAC-40 perdeu 2,68%, a 5.794,96 pontos.<\/li><li>Em MIL\u00c3O, o \u00edndice Ftse\/Mib teve desvaloriza\u00e7\u00e3o de 2,99%, a 20.705,06 pontos.<\/li><li>Em MADRI, o \u00edndice Ibex-35 registrou baixa de 2,48%, a 7.959,40 pontos.<\/li><li>Em LISBOA, o \u00edndice PSI20 desvalorizou-se 2,89%, a 5.879,42 pontos.<\/li><\/ul>\n\n\n\n<h3 class=\"wp-block-heading\"><strong>\u00c1sia e Pac\u00edfico<\/strong><\/h3>\n\n\n\n<p>As a\u00e7\u00f5es da China e de Hong Kong fecharam praticamente est\u00e1veis nesta ter\u00e7a-feira, uma vez que a preocupa\u00e7\u00e3o com o agravamento da situa\u00e7\u00e3o da covid-19 compensou o otimismo com a recupera\u00e7\u00e3o da atividades de servi\u00e7os no pa\u00eds.<\/p>\n\n\n\n<ul class=\"wp-block-list\"><li>Em T\u00d3QUIO, o \u00edndice Nikkei avan\u00e7ou 1,03%, a 26.423 pontos.<\/li><li>Em HONG KONG, o \u00edndice HANG SENG subiu 0,10%, a 21.853 pontos.<\/li><li>Em XANGAI, o \u00edndice SSEC perdeu 0,04%, a 3.404 pontos.<\/li><li>O \u00edndice CSI300, que re\u00fane as maiores companhias listadas em XANGAI e SHENZHEN, retrocedeu 0,14%, a 4.489 pontos.<\/li><li>Em SEUL, o \u00edndice KOSPI teve valoriza\u00e7\u00e3o de 1,80%, a 2.341 pontos.<\/li><li>Em TAIWAN, o \u00edndice TAIEX registrou alta de 0,93%, a 14.349 pontos.<\/li><li>Em CINGAPURA, o \u00edndice STRAITS TIMES desvalorizou-se 0,52%, a 3.104 pontos.<\/li><li>Em SYDNEY o \u00edndice S&amp;P\/ASX 200 avan\u00e7ou 0,25%, a 6.629 pontos.<\/li><\/ul>\n\n\n\n<p><em>*Com informa\u00e7\u00f5es da Reuters<\/em>.<\/p>\n","protected":false},"excerpt":{"rendered":"<p>Baixa dos pap\u00e9is da Petrobras, na esteira do tombo do petr\u00f3leo no exterior, levou o indicador para o vermelho. <\/p>\n","protected":false},"author":7,"featured_media":333638,"comment_status":"closed","ping_status":"open","sticky":false,"template":"","format":"standard","meta":{"_acf_changed":false,"inline_featured_image":false,"footnotes":""},"categories":[4],"tags":[226,26],"autor-wsj":[],"coauthors":[1494],"class_list":["post-342593","post","type-post","status-publish","format-standard","has-post-thumbnail","hentry","category-financas","tag-bolsa-de-valores","tag-dolar"],"acf":[],"amp_enabled":true,"_links":{"self":[{"href":"https:\/\/investnews.com.br\/inv-api\/wp\/v2\/posts\/342593","targetHints":{"allow":["GET"]}}],"collection":[{"href":"https:\/\/investnews.com.br\/inv-api\/wp\/v2\/posts"}],"about":[{"href":"https:\/\/investnews.com.br\/inv-api\/wp\/v2\/types\/post"}],"author":[{"embeddable":true,"href":"https:\/\/investnews.com.br\/inv-api\/wp\/v2\/users\/7"}],"replies":[{"embeddable":true,"href":"https:\/\/investnews.com.br\/inv-api\/wp\/v2\/comments?post=342593"}],"version-history":[{"count":35,"href":"https:\/\/investnews.com.br\/inv-api\/wp\/v2\/posts\/342593\/revisions"}],"predecessor-version":[{"id":348622,"href":"https:\/\/investnews.com.br\/inv-api\/wp\/v2\/posts\/342593\/revisions\/348622"}],"wp:featuredmedia":[{"embeddable":true,"href":"https:\/\/investnews.com.br\/inv-api\/wp\/v2\/media\/333638"}],"wp:attachment":[{"href":"https:\/\/investnews.com.br\/inv-api\/wp\/v2\/media?parent=342593"}],"wp:term":[{"taxonomy":"category","embeddable":true,"href":"https:\/\/investnews.com.br\/inv-api\/wp\/v2\/categories?post=342593"},{"taxonomy":"post_tag","embeddable":true,"href":"https:\/\/investnews.com.br\/inv-api\/wp\/v2\/tags?post=342593"},{"taxonomy":"autor-wsj","embeddable":true,"href":"https:\/\/investnews.com.br\/inv-api\/wp\/v2\/autor-wsj?post=342593"},{"taxonomy":"author","embeddable":true,"href":"https:\/\/investnews.com.br\/inv-api\/wp\/v2\/coauthors?post=342593"}],"curies":[{"name":"wp","href":"https:\/\/api.w.org\/{rel}","templated":true}]}}